{"id":121309,"date":"2025-12-20T08:39:07","date_gmt":"2025-12-20T08:39:07","guid":{"rendered":"https:\/\/www.europesays.com\/fi\/121309\/"},"modified":"2025-12-20T08:39:07","modified_gmt":"2025-12-20T08:39:07","slug":"tutkijat-seurasivat-lasten-ruutuaikaa-vuosia-naita-varhaisia-varoitusmerkkeja-pitaa-tarkkailla","status":"publish","type":"post","link":"https:\/\/www.europesays.com\/fi\/121309\/","title":{"rendered":"Tutkijat seurasivat lasten ruutuaikaa vuosia. N\u00e4it\u00e4 varhaisia varoitusmerkkej\u00e4 pit\u00e4\u00e4 tarkkailla"},"content":{"rendered":"<p>Jotta asia tulisi hieman konkreettisemmaksi, t\u00e4ss\u00e4 Valentina Fantasian ja Joanna R\u0105czaszek-Leonardin omat vinkit:<\/p>\n<p><strong>1. Viet\u00e4 aikaa yhdess\u00e4 \u201danalogisesti\u201d<\/strong><br \/>\nSammuta puhelimet, tabletit ja televisio. Tee l\u00e4mmint\u00e4 kaakaota, ota esille kirjat, paperia ja v\u00e4rikyn\u00e4t, ja viet\u00e4 aikaa yhdess\u00e4. Sen ei tarvitse mit\u00e4\u00e4n ihmeellist\u00e4, pienetkin aktiviteetit, kuten LEGO-leikit lattialla tai kivien ker\u00e4\u00e4minen kotimatkalla, vahvistavat keskittymiskyky\u00e4 ja lapsen ja aikuisen suhdetta.<\/p>\n<p><strong>2. Selke\u00e4t s\u00e4\u00e4nn\u00f6t ruutuajalle<\/strong><br \/>\nSopikaa selke\u00e4sti, milloin, miss\u00e4 ja kuinka kauan mobiillilaitteita saa k\u00e4ytt\u00e4\u00e4 ja pit\u00e4k\u00e4\u00e4 siit\u00e4 kiinni. K\u00e4ytt\u00e4k\u00e4\u00e4 ruutuaikaa strategisesti, erityisesti silloin, kun energia on v\u00e4hiss\u00e4 ja tied\u00e4tte, ett\u00e4 on vaikea tarjota mit\u00e4\u00e4n parempaa tekemist\u00e4 juuri sill\u00e4 hetkell\u00e4.<\/p>\n<p><strong>3. Tee lapsista oman aikansa \u201domistajia\u201d<\/strong><br \/>\nAnna lapsille vaikutusvaltaa siihen, mihin he k\u00e4ytt\u00e4v\u00e4t aikansa, ja auta heit\u00e4 \u201domistamaan\u201d oma aikansa \u2013 my\u00f6s silloin, kun he leikkiv\u00e4t yksin tai k\u00e4ytt\u00e4v\u00e4t digilaitteita. Se vahvistaa itsekuria, vastuullisuutta ja luovuutta.<\/p>\n<p><strong>4. K\u00e4yt\u00e4 digilaitteita yhdess\u00e4 \u2013 harkiten<\/strong><br \/>\nKatsokaa videoita, pelatkaa pelej\u00e4 tai k\u00e4ytt\u00e4k\u00e4\u00e4 sovelluksia yhdess\u00e4 ja keskustelkaa niist\u00e4. \u201dSe antaa lapsille mahdollisuuden kehitt\u00e4\u00e4 kriittist\u00e4 ajattelua ja ymm\u00e4rt\u00e4\u00e4 tasapainoa digitaalisen ja todellisen yhdess\u00e4olon v\u00e4lill\u00e4\u201d, kirjoittaa Joanna R\u0105czaszek-Leonardi.<\/p>\n<p>Koskaan ei ole liian my\u00f6h\u00e4ist\u00e4<\/p>\n<p>Vaikka Valentina Fantasia tunnistaa tunteen, ett\u00e4 mobiililaite on perheess\u00e4 ei-toivottu vieras, h\u00e4n muistuttaa meit\u00e4 siit\u00e4, ett\u00e4 jopa ruutuajan haasteet voidaan muuttaa hy\u00f6dyksi.<\/p>\n<p>\u201dMeill\u00e4 kotona keskustelut, joita syntyy, kun puhumme s\u00e4\u00e4nn\u00f6ist\u00e4, oikeudenmukaisuudesta ja mobiililaitteiden k\u00e4yt\u00f6n merkityksest\u00e4, ovat antaneet meille arvokkaita pohdintoja suhteista ja vastuusta\u201d, tutkija sanoo.<\/p>\n<p>T\u00e4rkeint\u00e4 ei ole olla virheet\u00f6n, vaan huolehtia siit\u00e4, ett\u00e4 niit\u00e4 pieni\u00e4 hetki\u00e4, jolloin katsomme toisiamme silmiin, on arjeissa riitt\u00e4v\u00e4sti, h\u00e4n selitt\u00e4\u00e4.<\/p>\n<p>Kahden psykologin tutkimusta on kuvattu <a href=\"https:\/\/theconversation.com\/how-technology-is-reshaping-childrens-development-the-good-the-bad-and-the-unknown-268148\" target=\"_blank\" class=\"hover:font-bold\" rel=\"nofollow noopener\">The Conversation -sivustolla<\/a>.<\/p>\n","protected":false},"excerpt":{"rendered":"Jotta asia tulisi hieman konkreettisemmaksi, t\u00e4ss\u00e4 Valentina Fantasian ja Joanna R\u0105czaszek-Leonardin omat vinkit: 1. Viet\u00e4 aikaa yhdess\u00e4 \u201danalogisesti\u201d&hellip;\n","protected":false},"author":2,"featured_media":121310,"comment_status":"","ping_status":"","sticky":false,"template":"","format":"standard","meta":{"footnotes":""},"categories":[165],"tags":[33,31,30,166,32,167],"class_list":{"0":"post-121309","1":"post","2":"type-post","3":"status-publish","4":"format-standard","5":"has-post-thumbnail","7":"category-terveys","8":"tag-fi","9":"tag-finland","10":"tag-finnish","11":"tag-health","12":"tag-suomi","13":"tag-terveys"},"share_on_mastodon":{"url":"https:\/\/pubeurope.com\/@fi\/115750998073800963","error":""},"_links":{"self":[{"href":"https:\/\/www.europesays.com\/fi\/wp-json\/wp\/v2\/posts\/121309","targetHints":{"allow":["GET"]}}],"collection":[{"href":"https:\/\/www.europesays.com\/fi\/wp-json\/wp\/v2\/posts"}],"about":[{"href":"https:\/\/www.europesays.com\/fi\/wp-json\/wp\/v2\/types\/post"}],"author":[{"embeddable":true,"href":"https:\/\/www.europesays.com\/fi\/wp-json\/wp\/v2\/users\/2"}],"replies":[{"embeddable":true,"href":"https:\/\/www.europesays.com\/fi\/wp-json\/wp\/v2\/comments?post=121309"}],"version-history":[{"count":0,"href":"https:\/\/www.europesays.com\/fi\/wp-json\/wp\/v2\/posts\/121309\/revisions"}],"wp:featuredmedia":[{"embeddable":true,"href":"https:\/\/www.europesays.com\/fi\/wp-json\/wp\/v2\/media\/121310"}],"wp:attachment":[{"href":"https:\/\/www.europesays.com\/fi\/wp-json\/wp\/v2\/media?parent=121309"}],"wp:term":[{"taxonomy":"category","embeddable":true,"href":"https:\/\/www.europesays.com\/fi\/wp-json\/wp\/v2\/categories?post=121309"},{"taxonomy":"post_tag","embeddable":true,"href":"https:\/\/www.europesays.com\/fi\/wp-json\/wp\/v2\/tags?post=121309"}],"curies":[{"name":"wp","href":"https:\/\/api.w.org\/{rel}","templated":true}]}}