{"id":121313,"date":"2025-12-20T08:41:08","date_gmt":"2025-12-20T08:41:08","guid":{"rendered":"https:\/\/www.europesays.com\/fi\/121313\/"},"modified":"2025-12-20T08:41:08","modified_gmt":"2025-12-20T08:41:08","slug":"heikki-paasonen-vastoinkayminen-marita-rakas-itki-paivia","status":"publish","type":"post","link":"https:\/\/www.europesays.com\/fi\/121313\/","title":{"rendered":"Heikki Paasonen: vastoink\u00e4yminen \u2013 Marita-rakas itki p\u00e4ivi\u00e4"},"content":{"rendered":"<p>\n            Heikki ja Marita Paasonen<br \/>\n            Timo Korhonen\n        <\/p>\n<p class=\"subtitle \">Amazing Race Suomi -juontaja avautuu perheens\u00e4 taannoisesta vastoink\u00e4ymisest\u00e4.<\/p>\n<p class=\"article-content article-content-width !bg-background\">Juontajapariskunta  ja  ovat haaveilleet unelmiensa uudesta kodista jo parin vuoden ajan.<\/p>\n<p>        <a itemprop=\"url\" href=\"https:\/\/www.seiska.fi\/katso\/mia-haataja-ja-karoliina-tuominen-rikkovat-saantoja-amazing-racessa-ikavat-seuraukset\/2024997\" rel=\"nofollow noopener\" target=\"_blank\"><\/p>\n<p>\nMia Haataja ja Karoliina Tuominen\n<\/p>\n<p class=\"section-date\">\n        <strong class=\"article-section\" data-section=\"katso\"><br \/>\n            katso<br \/>\n        <\/strong><br \/>\n        18.12. 08:15\n    <\/p>\n<p>Mia Haataja ja Karoliina Tuominen rikkovat s\u00e4\u00e4nt\u00f6j\u00e4 Amazing Racessa: Ik\u00e4v\u00e4t seuraukset\n    <\/p>\n<p itemprop=\"description\" class=\"subtitle \">\n    Mokailu Amazing Race Suomessa vaikeuttaa useiden parien etenemist\u00e4 kisassa.\n<\/p>\n<p>        <\/a><\/p>\n<p class=\"article-content article-content-width !bg-background\">Katso video \u2013 Heikin vinkit Amazing Raceen:<\/p>\n<p>Tulevaisuus ahdisti<\/p>\n<p class=\"article-content article-content-width !bg-background\">Historiaa ja luonnetta uudelta kodiltaan toivonut perhe myi syyskuussa Helsingin Etu-T\u00f6\u00f6l\u00f6ss\u00e4 sijaitsevan 142-neli\u00f6isen asuntonsa.\u00a0<\/p>\n<p class=\"article-content article-content-width !bg-background\">Vuonna 2023 avioituneet Heikki ja Marita kertovat yhteisess\u00e4 Instagram-julkaisussaan l\u00f6yt\u00e4neens\u00e4 nyt uuden kodin.<\/p>\n<p class=\"article-content article-content-width !bg-background\">\u2013 K\u00e4ytiin katsomassa my\u00f6s paljon nykyp\u00e4iv\u00e4n valkoisia kuutioita, mutta aina palattiin satavuotiaiden puutalojen pariin, hyvin tiedostaen ett\u00e4 niiss\u00e4 el\u00e4minen olisi melko erilaista, Heikki kertoo.<\/p>\n<p>        <a itemprop=\"url\" href=\"https:\/\/www.seiska.fi\/katso\/historiallinen-kaanne-amazing-race-suomessa\/2019720\" rel=\"nofollow noopener\" target=\"_blank\"><\/p>\n<p>\nAmazing Race Suomi\n<\/p>\n<p class=\"section-date\">\n        <strong class=\"article-section\" data-section=\"katso\"><br \/>\n            katso<br \/>\n        <\/strong><br \/>\n        13.12. 21:00\n    <\/p>\n<p>Historiallinen k\u00e4\u00e4nne Amazing Race Suomessa\n    <\/p>\n<p itemprop=\"description\" class=\"subtitle \">\n    Yksi pari joutui j\u00e4tt\u00e4m\u00e4\u00e4n j\u00e4lleen Amazing Race Suomi -ohjelman kesken.\n<\/p>\n<p>        <\/a><\/p>\n<p class=\"article-content article-content-width !bg-background\">Paasoset kertovat ymm\u00e4rt\u00e4neens\u00e4, ettei unelmien taloa l\u00f6yd\u00e4 vain odottamalla, vaan kodinetsint\u00e4 vaatii omaa aktiivisuutta. Perhe p\u00e4\u00e4tti laittaa nykyisen kotinsa myyntiin, vaikka heill\u00e4 ei viel\u00e4 ollut tietoa seuraavasta asuinpaikasta. Kun koti lopulta meni kaupaksi, Heikin mieleen hiipi pieni ahdistus tulevaisuuden ep\u00e4varmuudesta.<\/p>\n<p>Peruuntuneet talokaupat<\/p>\n<p class=\"article-content article-content-width !bg-background\">Paasoset l\u00f6ysiv\u00e4t unelmiensa talon ja sopivat kaupasta, mutta ennen sen toteutumista talosta paljastui puutteita, joiden vuoksi kaupat peruuntuivat.<\/p>\n<p>        <a itemprop=\"url\" href=\"https:\/\/www.seiska.fi\/katso\/heikki-paasosen-marita-vaimolta-harski-lipsautus-tvssa\/1982812\" rel=\"nofollow noopener\" target=\"_blank\"><\/p>\n<p>\nHeikki Paasosen vaimo\n<\/p>\n<p class=\"section-date\">\n        <strong class=\"article-section\" data-section=\"katso\"><br \/>\n            katso<br \/>\n        <\/strong><br \/>\n        4.11. 13:15\n    <\/p>\n<p>Heikki Paasosen Marita-vaimolta h\u00e4rski lipsautus tv:ss\u00e4\n    <\/p>\n<p itemprop=\"description\" class=\"subtitle \">\n    Marita Paasosen tv-haastattelu sai hieman kaksimielisen k\u00e4\u00e4nteen.\n<\/p>\n<p>        <\/a><\/p>\n<p class=\"article-content article-content-width !bg-background\">\u2013 Marita tais itke\u00e4 sit\u00e4 kaksi p\u00e4iv\u00e4\u00e4, ja mun homma oli kertoa nelivuotiaalle, ettei p\u00e4\u00e4st\u00e4k\u00e4\u00e4n Peppi Pitk\u00e4tossun taloon, Heikki harmittelee.<\/p>\n<p class=\"article-content article-content-width !bg-background\">Perhe muutti yst\u00e4v\u00e4ns\u00e4 kalustettuun asuntoon ja suunnitteli asuvansa siin\u00e4 kes\u00e4\u00e4n saakka. Sitten vastaan tuli talo, josta he eiv\u00e4t olisi uskaltaneet edes unelmoida.<\/p>\n<p>Unelmien kotiin jouluksi<\/p>\n<p class=\"article-content article-content-width !bg-background\">Heikki kuvailee perheen uuden, yli satavuotiaan, kodin olevan kauein talo mit\u00e4 h\u00e4n on koskaan n\u00e4hnyt.<\/p>\n<p class=\"article-content article-content-width !bg-background\">\u2013 Ja mik\u00e4 parasta, sen edelliset omistajat olivat saneeranneet sen niin upeasti, ett\u00e4 t\u00e4n\u00e4\u00e4n me vaan kannettiin kamat sis\u00e4\u00e4n ilman yht\u00e4k\u00e4\u00e4n maalitelan vetoa ja vietet\u00e4\u00e4n joulu (l\u00e4hes) ilman muuttolatikoita kamat omissa kaapeissa! Heikki hehkuttaa.<\/p>\n<p>        <a itemprop=\"url\" href=\"https:\/\/www.seiska.fi\/kotimaa\/marita-paasoselta-paljastus-parisuhteesta\/2001035\" rel=\"nofollow noopener\" target=\"_blank\"><\/p>\n<p>\nMarita Paasoselta\n<\/p>\n<p class=\"section-date\">\n        <strong class=\"article-section\" data-section=\"kotimaa\"><br \/>\n            kotimaa<br \/>\n        <\/strong><br \/>\n        23.11. 10:00\n    <\/p>\n<p>Marita Paasoselta paljastus parisuhteesta\n    <\/p>\n<p itemprop=\"description\" class=\"subtitle \">\n    Marita Paasonen kirjoittaa parisuhteestaan kauniisti tuoreessa Instagram-julkaisussaan.\n<\/p>\n<p>        <\/a><\/p>\n<p class=\"article-content article-content-width !bg-background\">Julkaisussa Heikki ja Marita tuulettavat upeiden, valkoisten, kaariovien edess\u00e4.<\/p>\n<p class=\"article-content article-content-width !bg-background\">\u2013 Me saatiin t\u00e4lle s\u00e4hellysvuodelle onnellisin mahdollinen loppu!<\/p>\n<p class=\"article-content article-content-width !bg-background\">\u2013 Ja kyll\u00e4, lupaan my\u00f6s p\u00e4ivitt\u00e4\u00e4 kun l\u00e4mmitys pasahtaa, vesikatto vuotaa ja viem\u00e4ri on tukossa, ihan vaan pit\u00e4\u00e4kseni homman realistisena! Juontaja vitsailee.<\/p>\n","protected":false},"excerpt":{"rendered":"Heikki ja Marita Paasonen Timo Korhonen Amazing Race Suomi -juontaja avautuu perheens\u00e4 taannoisesta vastoink\u00e4ymisest\u00e4. Juontajapariskunta ja ovat haaveilleet&hellip;\n","protected":false},"author":2,"featured_media":121314,"comment_status":"","ping_status":"","sticky":false,"template":"","format":"standard","meta":{"footnotes":""},"categories":[130],"tags":[137,33,31,30,3565,3564,3255,98,32,21830,21831,109],"class_list":{"0":"post-121313","1":"post","2":"type-post","3":"status-publish","4":"format-standard","5":"has-post-thumbnail","7":"category-viihde","8":"tag-entertainment","9":"tag-fi","10":"tag-finland","11":"tag-finnish","12":"tag-heikki-paasonen","13":"tag-marita-paasonen","14":"tag-muutto","15":"tag-perhe","16":"tag-suomi","17":"tag-talokaupat","18":"tag-unelmakoti","19":"tag-viihde"},"share_on_mastodon":{"url":"https:\/\/pubeurope.com\/@fi\/115751006066550715","error":""},"_links":{"self":[{"href":"https:\/\/www.europesays.com\/fi\/wp-json\/wp\/v2\/posts\/121313","targetHints":{"allow":["GET"]}}],"collection":[{"href":"https:\/\/www.europesays.com\/fi\/wp-json\/wp\/v2\/posts"}],"about":[{"href":"https:\/\/www.europesays.com\/fi\/wp-json\/wp\/v2\/types\/post"}],"author":[{"embeddable":true,"href":"https:\/\/www.europesays.com\/fi\/wp-json\/wp\/v2\/users\/2"}],"replies":[{"embeddable":true,"href":"https:\/\/www.europesays.com\/fi\/wp-json\/wp\/v2\/comments?post=121313"}],"version-history":[{"count":0,"href":"https:\/\/www.europesays.com\/fi\/wp-json\/wp\/v2\/posts\/121313\/revisions"}],"wp:featuredmedia":[{"embeddable":true,"href":"https:\/\/www.europesays.com\/fi\/wp-json\/wp\/v2\/media\/121314"}],"wp:attachment":[{"href":"https:\/\/www.europesays.com\/fi\/wp-json\/wp\/v2\/media?parent=121313"}],"wp:term":[{"taxonomy":"category","embeddable":true,"href":"https:\/\/www.europesays.com\/fi\/wp-json\/wp\/v2\/categories?post=121313"},{"taxonomy":"post_tag","embeddable":true,"href":"https:\/\/www.europesays.com\/fi\/wp-json\/wp\/v2\/tags?post=121313"}],"curies":[{"name":"wp","href":"https:\/\/api.w.org\/{rel}","templated":true}]}}