{"id":121320,"date":"2025-12-20T08:45:12","date_gmt":"2025-12-20T08:45:12","guid":{"rendered":"https:\/\/www.europesays.com\/fi\/121320\/"},"modified":"2025-12-20T08:45:12","modified_gmt":"2025-12-20T08:45:12","slug":"australian-epailty-joukkoampuja-vieraili-asekaupassa-filippiineilla-ennen-ampumista-uutisia-lyhyesti","status":"publish","type":"post","link":"https:\/\/www.europesays.com\/fi\/121320\/","title":{"rendered":"Australian ep\u00e4ilty joukkoampuja vieraili asekaupassa Filippiineill\u00e4 ennen ampumista | Uutisia lyhyesti"},"content":{"rendered":"<p class=\"aw-1gybjub aw-1p7kakr kEtdKx cEmitX yle__article__paragraph\">Australiassa toinen Sydneyn viime viikkoisen joukkoampumisen ep\u00e4illyist\u00e4 vieraili asekaupassa Filippiineill\u00e4 ennen joukkoampumista. Asiasta kertoo paikallinen poliisi.<\/p>\n<p class=\"aw-1gybjub aw-1p7kakr kEtdKx cEmitX yle__article__paragraph\">Viime viikon sunnuntaina ainakin 15 ihmist\u00e4 sai surmansa ja yli 40 haavoittui joukkoampumisessa suositulla uimarannalla. Ampumisesta ep\u00e4ill\u00e4\u00e4n is\u00e4\u00e4 ja poikaa. Nuorempi ep\u00e4illyist\u00e4 kuoli poliisin luoteihin.<\/p>\n<p class=\"aw-1gybjub aw-1p7kakr kEtdKx cEmitX yle__article__paragraph\">Ampujia on tiett\u00e4v\u00e4sti motivoinut \u00e4\u00e4ri-islamistinen Isis-ideologia. Ep\u00e4illyt viettiv\u00e4t l\u00e4hes koko marraskuun Filippiineill\u00e4 saarella, jossa toimii islamistisia \u00e4\u00e4riryhmi\u00e4.<\/p>\n","protected":false},"excerpt":{"rendered":"Australiassa toinen Sydneyn viime viikkoisen joukkoampumisen ep\u00e4illyist\u00e4 vieraili asekaupassa Filippiineill\u00e4 ennen joukkoampumista. Asiasta kertoo paikallinen poliisi. Viime viikon&hellip;\n","protected":false},"author":2,"featured_media":121321,"comment_status":"","ping_status":"","sticky":false,"template":"","format":"standard","meta":{"footnotes":""},"categories":[14],"tags":[1773,804,3751,22,23,26,27,33,927,31,30,21833,17,16237,4036,24,25,28,29,15,18,21,32,19,20,56,16,40,37,59,60,61],"class_list":{"0":"post-121320","1":"post","2":"type-post","3":"status-publish","4":"format-standard","5":"has-post-thumbnail","7":"category-ulkomaat","8":"tag-ampumavalikohtaukset","9":"tag-aseelliset-konfliktit","10":"tag-australia","11":"tag-breaking-news","12":"tag-breakingnews","13":"tag-featured-news","14":"tag-featurednews","15":"tag-fi","16":"tag-filippiinit","17":"tag-finland","18":"tag-finnish","19":"tag-haavoittuminen","20":"tag-headlines","21":"tag-joukkomurha","22":"tag-kaakkois-aasia","23":"tag-latest-news","24":"tag-latestnews","25":"tag-main-news","26":"tag-mainnews","27":"tag-news","28":"tag-otsikot","29":"tag-paauutiset","30":"tag-suomi","31":"tag-top-stories","32":"tag-topstories","33":"tag-ulkomaat","34":"tag-uutiset","35":"tag-vakivalta","36":"tag-vakivaltarikokset","37":"tag-world","38":"tag-world-news","39":"tag-worldnews"},"share_on_mastodon":{"url":"","error":"Validation failed: Text character limit of 500 exceeded"},"_links":{"self":[{"href":"https:\/\/www.europesays.com\/fi\/wp-json\/wp\/v2\/posts\/121320","targetHints":{"allow":["GET"]}}],"collection":[{"href":"https:\/\/www.europesays.com\/fi\/wp-json\/wp\/v2\/posts"}],"about":[{"href":"https:\/\/www.europesays.com\/fi\/wp-json\/wp\/v2\/types\/post"}],"author":[{"embeddable":true,"href":"https:\/\/www.europesays.com\/fi\/wp-json\/wp\/v2\/users\/2"}],"replies":[{"embeddable":true,"href":"https:\/\/www.europesays.com\/fi\/wp-json\/wp\/v2\/comments?post=121320"}],"version-history":[{"count":0,"href":"https:\/\/www.europesays.com\/fi\/wp-json\/wp\/v2\/posts\/121320\/revisions"}],"wp:featuredmedia":[{"embeddable":true,"href":"https:\/\/www.europesays.com\/fi\/wp-json\/wp\/v2\/media\/121321"}],"wp:attachment":[{"href":"https:\/\/www.europesays.com\/fi\/wp-json\/wp\/v2\/media?parent=121320"}],"wp:term":[{"taxonomy":"category","embeddable":true,"href":"https:\/\/www.europesays.com\/fi\/wp-json\/wp\/v2\/categories?post=121320"},{"taxonomy":"post_tag","embeddable":true,"href":"https:\/\/www.europesays.com\/fi\/wp-json\/wp\/v2\/tags?post=121320"}],"curies":[{"name":"wp","href":"https:\/\/api.w.org\/{rel}","templated":true}]}}