{"id":121324,"date":"2025-12-20T08:47:08","date_gmt":"2025-12-20T08:47:08","guid":{"rendered":"https:\/\/www.europesays.com\/fi\/121324\/"},"modified":"2025-12-20T08:47:08","modified_gmt":"2025-12-20T08:47:08","slug":"opetushallitus-ei-halua-selkiyttaa-joulujuhlia-koskevaa-ohjeistustaan","status":"publish","type":"post","link":"https:\/\/www.europesays.com\/fi\/121324\/","title":{"rendered":"Opetushallitus ei halua selkiytt\u00e4\u00e4 joulujuhlia koskevaa ohjeistustaan"},"content":{"rendered":"<p class=\"article-body mb-nof-24 px-nof-16\">Koulujen joulujuhlat ja niiden uskonnollinen sis\u00e4lt\u00f6 on her\u00e4tt\u00e4nyt t\u00e4n\u00e4 jouluna paljon keskustelua.<\/p>\n<p class=\"article-body mb-nof-24 px-nof-16\">Viimeisimp\u00e4n\u00e4 V\u00e4\u00e4ksyn yhteiskoulun rehtori <a class=\"article-personlink\" href=\"https:\/\/www.is.fi\/haku\/?query=Jarkko%20Koponen\" rel=\"nofollow noopener\" target=\"_blank\">Jarkko Koponen<\/a> ilmoitti, ett\u00e4 koulun perinteisiin kuulunut joka kolmas vuosi j\u00e4rjestetty joulukirkkoperinne loppuu. Perinteest\u00e4 luopuminen on her\u00e4tt\u00e4nyt paljon keskustelua.<\/p>\n<p class=\"article-body mb-nof-24 px-nof-16\">Syyksi Koponen kertoi virhearvion ja sen, ett\u00e4 he ovat tulkinneet apulais\u00adoikeus\u00adasiamiehen ja perustuslaki\u00advaliokunnan ohjeistuksia.<\/p>\n<p class=\"article-body mb-nof-24 px-nof-16\">Koposen mukaan Opetushallituksen ohjeistus on selv\u00e4: Lukukauden p\u00e4\u00e4t\u00f6sjuhlan tulee olla kaikille yhteinen juhla, eik\u00e4 vaihtoehtoisia juhlia j\u00e4rjestet\u00e4.<\/p>\n<p class=\"article-body mb-nof-24 px-nof-16\">\u2013 N\u00e4in pystyt\u00e4\u00e4n tekem\u00e4\u00e4n juhla kaikille. Opetushallituksen ohjeistus on perussyy muutokseen, Koponen sanoi.<\/p>\n<p class=\"article-body mb-nof-24 px-nof-16\">S\u00e4\u00e4d\u00f6sten toimeenpanoon liittyvien m\u00e4\u00e4r\u00e4ysten, ohjeiden ja suositusten antaminen kuuluu Opetushallituksen teht\u00e4viin.<\/p>\n<p class=\"article-body mb-nof-24 px-nof-16\">Opetushallituksen ohjeistuksen mukaan kaikille oppilaille tarkoitetut juhlat eiv\u00e4t voi olla uskonnollisia tilaisuuksia, mutta juhlat voivat sis\u00e4lt\u00e4\u00e4 uskontoon viittaavia elementtej\u00e4, kuten yksitt\u00e4isi\u00e4 virsi\u00e4.<\/p>\n<p class=\"article-body mb-nof-24 px-nof-16\">Voiko joulujuhlan j\u00e4rjest\u00e4\u00e4 kirkossa, Opetushallituksen opetusneuvos <a class=\"article-personlink article-strong\" href=\"https:\/\/www.is.fi\/haku\/?query=Jaakko%20Jekunen\" rel=\"nofollow noopener\" target=\"_blank\">Jaakko Jekunen<\/a>?<\/p>\n<p class=\"article-body mb-nof-24 px-nof-16\">\u2013 Juhlat ovat kaikille tarkoitettuja yhteisi\u00e4 tapahtumia ja osa opetusta, johon oppilaiden ja opiskelijoiden pit\u00e4\u00e4 osallistua. Opetushallitus korostaa, ett\u00e4 pit\u00e4isi tarkastella juhlan k\u00e4yt\u00e4nn\u00f6n j\u00e4rjest\u00e4mist\u00e4 kokonaisuutena ja pyrki\u00e4 takaamaan, ett\u00e4 kaikki pystyv\u00e4t osallistumaan uskonnon ja omantunnon vapauden turvaamalla tavalla.<\/p>\n<p class=\"article-body mb-nof-24 px-nof-16\">Jekunen jatkaa heti per\u00e4\u00e4n, ett\u00e4 perustuslaki\u00advaliokunta on mietinn\u00f6ss\u00e4\u00e4n vuodelta 2021, linjannut ett\u00e4 joulujuhlan j\u00e4rjest\u00e4minen kirkossa ei sellaisenaan tee tilaisuudesta tai sen sis\u00e4ll\u00f6st\u00e4 uskonnon harjoittamista.<\/p>\n<p class=\"article-body mb-nof-24 px-nof-16\">Eli kirkko ei ole paikkana ongelmallinen joulujuhlien j\u00e4rjest\u00e4miselle?<\/p>\n<p class=\"article-body mb-nof-24 px-nof-16\">\u2013 No tosiaan perustuslakivaliokunta mietinn\u00f6ss\u00e4\u00e4n linjasi, ett\u00e4 koulun juhlan j\u00e4rjest\u00e4minen kirkossa ei sellaisenaan tee siit\u00e4 uskonnollista tilaisuutta.<\/p>\n<p class=\"article-body mb-nof-24 px-nof-16\">Mutta jos menn\u00e4\u00e4n kokonaisharkintaan, perustuslaki\u00advaliokunta kiinnitti huomiota my\u00f6s siihen, ett\u00e4 tulee tarkastella kokonaisuutta ja ottaa huomioon, millaista sis\u00e4lt\u00f6\u00e4 siell\u00e4 voidaan sis\u00e4llytt\u00e4\u00e4 siihen tilaisuuteen, h\u00e4n sanoo. N\u00e4in siksi ett\u00e4 tilaisuus varmasti pysyy koulun yhteisen\u00e4 juhlana, johon kaikki voivat osallistua uskonnon ja omantunnon vapauden turvaamalla tavalla yhdenvertaisesti.<\/p>\n<p class=\"article-body mb-nof-24 px-nof-16\">Eli, jos joulujuhla on kirkossa ja siell\u00e4 on esimerkiksi tonttutanssi ja lauletaan ei uskonnollisia joululauluja niin se on okei? <\/p>\n<p class=\"article-body mb-nof-24 px-nof-16\">\u2013 Opetushallitus korostaa huolellista harkintaa kokonaisuuden tarkastelussa. Sin\u00e4ns\u00e4 ei ole mahdollista antaa yleisp\u00e4tev\u00e4\u00e4 ja yksityiskohtaista m\u00e4\u00e4ritelm\u00e4\u00e4 tai esimerkki\u00e4 niille uskonnollisille elementeille tai niiden lukum\u00e4\u00e4r\u00e4lle, jotka sitten ovat ok. En pysty yksitt\u00e4ist\u00e4 esimerkki\u00e4 antamaan tai kommentoimaan.<\/p>\n<p class=\"article-body mb-nof-24 px-nof-16\">T\u00e4ss\u00e4 tulee sellainen olo, ett\u00e4 on melko ymm\u00e4rrett\u00e4v\u00e4\u00e4, ett\u00e4 koulut ovat v\u00e4h\u00e4n hukassa sen kanssa, mit\u00e4 voi j\u00e4rjest\u00e4\u00e4 ja mit\u00e4 ei voi tehd\u00e4, kun t\u00e4h\u00e4n on niin vaikea ottaa kantaa.<\/p>\n<p class=\"article-body mb-nof-24 px-nof-16\">\u2013 Opetushallitus on julkaissut juhlia k\u00e4sittelev\u00e4t ohjeet perusopetukseen ja lukioon vuonna 2022 ja siell\u00e4 yleisell\u00e4 tasolla kuvataan linjauksia ja paikallisesti koulut p\u00e4\u00e4tt\u00e4v\u00e4t, millaiset juhlat j\u00e4rjest\u00e4v\u00e4t. Me emme pysty meid\u00e4n ohjeita yksityiskohtaisemmalla tavalla t\u00e4h\u00e4n paikalliseen ratkaisuun ottamaan kantaa.<\/p>\n<p class=\"article-body mb-nof-24 px-nof-16\">Eik\u00f6 se ole Opetushallituksen teht\u00e4v\u00e4 antaa neuvoja annetuista ohjeista? <\/p>\n<p class=\"article-body mb-nof-24 px-nof-16\">\u2013 Me olemme pyrkineet n\u00e4ill\u00e4 meid\u00e4n ohjeilla antamaan ohjeistusta.<\/p>\n<p class=\"article-body mb-nof-24 px-nof-16\">Voiko koulu tehd\u00e4 niin, ett\u00e4 osa menee kirkkoon ja muille j\u00e4rjestet\u00e4\u00e4n vaihtoehtoista ohjelmaa?<\/p>\n<p class=\"article-body mb-nof-24 px-nof-16\">\u2013 Yhteiset juhlat ovat kaikille tarkoitettuja. Tarvittaessa kuitenkin perusopetuksessa huoltajan kanssa ja lukiossa opiskelijan kanssa heid\u00e4n toivomuksestaan voidaan tehd\u00e4 yksil\u00f6llisi\u00e4 j\u00e4rjestelyj\u00e4 juhliin liittyen.<\/p>\n<p class=\"article-body mb-nof-24 px-nof-16\">Yksitt\u00e4isille uskonnollisille elementeille ei Jekusen mukaan tarvitse j\u00e4rjest\u00e4\u00e4 korvaavaa ohjelmaa tai toimintaa, mutta on mahdollista on ottaa huomioon toiveet. Esimerkiksi siirty\u00e4 johonkin toiseen tilaan yksitt\u00e4isen ohjelman osuuden ajaksi. L\u00e4ht\u00f6kohtaisesi kuitenkin n\u00e4m\u00e4 juhlat on tarkoitettu kaikille oppilaille ja opiskelijoille, h\u00e4n sanoo.<\/p>\n<p class=\"article-body mb-nof-24 px-nof-16\">Eli voiko osa menn\u00e4 kirkkoon ja osa j\u00e4\u00e4d\u00e4 koululle?<\/p>\n<p class=\"article-body mb-nof-24 px-nof-16\">\u2013 Paikallinen ratkaisu. En halua ottaa yleisell\u00e4 tasolla kantaa siihen.<\/p>\n<p class=\"article-body mb-nof-24 px-nof-16\">Opetushallitus ei voi sanoa voiko n\u00e4in tehd\u00e4 vai ei?<\/p>\n<p class=\"article-body mb-nof-24 px-nof-16\">Jekunen toistaa edell\u00e4 mainittuja asioita uudelleen.<\/p>\n","protected":false},"excerpt":{"rendered":"Koulujen joulujuhlat ja niiden uskonnollinen sis\u00e4lt\u00f6 on her\u00e4tt\u00e4nyt t\u00e4n\u00e4 jouluna paljon keskustelua. Viimeisimp\u00e4n\u00e4 V\u00e4\u00e4ksyn yhteiskoulun rehtori Jarkko Koponen&hellip;\n","protected":false},"author":2,"featured_media":121325,"comment_status":"","ping_status":"","sticky":false,"template":"","format":"standard","meta":{"footnotes":""},"categories":[5],"tags":[22,23,26,27,33,31,30,17,34,24,25,28,29,15,18,21,32,19,20,16],"class_list":{"0":"post-121324","1":"post","2":"type-post","3":"status-publish","4":"format-standard","5":"has-post-thumbnail","7":"category-otsikot","8":"tag-breaking-news","9":"tag-breakingnews","10":"tag-featured-news","11":"tag-featurednews","12":"tag-fi","13":"tag-finland","14":"tag-finnish","15":"tag-headlines","16":"tag-ilta-sanomat","17":"tag-latest-news","18":"tag-latestnews","19":"tag-main-news","20":"tag-mainnews","21":"tag-news","22":"tag-otsikot","23":"tag-paauutiset","24":"tag-suomi","25":"tag-top-stories","26":"tag-topstories","27":"tag-uutiset"},"share_on_mastodon":{"url":"https:\/\/pubeurope.com\/@fi\/115751029629242214","error":""},"_links":{"self":[{"href":"https:\/\/www.europesays.com\/fi\/wp-json\/wp\/v2\/posts\/121324","targetHints":{"allow":["GET"]}}],"collection":[{"href":"https:\/\/www.europesays.com\/fi\/wp-json\/wp\/v2\/posts"}],"about":[{"href":"https:\/\/www.europesays.com\/fi\/wp-json\/wp\/v2\/types\/post"}],"author":[{"embeddable":true,"href":"https:\/\/www.europesays.com\/fi\/wp-json\/wp\/v2\/users\/2"}],"replies":[{"embeddable":true,"href":"https:\/\/www.europesays.com\/fi\/wp-json\/wp\/v2\/comments?post=121324"}],"version-history":[{"count":0,"href":"https:\/\/www.europesays.com\/fi\/wp-json\/wp\/v2\/posts\/121324\/revisions"}],"wp:featuredmedia":[{"embeddable":true,"href":"https:\/\/www.europesays.com\/fi\/wp-json\/wp\/v2\/media\/121325"}],"wp:attachment":[{"href":"https:\/\/www.europesays.com\/fi\/wp-json\/wp\/v2\/media?parent=121324"}],"wp:term":[{"taxonomy":"category","embeddable":true,"href":"https:\/\/www.europesays.com\/fi\/wp-json\/wp\/v2\/categories?post=121324"},{"taxonomy":"post_tag","embeddable":true,"href":"https:\/\/www.europesays.com\/fi\/wp-json\/wp\/v2\/tags?post=121324"}],"curies":[{"name":"wp","href":"https:\/\/api.w.org\/{rel}","templated":true}]}}