{"id":121326,"date":"2025-12-20T08:48:09","date_gmt":"2025-12-20T08:48:09","guid":{"rendered":"https:\/\/www.europesays.com\/fi\/121326\/"},"modified":"2025-12-20T08:48:09","modified_gmt":"2025-12-20T08:48:09","slug":"seitseman-norsua-kuoli-junaonnettomuudessa-intiassa","status":"publish","type":"post","link":"https:\/\/www.europesays.com\/fi\/121326\/","title":{"rendered":"Seitsem\u00e4n norsua kuoli junaonnettomuudessa Intiassa"},"content":{"rendered":"<p>Veturi ja viisi vaunua suistuivat raiteilta.<\/p>\n<p class=\"article-body mb-nof-24 px-nof-16\">Seitsem\u00e4n norsua on kuollut ja yksi loukkaantunut onnettomuudessa Intiassa, kertoo uutistoimisto Reuters.<\/p>\n<p class=\"article-body mb-nof-24 px-nof-16\">Paikallisen poliisip\u00e4\u00e4llik\u00f6n mukaan Delhiin matkalla ollut juna t\u00f6rm\u00e4si norsulaumaan varhain lauantaiaamuna maan koillisosassa Assamin osavaltiossa.<\/p>\n<p class=\"article-body mb-nof-24 px-nof-16\">Northeast Frontier Railwayn tiedotteessa kerrotaan, ett\u00e4 onnettomuuspaikalla ei ollut norsuk\u00e4yt\u00e4v\u00e4\u00e4, jota pitkin el\u00e4imet voivat liikkua turvallisesti.<\/p>\n<p class=\"article-body mb-nof-24 px-nof-16\">Junayhti\u00f6n mukaan veturinkuljettaja k\u00e4ytti h\u00e4t\u00e4jarrua n\u00e4hdess\u00e4\u00e4n lauman, mutta norsut rynt\u00e4siv\u00e4t junaa kohti.<\/p>\n<p class=\"article-body mb-nof-24 px-nof-16\">Veturi ja viisi vaunua suistuivat onnettomuudessa raiteilta. Henkil\u00f6vahingoilta v\u00e4ltyttiin.<\/p>\n","protected":false},"excerpt":{"rendered":"Veturi ja viisi vaunua suistuivat raiteilta. Seitsem\u00e4n norsua on kuollut ja yksi loukkaantunut onnettomuudessa Intiassa, kertoo uutistoimisto Reuters.&hellip;\n","protected":false},"author":2,"featured_media":121327,"comment_status":"","ping_status":"","sticky":false,"template":"","format":"standard","meta":{"footnotes":""},"categories":[117],"tags":[33,31,30,34,72,476,118,32,119,477],"class_list":{"0":"post-121326","1":"post","2":"type-post","3":"status-publish","4":"format-standard","5":"has-post-thumbnail","7":"category-luonto","8":"tag-fi","9":"tag-finland","10":"tag-finnish","11":"tag-ilta-sanomat","12":"tag-luonto","13":"tag-nature","14":"tag-science","15":"tag-suomi","16":"tag-tiede","17":"tag-wildlife"},"share_on_mastodon":{"url":"https:\/\/pubeurope.com\/@fi\/115751033416185321","error":""},"_links":{"self":[{"href":"https:\/\/www.europesays.com\/fi\/wp-json\/wp\/v2\/posts\/121326","targetHints":{"allow":["GET"]}}],"collection":[{"href":"https:\/\/www.europesays.com\/fi\/wp-json\/wp\/v2\/posts"}],"about":[{"href":"https:\/\/www.europesays.com\/fi\/wp-json\/wp\/v2\/types\/post"}],"author":[{"embeddable":true,"href":"https:\/\/www.europesays.com\/fi\/wp-json\/wp\/v2\/users\/2"}],"replies":[{"embeddable":true,"href":"https:\/\/www.europesays.com\/fi\/wp-json\/wp\/v2\/comments?post=121326"}],"version-history":[{"count":0,"href":"https:\/\/www.europesays.com\/fi\/wp-json\/wp\/v2\/posts\/121326\/revisions"}],"wp:featuredmedia":[{"embeddable":true,"href":"https:\/\/www.europesays.com\/fi\/wp-json\/wp\/v2\/media\/121327"}],"wp:attachment":[{"href":"https:\/\/www.europesays.com\/fi\/wp-json\/wp\/v2\/media?parent=121326"}],"wp:term":[{"taxonomy":"category","embeddable":true,"href":"https:\/\/www.europesays.com\/fi\/wp-json\/wp\/v2\/categories?post=121326"},{"taxonomy":"post_tag","embeddable":true,"href":"https:\/\/www.europesays.com\/fi\/wp-json\/wp\/v2\/tags?post=121326"}],"curies":[{"name":"wp","href":"https:\/\/api.w.org\/{rel}","templated":true}]}}