{"id":121348,"date":"2025-12-20T09:32:10","date_gmt":"2025-12-20T09:32:10","guid":{"rendered":"https:\/\/www.europesays.com\/fi\/121348\/"},"modified":"2025-12-20T09:32:10","modified_gmt":"2025-12-20T09:32:10","slug":"nuoret-leijonat-voittoon-saksasta-viela-ennen-mm-avausta-vastassa-yhdysvallat-urheilua-lyhyesti","status":"publish","type":"post","link":"https:\/\/www.europesays.com\/fi\/121348\/","title":{"rendered":"Nuoret Leijonat voittoon Saksasta \u2013 viel\u00e4 ennen MM-avausta vastassa Yhdysvallat | Urheilua lyhyesti"},"content":{"rendered":"<p class=\"aw-1gybjub aw-5vja16 kEtdKx kmuxyA yle__article__paragraph\">Nuorten Leijonien MM-turnaus alkaa heti joulun j\u00e4lkeen Minneapolisissa ja St. Paulissa  <\/p>\n<p><img decoding=\"async\" alt=\"Oliver Suvanto voi yll\u00e4tt\u00e4\u00e4 suomalaiskatsojat, uskoo Ismo Lehkonen. \" src=\"https:\/\/www.europesays.com\/fi\/wp-content\/uploads\/2025\/12\/39-157077469415436c6733.jpeg\" class=\"aw-1l9m598 hKVVvP\"\/><\/p>\n<p>Avaa kuvien katselu<\/p>\n<p>Oliver Suvanto Tapparan v\u00e4reiss\u00e4. Kuva: Tomi Natri \/ All Over Press<\/p>\n<p class=\"aw-1gybjub aw-1p7kakr kEtdKx cEmitX yle__article__paragraph\">Suomen alle 20-vuotiaiden miesten j\u00e4\u00e4kiekkomaajoukkue voitti Saksan maalein 7-3 MM-leirin avausottelussa Yhdysvaltojen Duluthissa.<\/p>\n<p class=\"aw-1gybjub aw-1p7kakr kEtdKx cEmitX yle__article__paragraph\">Nuorilla Leijonilla riitti laajasti onnistujia lauantain vastaisena y\u00f6n\u00e4 Suomen aikaa, kun maalintekij\u00f6in\u00e4 kunnostautuivat <strong class=\"aw-ak79eh KyCXm yle__article__strong\">Oliver Suvanto<\/strong>, <strong class=\"aw-ak79eh KyCXm yle__article__strong\">Joona Saarelainen<\/strong>, <strong class=\"aw-ak79eh KyCXm yle__article__strong\">Heikki Ruohonen<\/strong>, <strong class=\"aw-ak79eh KyCXm yle__article__strong\">Lasse Boelius<\/strong>, <strong class=\"aw-ak79eh KyCXm yle__article__strong\">Matias Vanhanen<\/strong>, <strong class=\"aw-ak79eh KyCXm yle__article__strong\">Jasper Kuhta<\/strong> ja <strong class=\"aw-ak79eh KyCXm yle__article__strong\">Max Westerg\u00e5rd<\/strong>.<\/p>\n<p class=\"aw-1gybjub aw-1p7kakr kEtdKx cEmitX yle__article__paragraph\">\u2013 Olimme v\u00e4h\u00e4n varovaisia ensimm\u00e4isess\u00e4 er\u00e4ss\u00e4 puolustussuuntaan, mutta hy\u00f6kk\u00e4yssuuntaan olimme tehokkaita. Teimme nelj\u00e4 maalia. Oli jo ihan hyvi\u00e4 hy\u00f6kk\u00e4ysp\u00e4\u00e4n juttuja, mutta puolustussuuntaan annoimme Saksalle liikaa tilaa. Sitten he pystyiv\u00e4t tekem\u00e4\u00e4n pari maalia, Suomen p\u00e4\u00e4valmentaja <strong class=\"aw-ak79eh KyCXm yle__article__strong\">Lauri Mikkola<\/strong> summasi STT:lle \u00e4\u00e4niviestitse.<\/p>\n<p class=\"aw-1gybjub aw-1p7kakr kEtdKx cEmitX yle__article__paragraph\">\u2013 Toinen er\u00e4 oli meilt\u00e4 selke\u00e4sti parempi, ja l\u00f6ysimme v\u00e4h\u00e4n paremmin yhteisen rytmin hy\u00f6k\u00e4t\u00e4. Ei hosuttu niin paljon. Pystyimme puolustamaan aika tasapainoisesti. Sama jatkui kolmannessa er\u00e4ss\u00e4. Pelinhallinta oli meill\u00e4 l\u00e4pi ottelun. Puolustus- ja hy\u00f6kk\u00e4ysrytmit paranivat vain entisest\u00e4\u00e4n, p\u00e4\u00e4valmentaja jatkoi.<\/p>\n<p class=\"aw-1gybjub aw-1p7kakr kEtdKx cEmitX yle__article__paragraph\">Paikallisen sanomalehden Duluth News Tribunen mukaan Suomen maalivahti <strong class=\"aw-ak79eh KyCXm yle__article__strong\">Kim Saarinen<\/strong> torjui 14 laukausta. Saksan Linus Vieillard pys\u00e4ytti kiekon 22 kertaa.<\/p>\n<p>Seuraavaksi vastaan Yhdysvallat<\/p>\n<p class=\"aw-1gybjub aw-1p7kakr kEtdKx cEmitX yle__article__paragraph\">Nuoret Leijonat kohtaa harjoitusottelussa viel\u00e4 Yhdysvallat 23. joulukuuta paikallista aikaa ennen kuin lopullinen MM-joukkue vahvistetaan.<\/p>\n<p class=\"aw-1gybjub aw-1p7kakr kEtdKx cEmitX yle__article__paragraph\">P\u00e4\u00e4valmentaja Mikkolan mukaan jo Saksa-ottelu oli arvokas kokemus.<\/p>\n<p class=\"aw-1gybjub aw-1p7kakr kEtdKx cEmitX yle__article__paragraph\">\u2013 Saimme hyv\u00e4\u00e4 materiaalia. Meill\u00e4 on paljon hommia edess\u00e4. Muutama p\u00e4iv\u00e4 treeni\u00e4 ja sitten pelaamme jenkkej\u00e4 vastaan.<\/p>\n<p class=\"aw-1gybjub aw-1p7kakr kEtdKx cEmitX yle__article__paragraph\">Euroopassa sarjapelej\u00e4 kiekkoilevat Suomen joukkueen pelaajat matkustivat rapakon taakse maanantaina, joten tehokas harjoitusaika ennen Saksa-ottelua j\u00e4i lyhyeksi.<\/p>\n<p class=\"aw-1gybjub aw-1p7kakr kEtdKx cEmitX yle__article__paragraph\">\u2013 J\u00e4tkill\u00e4 on pitk\u00e4 syksy takana, jetlag ja matkustamista. Saimme alle pari hyv\u00e4\u00e4 treeni\u00e4. T\u00e4st\u00e4 on hyv\u00e4 jatkaa, Mikkola tuumi.<\/p>\n<p class=\"aw-1gybjub aw-1p7kakr kEtdKx cEmitX yle__article__paragraph\">Minneapolisissa ja St. Paulissa pelattavat MM-kilpailut alkavat tapaninp\u00e4iv\u00e4n\u00e4. Suomi kohtaa alkusarjassa Tanskan, Latvian, Tshekin ja Kanadan.<\/p>\n","protected":false},"excerpt":{"rendered":"Nuorten Leijonien MM-turnaus alkaa heti joulun j\u00e4lkeen Minneapolisissa ja St. Paulissa Avaa kuvien katselu Oliver Suvanto Tapparan v\u00e4reiss\u00e4.&hellip;\n","protected":false},"author":2,"featured_media":121349,"comment_status":"","ping_status":"","sticky":false,"template":"","format":"standard","meta":{"footnotes":""},"categories":[158],"tags":[33,31,30,1143,1146,21837,159,2126,4686,32,160,619],"class_list":{"0":"post-121348","1":"post","2":"type-post","3":"status-publish","4":"format-standard","5":"has-post-thumbnail","7":"category-urheilu","8":"tag-fi","9":"tag-finland","10":"tag-finnish","11":"tag-jaakiekko","12":"tag-miesten-jaakiekko","13":"tag-nuoret-leijonat","14":"tag-sports","15":"tag-suomen-alle-20-vuotiaiden-jaakiekkomaajoukkue","16":"tag-suomen-jaakiekko","17":"tag-suomi","18":"tag-urheilu","19":"tag-yhdysvallat"},"share_on_mastodon":{"url":"https:\/\/pubeurope.com\/@fi\/115751206808157874","error":""},"_links":{"self":[{"href":"https:\/\/www.europesays.com\/fi\/wp-json\/wp\/v2\/posts\/121348","targetHints":{"allow":["GET"]}}],"collection":[{"href":"https:\/\/www.europesays.com\/fi\/wp-json\/wp\/v2\/posts"}],"about":[{"href":"https:\/\/www.europesays.com\/fi\/wp-json\/wp\/v2\/types\/post"}],"author":[{"embeddable":true,"href":"https:\/\/www.europesays.com\/fi\/wp-json\/wp\/v2\/users\/2"}],"replies":[{"embeddable":true,"href":"https:\/\/www.europesays.com\/fi\/wp-json\/wp\/v2\/comments?post=121348"}],"version-history":[{"count":0,"href":"https:\/\/www.europesays.com\/fi\/wp-json\/wp\/v2\/posts\/121348\/revisions"}],"wp:featuredmedia":[{"embeddable":true,"href":"https:\/\/www.europesays.com\/fi\/wp-json\/wp\/v2\/media\/121349"}],"wp:attachment":[{"href":"https:\/\/www.europesays.com\/fi\/wp-json\/wp\/v2\/media?parent=121348"}],"wp:term":[{"taxonomy":"category","embeddable":true,"href":"https:\/\/www.europesays.com\/fi\/wp-json\/wp\/v2\/categories?post=121348"},{"taxonomy":"post_tag","embeddable":true,"href":"https:\/\/www.europesays.com\/fi\/wp-json\/wp\/v2\/tags?post=121348"}],"curies":[{"name":"wp","href":"https:\/\/api.w.org\/{rel}","templated":true}]}}