{"id":121354,"date":"2025-12-20T09:37:11","date_gmt":"2025-12-20T09:37:11","guid":{"rendered":"https:\/\/www.europesays.com\/fi\/121354\/"},"modified":"2025-12-20T09:37:11","modified_gmt":"2025-12-20T09:37:11","slug":"yle-nayttaa-tutun-tv-sarjan-tana-vuonna-vain-areenassa-tassa-syy","status":"publish","type":"post","link":"https:\/\/www.europesays.com\/fi\/121354\/","title":{"rendered":"Yle n\u00e4ytt\u00e4\u00e4 tutun tv-sarjan t\u00e4n\u00e4 vuonna vain Areenassa \u2013 T\u00e4ss\u00e4 syy"},"content":{"rendered":"<p>Professori T:t\u00e4 ei n\u00e4hd\u00e4 t\u00e4n\u00e4 vuonna TV1:ll\u00e4, mutta Kirjakauppiaan tutkimukset n\u00e4hd\u00e4\u00e4n.<\/p>\n<p><img decoding=\"async\" class=\"image image-show image-preview\" src=\"https:\/\/www.europesays.com\/fi\/wp-content\/uploads\/2025\/12\/ef27dca42df7f762f8b7bbd99e81856cb3cd6cdc4c8b1af01b006c06a126b82f.jpg\" alt=\"\"\/><img decoding=\"async\" class=\"image image-show\" src=\"https:\/\/www.europesays.com\/fi\/wp-content\/uploads\/2025\/12\/1766223431_183_ef27dca42df7f762f8b7bbd99e81856cb3cd6cdc4c8b1af01b006c06a126b82f.jpg\" alt=\"\"\/><\/p>\n<p>Professori T:n valokuvaajat\u00e4ti ilmestyy maisemiin, kun \u00e4iti on l\u00e4htenyt reissun p\u00e4\u00e4lle. Terapeutti on ja pysyy.  Yle<\/p>\n<p class=\"paragraph\">Jo kuopattuun belgialaiseen Professor T. -sarjaan perustuvan brittisarjan neloskausi on nyt mahdollista n\u00e4hd\u00e4 meill\u00e4kin.<\/p>\n<p class=\"paragraph\">Perinteisesti <strong>Ben Millerin<\/strong> t\u00e4hditt\u00e4m\u00e4\u00e4 Professori T:t\u00e4 on esitetty lauantai-illoissa, mutta t\u00e4n\u00e4\u00e4n tuolla ohjelmapaikalla n\u00e4hd\u00e4\u00e4n Lynleyn p\u00e4\u00e4t\u00f6sjakso. Kriminologi Jasper Tempestin uusimpia tutkimuksia voikin seurata toistaiseksi ainoastaan Areenassa. Kausi ei k\u00e4ynnisty perinteisen tv:n puolella edes viikon kuluttua. Tuolloin ennen puoli yhdeks\u00e4n iltauutisia alkaa uusi sarja Kirjakauppiaan tutkimukset. N\u00e4ill\u00e4 n\u00e4kymin Professori T:t\u00e4 ryhdyt\u00e4\u00e4n n\u00e4ytt\u00e4m\u00e4\u00e4n TV1:ll\u00e4 vasta helmikuussa 2026.<\/p>\n<p class=\"paragraph\">Miksi t\u00e4llaiseen ratkaisuun on p\u00e4\u00e4dytty?<\/p>\n<p class=\"paragraph\">\u2013\u2009N\u00e4m\u00e4 kaksi sarjaa valmistuivat samaan aikaan ja olivat samoihin aikoihin julkaisuvalmiina. Toisin kuin Areenassa, television puolella Yle ei voi aloittaa samaan aikaslottiin ja asiakkuuteen ostettuja sarjoja yht\u00e4 aikaa, tilannetta avaa TV1:n vastaava tuottaja <strong>Pentti V\u00e4liahdet<\/strong>.<\/p>\n<p class=\"paragraph\">\u2013 Kirjakauppiaan tutkimukset on uusi sarja, jonka tv-esitys haluttiin aloittaa viel\u00e4 ennen joulua. Professori T puolestaan on jatkokausi, ja siksi t\u00e4h\u00e4n ratkaisuun p\u00e4\u00e4dyttiin.<\/p>\n<p>Tuore traumaper\u00e4inen stressi tuottaa professorille outoja n\u00e4kyj\u00e4 ja takautumia. LAURENCE CENDROWICZ, Yle<\/p>\n<p class=\"paragraph\">Toisinaan Areenan ja lineaarisen tv:n esityksien v\u00e4li ven\u00e4ht\u00e4\u00e4. Se ei ole sik\u00e4li mik\u00e4\u00e4n ihme, koska Areenaa rakennetaan omana suoratoistopalvelunaan.<\/p>\n<p class=\"paragraph\">\u2013\u2009Sis\u00e4ll\u00f6t halutaan tuoda tasaisesti esille ja pit\u00e4\u00e4 tarjonta jatkuvasti monipuolisena. T\u00e4m\u00e4 tarkoittaa, ett\u00e4 Areenan julkaisukalenteria suunnitellaan kokonaisuutena \u2013 emme aina voi j\u00e4\u00e4d\u00e4 odottamaan tv-julkaisua, vaan Areenan k\u00e4ytt\u00e4ji\u00e4 palvellaan heid\u00e4n tottumustensa ja odotustensa mukaan, Areenan ohjelmistovastaava <strong>Ida-Maria Bergman<\/strong> selvent\u00e4\u00e4.<\/p>\n<p class=\"paragraph\">Ennakkojulkaisu Areenassa liittyy my\u00f6s tarkoitukseen tavoittaa erilaisia yleis\u00f6j\u00e4: erityisesti nuoremmat katsojat suosivat suoratoistoa.<\/p>\n<p class=\"paragraph\">\u2013\u2009Areenassa pyrit\u00e4\u00e4n tarjoamaan ohjelmia juuri silloin, kun yleis\u00f6 niit\u00e4 haluaa ja tasaisesti eri kohderyhmille. Areenan asiakkaista saatavaa dataa hy\u00f6dynnet\u00e4\u00e4n jatkuvasti julkaisuaikataulujenkin suunnittelussa. Julkaisujen rytmi\u00e4 ja muotoa mietit\u00e4\u00e4n asiakasl\u00e4ht\u00f6isesti.<\/p>\n<p>Uutena poliisina aloittaa ylikonstaapeli Chloe Highsmith, jota n\u00e4yttelee Rhian Blundell. Yle<\/p>\n<p class=\"paragraph\">Rytmins\u00e4 ja muotonsa puolesta Areenaan viel\u00e4 n\u00e4in ennen joulua sopivan Professori T:n nelj\u00e4s tuotantokausi alkaa puoli vuotta komisario Lisa Donckersin kuoleman j\u00e4lkeen. Ennen traagisia tapahtumia professorin pakko-oireet olivat alkaneet helpottaa, mutta nyt kumihanskat ovat taas k\u00e4yt\u00f6ss\u00e4. Terapeutti Helena Goldbergin mielest\u00e4 professorille tekisi hyv\u00e4\u00e4 auttaa taas poliisia.<\/p>\n<p class=\"paragraph\">Kotona vallitsee rauha, koska professorin \u00e4iti on l\u00e4htenyt kiert\u00e4m\u00e4\u00e4n maailmaa. Sill\u00e4 v\u00e4lin kun Adelaide huitelee Espanjassa ja Vatikaanissa, p\u00e4\u00e4tt\u00e4\u00e4 h\u00e4nen valokuvaajasiskonsa Zelda Radclyffe saapua vierailulle. Professorin t\u00e4ti\u00e4 esitt\u00e4\u00e4 <strong>Zo\u00eb Wanamaker<\/strong>.<\/p>\n<p>N\u00e4yttelij\u00e4 Zo\u00eb Wanamaker muistetaan muun muassa uudesta Bergeracista, Minun perheeni -britcomista ja Agatha Christie -filmatisoinneista. Yle<\/p>\n<p class=\"paragraph\">Professori T t\u00e4n\u00e4\u00e4n Areenassa. <a href=\"https:\/\/www.iltalehti.fi\/telkku\/\" rel=\"nofollow noopener\" target=\"_blank\">Katso kaikki\u00a0TV-ohjelmat ja l\u00e4hetysajat Telkun TV-oppaasta<\/a>.<\/p>\n","protected":false},"excerpt":{"rendered":"Professori T:t\u00e4 ei n\u00e4hd\u00e4 t\u00e4n\u00e4 vuonna TV1:ll\u00e4, mutta Kirjakauppiaan tutkimukset n\u00e4hd\u00e4\u00e4n. Professori T:n valokuvaajat\u00e4ti ilmestyy maisemiin, kun \u00e4iti&hellip;\n","protected":false},"author":2,"featured_media":121355,"comment_status":"","ping_status":"","sticky":false,"template":"","format":"standard","meta":{"footnotes":""},"categories":[14],"tags":[35,1933,22,23,26,27,33,31,30,17,603,615,96,24,25,28,29,15,2317,18,21,32,19,20,56,16,59,60,61],"class_list":{"0":"post-121354","1":"post","2":"type-post","3":"status-publish","4":"format-standard","5":"has-post-thumbnail","7":"category-ulkomaat","8":"tag-24h","9":"tag-asiantuntijatyo","10":"tag-breaking-news","11":"tag-breakingnews","12":"tag-featured-news","13":"tag-featurednews","14":"tag-fi","15":"tag-finland","16":"tag-finnish","17":"tag-headlines","18":"tag-korkeakoulu","19":"tag-koulut","20":"tag-koulutus","21":"tag-latest-news","22":"tag-latestnews","23":"tag-main-news","24":"tag-mainnews","25":"tag-news","26":"tag-opettajat","27":"tag-otsikot","28":"tag-paauutiset","29":"tag-suomi","30":"tag-top-stories","31":"tag-topstories","32":"tag-ulkomaat","33":"tag-uutiset","34":"tag-world","35":"tag-world-news","36":"tag-worldnews"},"share_on_mastodon":{"url":"https:\/\/pubeurope.com\/@fi\/115751226569337614","error":""},"_links":{"self":[{"href":"https:\/\/www.europesays.com\/fi\/wp-json\/wp\/v2\/posts\/121354","targetHints":{"allow":["GET"]}}],"collection":[{"href":"https:\/\/www.europesays.com\/fi\/wp-json\/wp\/v2\/posts"}],"about":[{"href":"https:\/\/www.europesays.com\/fi\/wp-json\/wp\/v2\/types\/post"}],"author":[{"embeddable":true,"href":"https:\/\/www.europesays.com\/fi\/wp-json\/wp\/v2\/users\/2"}],"replies":[{"embeddable":true,"href":"https:\/\/www.europesays.com\/fi\/wp-json\/wp\/v2\/comments?post=121354"}],"version-history":[{"count":0,"href":"https:\/\/www.europesays.com\/fi\/wp-json\/wp\/v2\/posts\/121354\/revisions"}],"wp:featuredmedia":[{"embeddable":true,"href":"https:\/\/www.europesays.com\/fi\/wp-json\/wp\/v2\/media\/121355"}],"wp:attachment":[{"href":"https:\/\/www.europesays.com\/fi\/wp-json\/wp\/v2\/media?parent=121354"}],"wp:term":[{"taxonomy":"category","embeddable":true,"href":"https:\/\/www.europesays.com\/fi\/wp-json\/wp\/v2\/categories?post=121354"},{"taxonomy":"post_tag","embeddable":true,"href":"https:\/\/www.europesays.com\/fi\/wp-json\/wp\/v2\/tags?post=121354"}],"curies":[{"name":"wp","href":"https:\/\/api.w.org\/{rel}","templated":true}]}}