{"id":121378,"date":"2025-12-20T10:24:09","date_gmt":"2025-12-20T10:24:09","guid":{"rendered":"https:\/\/www.europesays.com\/fi\/121378\/"},"modified":"2025-12-20T10:24:09","modified_gmt":"2025-12-20T10:24:09","slug":"ilkka-herola-mainioista-asemista-ramsaun-ladulle-yle-seuraa-talviurheilupaivaa-urheilu","status":"publish","type":"post","link":"https:\/\/www.europesays.com\/fi\/121378\/","title":{"rendered":"Ilkka Herola mainioista asemista Ramsaun ladulle \u2013 Yle seuraa talviurheilup\u00e4iv\u00e4\u00e4 | Urheilu"},"content":{"rendered":"<p>Ilkka Herola toinen Ramsaun m\u00e4kiosuudella<\/p>\n<p class=\"aw-lzd4tw hrgmTi\">Ilkka Herola p\u00e4\u00e4see loistoasemista ladulle yhdistetyn maailmancupin kilpailussa Ramsaussa.<\/p>\n<p class=\"aw-lzd4tw hrgmTi\">Herola leiskautti m\u00e4ess\u00e4 91 metrisen hypyn, joka riitti toiseen sijaan. It\u00e4vallan Thomas Rettenegger oli omaa luokkaansa ja p\u00e4\u00e4see ladulle 48 sekuntia ennen Herolaa.<\/p>\n<p class=\"aw-lzd4tw hrgmTi\">Herolan per\u00e4\u00e4n vain sekunti suomalaista j\u00e4ljess\u00e4 l\u00e4htee kolmanneksi m\u00e4ess\u00e4 ylt\u00e4nyt It\u00e4vallan Paul Walcher. Niin ik\u00e4\u00e4n it\u00e4valtalainen Johannes Lamparter seuraa per\u00e4ss\u00e4 kahdeksan sekuntia Herolasta.<\/p>\n<p class=\"aw-lzd4tw hrgmTi\">Otto Niittykoski oli 21:s (1.44 k\u00e4rjest\u00e4), Eero Hirvonen 35:s (+2.04), Wille Karhumaa 38:s (+2.10) ja Herman Happonen 52:s (+2.38).<\/p>\n<p class=\"aw-lzd4tw hrgmTi\">Hiihto-osuus on edess\u00e4 kello 15.45.<\/p>\n","protected":false},"excerpt":{"rendered":"Ilkka Herola toinen Ramsaun m\u00e4kiosuudella Ilkka Herola p\u00e4\u00e4see loistoasemista ladulle yhdistetyn maailmancupin kilpailussa Ramsaussa. Herola leiskautti m\u00e4ess\u00e4 91&hellip;\n","protected":false},"author":2,"featured_media":121379,"comment_status":"","ping_status":"","sticky":false,"template":"","format":"standard","meta":{"footnotes":""},"categories":[158],"tags":[2094,33,31,30,159,32,160,5587],"class_list":{"0":"post-121378","1":"post","2":"type-post","3":"status-publish","4":"format-standard","5":"has-post-thumbnail","7":"category-urheilu","8":"tag-ampumahiihto","9":"tag-fi","10":"tag-finland","11":"tag-finnish","12":"tag-sports","13":"tag-suomi","14":"tag-urheilu","15":"tag-yhdistetty"},"share_on_mastodon":{"url":"https:\/\/pubeurope.com\/@fi\/115751411167582092","error":""},"_links":{"self":[{"href":"https:\/\/www.europesays.com\/fi\/wp-json\/wp\/v2\/posts\/121378","targetHints":{"allow":["GET"]}}],"collection":[{"href":"https:\/\/www.europesays.com\/fi\/wp-json\/wp\/v2\/posts"}],"about":[{"href":"https:\/\/www.europesays.com\/fi\/wp-json\/wp\/v2\/types\/post"}],"author":[{"embeddable":true,"href":"https:\/\/www.europesays.com\/fi\/wp-json\/wp\/v2\/users\/2"}],"replies":[{"embeddable":true,"href":"https:\/\/www.europesays.com\/fi\/wp-json\/wp\/v2\/comments?post=121378"}],"version-history":[{"count":0,"href":"https:\/\/www.europesays.com\/fi\/wp-json\/wp\/v2\/posts\/121378\/revisions"}],"wp:featuredmedia":[{"embeddable":true,"href":"https:\/\/www.europesays.com\/fi\/wp-json\/wp\/v2\/media\/121379"}],"wp:attachment":[{"href":"https:\/\/www.europesays.com\/fi\/wp-json\/wp\/v2\/media?parent=121378"}],"wp:term":[{"taxonomy":"category","embeddable":true,"href":"https:\/\/www.europesays.com\/fi\/wp-json\/wp\/v2\/categories?post=121378"},{"taxonomy":"post_tag","embeddable":true,"href":"https:\/\/www.europesays.com\/fi\/wp-json\/wp\/v2\/tags?post=121378"}],"curies":[{"name":"wp","href":"https:\/\/api.w.org\/{rel}","templated":true}]}}