{"id":121380,"date":"2025-12-20T10:25:09","date_gmt":"2025-12-20T10:25:09","guid":{"rendered":"https:\/\/www.europesays.com\/fi\/121380\/"},"modified":"2025-12-20T10:25:09","modified_gmt":"2025-12-20T10:25:09","slug":"traagisesti-menehtynyt-rob-reiner-nimesi-ennen-kuolemaansa-elokuvan-josta-toivoo-tulla-muistetuksi","status":"publish","type":"post","link":"https:\/\/www.europesays.com\/fi\/121380\/","title":{"rendered":"Traagisesti menehtynyt Rob Reiner nimesi ennen kuolemaansa elokuvan, josta toivoo tulla muistetuksi"},"content":{"rendered":"<p>Ohjaaja <strong>Rob Reiner<\/strong> paljasti ennen kuolemaansa elokuvan, joka merkitsi h\u00e4nelle eniten.<\/p>\n<p>Kyseess\u00e4 on <strong>Stephen King<\/strong> -filmatisointi Stand by Me \u2013 viimeinen kes\u00e4 (1986).<\/p>\n<p>\u201cSe on elokuva, joka merkitsi minulle eniten. En tied\u00e4, onko se paras \u2013 tuo asia on muiden p\u00e4\u00e4tett\u00e4viss\u00e4. Mutta Stand by Me on t\u00e4rkein, koska se on persoonani jatke: sekoitus huumoria, melankoliaa ja tunnetta. Siihen elokuvaan minulla on l\u00e4hin suhde\u201d, Reiner vastasi syyskuussa toimittaja<strong> Piers Morganin <\/strong>kysymykseen: \u201dmist\u00e4 elokuvasta toivot ihmisten muistavan sinut?\u201d.<\/p>\n<p>King mainitsi New York Timesin kirjoituksessaan, ett\u00e4 itki katsoessaan elokuvan raakaversiota Beverly Hills Hotelissa ja halasi t\u00e4m\u00e4n j\u00e4lkeen Reineri\u00e4. Kingin mukaan \u201dt\u00e4m\u00e4 on h\u00e4nelle ep\u00e4tavallista\u201d.<\/p>\n<p>Lue my\u00f6s: <a href=\"https:\/\/www.episodi.fi\/uutiset\/sanat-eivat-edes-riita-kuvaamaan-kasittamatonta-tuskaa-rob-ja-michele-reinerin-lapset-kommentoivat-veljensa-kammottavaa-tekoa\/\" title=\"\u201dSanat eiv\u00e4t edes riit\u00e4 kuvaamaan k\u00e4sitt\u00e4m\u00e4t\u00f6nt\u00e4 tuskaa\u201d: Rob ja Michele Reinerin lapset kommentoivat veljens\u00e4 kammottavaa tekoa\" class=\"underline-custom !font-montserrat !font-bold !underline-offset-4 !decoration-4 !decoration-episodi-blue !text-md\" rel=\"nofollow noopener\" target=\"_blank\">\u201dSanat eiv\u00e4t edes riit\u00e4 kuvaamaan k\u00e4sitt\u00e4m\u00e4t\u00f6nt\u00e4 tuskaa\u201d: Rob ja Michele Reinerin lapset kommentoivat veljens\u00e4 kammottavaa tekoa<\/a><\/p>\n<p>Lue my\u00f6s: <a href=\"https:\/\/www.episodi.fi\/uutiset\/murhatun-rob-reinerin-kuolinsyy-varmistui\/\" title=\"Surmatun Rob Reinerin kuolinsyy varmistui\" class=\"underline-custom !font-montserrat !font-bold !underline-offset-4 !decoration-4 !decoration-episodi-blue !text-md\" rel=\"nofollow noopener\" target=\"_blank\">Surmatun Rob Reinerin kuolinsyy varmistui<\/a><\/p>\n<p>Lue my\u00f6s: <a href=\"https:\/\/www.episodi.fi\/uutiset\/stand-by-me-ja-spinal-tap-ohjaaja-rob-reiner-loydetty-kuolleena-kotoaan-tutkitaan-henkirikoksena\/\" title=\"Stand by Me ja Spinal Tap -ohjaaja Rob Reiner l\u00f6ydetty kuolleena kotoaan \u2013 tutkitaan henkirikoksena\" class=\"underline-custom !font-montserrat !font-bold !underline-offset-4 !decoration-4 !decoration-episodi-blue !text-md\" rel=\"nofollow noopener\" target=\"_blank\">Stand by Me ja Spinal Tap -ohjaaja Rob Reiner l\u00f6ydetty kuolleena kotoaan \u2013 tutkitaan henkirikoksena<\/a><\/p>\n<p>Elokuva pohjautuu Kingin The Body (1982), novelliin. Leffassa seurataan nelj\u00e4\u00e4 poikaa vuoden 1959 Mainessa. He l\u00e4htev\u00e4t retkelle etsim\u00e4\u00e4n ruumista, mutta matkan aikana tapahtuu huomattavasti suurempia asioita.<\/p>\n<p>Elokuvaa t\u00e4hdittiv\u00e4t <strong>River Phoenix, Corey Feldman, Jerry O\u2019Connell, Will Wheaton<\/strong> ja <strong>Kiefer Sutherland<\/strong>. Phoenixin ennenaikainen kuolema 1990-luvun alussa antoi Stand by Me:lle viel\u00e4kin surullisemman s\u00e4vyn.<\/p>\n<p>Reiner ja h\u00e4nen vaimonsa<strong> Michele <\/strong>l\u00f6ydettiin surmattuna kodistaan 14.12.2025. Pariskunnan poikaa <strong>Nick Reineria<\/strong> vastaan on nostettu syyte kaksoismurhasta.<\/p>\n<p>L\u00e4hde: <a href=\"https:\/\/collider.com\/stand-by-me-rob-reiner-stephen-king\/\" rel=\"nofollow noopener\" target=\"_blank\">Collider<\/a><\/p>\n<p>Lue my\u00f6s: <a href=\"https:\/\/www.episodi.fi\/uutiskirje\/?uutiskirjemainos=tekstilinkkimainos\" title=\"Tilaa Episodin uutiskirje ja voit voittaa leffalippuja! Nappaa tv-vinkit suoraan s\u00e4hk\u00f6postiin t\u00e4st\u00e4.\" class=\"underline-custom !font-montserrat !font-bold !underline-offset-4 !decoration-4 !decoration-episodi-blue !text-md\" rel=\"nofollow noopener\" target=\"_blank\">Tilaa Episodin uutiskirje ja voit voittaa leffalippuja! Nappaa katseluvinkit suoraan s\u00e4hk\u00f6postiin t\u00e4st\u00e4.<\/a><\/p>\n","protected":false},"excerpt":{"rendered":"Ohjaaja Rob Reiner paljasti ennen kuolemaansa elokuvan, joka merkitsi h\u00e4nelle eniten. Kyseess\u00e4 on Stephen King -filmatisointi Stand by&hellip;\n","protected":false},"author":2,"featured_media":121381,"comment_status":"","ping_status":"","sticky":false,"template":"","format":"standard","meta":{"footnotes":""},"categories":[130],"tags":[137,33,31,30,6850,14589,32,109],"class_list":{"0":"post-121380","1":"post","2":"type-post","3":"status-publish","4":"format-standard","5":"has-post-thumbnail","7":"category-viihde","8":"tag-entertainment","9":"tag-fi","10":"tag-finland","11":"tag-finnish","12":"tag-rob-reiner","13":"tag-stand-by-me","14":"tag-suomi","15":"tag-viihde"},"share_on_mastodon":{"url":"https:\/\/pubeurope.com\/@fi\/115751414891810980","error":""},"_links":{"self":[{"href":"https:\/\/www.europesays.com\/fi\/wp-json\/wp\/v2\/posts\/121380","targetHints":{"allow":["GET"]}}],"collection":[{"href":"https:\/\/www.europesays.com\/fi\/wp-json\/wp\/v2\/posts"}],"about":[{"href":"https:\/\/www.europesays.com\/fi\/wp-json\/wp\/v2\/types\/post"}],"author":[{"embeddable":true,"href":"https:\/\/www.europesays.com\/fi\/wp-json\/wp\/v2\/users\/2"}],"replies":[{"embeddable":true,"href":"https:\/\/www.europesays.com\/fi\/wp-json\/wp\/v2\/comments?post=121380"}],"version-history":[{"count":0,"href":"https:\/\/www.europesays.com\/fi\/wp-json\/wp\/v2\/posts\/121380\/revisions"}],"wp:featuredmedia":[{"embeddable":true,"href":"https:\/\/www.europesays.com\/fi\/wp-json\/wp\/v2\/media\/121381"}],"wp:attachment":[{"href":"https:\/\/www.europesays.com\/fi\/wp-json\/wp\/v2\/media?parent=121380"}],"wp:term":[{"taxonomy":"category","embeddable":true,"href":"https:\/\/www.europesays.com\/fi\/wp-json\/wp\/v2\/categories?post=121380"},{"taxonomy":"post_tag","embeddable":true,"href":"https:\/\/www.europesays.com\/fi\/wp-json\/wp\/v2\/tags?post=121380"}],"curies":[{"name":"wp","href":"https:\/\/api.w.org\/{rel}","templated":true}]}}