{"id":121382,"date":"2025-12-20T10:28:08","date_gmt":"2025-12-20T10:28:08","guid":{"rendered":"https:\/\/www.europesays.com\/fi\/121382\/"},"modified":"2025-12-20T10:28:08","modified_gmt":"2025-12-20T10:28:08","slug":"uudet-led-kynttilat-ovat-hyvinkin-realistisia","status":"publish","type":"post","link":"https:\/\/www.europesays.com\/fi\/121382\/","title":{"rendered":"Uudet led-kynttil\u00e4t ovat hyvinkin realistisia."},"content":{"rendered":"<p>Pime\u00e4t illat kaipaavat lis\u00e4\u00e4 tunnelmavaloa, joten napsautimme p\u00e4\u00e4lle 11 erilaista led-kynttil\u00e4\u00e4.<\/p>\n<p class=\"article-body mb-nof-24 px-nof-16\">LED-kynttil\u00f6iden valikoima on viime aikoina monipuolistunut, ja tarjolla on hyvinkin realistisen n\u00e4k\u00f6isi\u00e4 ja vahakuorisia tuotteita, jopa muotokynttil\u00f6it\u00e4. Monestihan kauniin, aidon kynttil\u00e4n sytytt\u00e4mist\u00e4 pihistelee, sill\u00e4 niit\u00e4 ei raaskisi \u201dtuhota\u201d. Led-kynttil\u00f6iden kohdalla t\u00e4t\u00e4 ei tarvitse harmitella. Naps vaan, ja kynttil\u00e4 palaa kauniisti!<\/p>\n","protected":false},"excerpt":{"rendered":"Pime\u00e4t illat kaipaavat lis\u00e4\u00e4 tunnelmavaloa, joten napsautimme p\u00e4\u00e4lle 11 erilaista led-kynttil\u00e4\u00e4. LED-kynttil\u00f6iden valikoima on viime aikoina monipuolistunut, ja&hellip;\n","protected":false},"author":2,"featured_media":121383,"comment_status":"","ping_status":"","sticky":false,"template":"","format":"standard","meta":{"footnotes":""},"categories":[76],"tags":[79,77,33,31,30,3435,32,78],"class_list":{"0":"post-121382","1":"post","2":"type-post","3":"status-publish","4":"format-standard","5":"has-post-thumbnail","7":"category-talous","8":"tag-business","9":"tag-economy","10":"tag-fi","11":"tag-finland","12":"tag-finnish","13":"tag-jamsan-seutu","14":"tag-suomi","15":"tag-talous"},"share_on_mastodon":{"url":"https:\/\/pubeurope.com\/@fi\/115751426776716289","error":""},"_links":{"self":[{"href":"https:\/\/www.europesays.com\/fi\/wp-json\/wp\/v2\/posts\/121382","targetHints":{"allow":["GET"]}}],"collection":[{"href":"https:\/\/www.europesays.com\/fi\/wp-json\/wp\/v2\/posts"}],"about":[{"href":"https:\/\/www.europesays.com\/fi\/wp-json\/wp\/v2\/types\/post"}],"author":[{"embeddable":true,"href":"https:\/\/www.europesays.com\/fi\/wp-json\/wp\/v2\/users\/2"}],"replies":[{"embeddable":true,"href":"https:\/\/www.europesays.com\/fi\/wp-json\/wp\/v2\/comments?post=121382"}],"version-history":[{"count":0,"href":"https:\/\/www.europesays.com\/fi\/wp-json\/wp\/v2\/posts\/121382\/revisions"}],"wp:featuredmedia":[{"embeddable":true,"href":"https:\/\/www.europesays.com\/fi\/wp-json\/wp\/v2\/media\/121383"}],"wp:attachment":[{"href":"https:\/\/www.europesays.com\/fi\/wp-json\/wp\/v2\/media?parent=121382"}],"wp:term":[{"taxonomy":"category","embeddable":true,"href":"https:\/\/www.europesays.com\/fi\/wp-json\/wp\/v2\/categories?post=121382"},{"taxonomy":"post_tag","embeddable":true,"href":"https:\/\/www.europesays.com\/fi\/wp-json\/wp\/v2\/tags?post=121382"}],"curies":[{"name":"wp","href":"https:\/\/api.w.org\/{rel}","templated":true}]}}