{"id":121388,"date":"2025-12-20T10:31:17","date_gmt":"2025-12-20T10:31:17","guid":{"rendered":"https:\/\/www.europesays.com\/fi\/121388\/"},"modified":"2025-12-20T10:31:17","modified_gmt":"2025-12-20T10:31:17","slug":"anneli-auerin-poika-kertoi-hyytavia-asioita-jukka-s-lahden-surmayosta","status":"publish","type":"post","link":"https:\/\/www.europesays.com\/fi\/121388\/","title":{"rendered":"Anneli Auerin poika kertoi hyyt\u00e4vi\u00e4 asioita Jukka S. Lahden surmay\u00f6st\u00e4"},"content":{"rendered":"<p>Anneli Auerin poika kertoi karuja asioita surmay\u00f6n v\u00e4itetyist\u00e4 tapahtumista viisi vuotta veriteon j\u00e4lkeen.<\/p>\n<p>Anneli Auer kertoo kohtaamisesta lastensa kanssa.Video: Anna-Maija Naakka<\/p>\n<p class=\"article-body mb-nof-24 px-nof-16\">Anneli Auerin seksuaalirikosoikeudenk\u00e4ynniss\u00e4 julki tulleista todisteista ilmenee, millaisia asioita Auerin lapset ovat kertoneet heid\u00e4n is\u00e4ns\u00e4 <a class=\"article-personlink\" href=\"https:\/\/www.is.fi\/haku\/?query=Jukka%20S.%20Lahden\" rel=\"nofollow noopener\" target=\"_blank\">Jukka S. Lahden<\/a> surmay\u00f6st\u00e4.<\/p>\n<p class=\"article-body mb-nof-24 px-nof-16\">Lahti murhattiin kotonaan vuonna 2006. Anneli Aueria ep\u00e4iltiin pitk\u00e4\u00e4n murhasta, mutta lopulta syyte hyl\u00e4ttiin pitk\u00e4llisen oikeusprosessin j\u00e4lkeen.<\/p>\n<p class=\"article-body mb-nof-24 px-nof-16\">Murhaaja on edelleen vapaalla jalalla.<\/p>\n<p class=\"article-body mb-nof-24 px-nof-16\">Auerin poika, joka oli tapahtuma-aikaan 7-vuotias, kertoi viisi vuotta my\u00f6hemmin surmay\u00f6n\u00e4 v\u00e4itetysti kuulemistaan \u00e4\u00e4nist\u00e4. Nykyisin poika on 26-vuotias.<\/p>\n<p><img decoding=\"async\" src=\"https:\/\/www.europesays.com\/fi\/wp-content\/uploads\/2025\/12\/1766226674_978_468.jpg\" alt=\"\" class=\"_Img_1rerz_1\" style=\"aspect-ratio:1.5011727912431587\" loading=\"eager\"\/><\/p>\n<p class=\"article-body mb-nof-24 px-nof-16\">Poika kertoi olleensa surmay\u00f6n\u00e4 huoneessaan ja kuulleensa, kun Anneli -\u00e4iti ja h\u00e4nen vanhin siskonsa supisivat kesken\u00e4\u00e4n.<\/p>\n<p class=\"article-body mb-nof-24 px-nof-16\">Poika kertoi kuulleensa \u201dsipsutusta\u201d, kun h\u00e4nen siskonsa meni keitti\u00f6\u00f6n. Per\u00e4ss\u00e4 kantautuivat h\u00e4nen \u00e4itins\u00e4 askeleiden \u00e4\u00e4net. Poika kuvaili kuulleensa my\u00f6s \u00e4\u00e4nen, joka kuulosti h\u00e4nest\u00e4 silt\u00e4, ett\u00e4 veitsi otettiin p\u00f6yd\u00e4lt\u00e4.<\/p>\n<p class=\"article-body mb-nof-24 px-nof-16\">T\u00e4m\u00e4n j\u00e4lkeen h\u00e4nen korviinsa oli kantautunut muun muassa Jukka S. Lahden makuuhuoneeseen menevi\u00e4 askelien \u00e4\u00e4ni\u00e4, is\u00e4ns\u00e4 huutoa ja kovaa kolinaa ja rytin\u00e4\u00e4 sek\u00e4 takaoven ikkunan rikkoutumisen \u00e4\u00e4nen.<\/p>\n<p><img decoding=\"async\" src=\"https:\/\/www.europesays.com\/fi\/wp-content\/uploads\/2025\/12\/1766226675_319_468.jpg\" alt=\"Anneli Auer oikeudessa joulukuussa.\" class=\"_Img_1rerz_1\" style=\"aspect-ratio:1.5011727912431587\" loading=\"eager\"\/><\/p>\n<p class=\"article-picture-caption\">Anneli Auer oikeudessa joulukuussa. Kuva:\u00a0Jussi Vierimaa<\/p>\n<p class=\"article-body mb-nof-24 px-nof-16\">Poika v\u00e4itti kuulleensa surmay\u00f6n\u00e4 ikkunan rikkoutumisen \u00e4\u00e4nen useita kertoja. Lis\u00e4ksi h\u00e4n v\u00e4itti kuulleensa nauhurin \u00e4\u00e4nt\u00e4: \u201dnaks naks naks\u201d. Pojan mukaan h\u00e4n oli jo tuolloin tunnistanut, ett\u00e4 \u00e4\u00e4ni l\u00e4hti heid\u00e4n isosta mustasta nauhuristaan.<\/p>\n<p class=\"article-body mb-nof-24 px-nof-16\">\u2013 Sitten kuulosti ihan silt\u00e4 kuin se koko juttu alkais alusta, et kuuluis se ensimm\u00e4inen parkasu, mut sit se kuulosti hiljasemmalt ja se tuli hiljasempana, mut ihan sama \u00e4\u00e4ni ja sit v\u00e4h\u00e4n semmoselta ku se tulis radiosta, semmoselt v\u00e4h\u00e4n surisevammalta.<\/p>\n<p class=\"article-body mb-nof-24 px-nof-16\">My\u00f6hemmin on ep\u00e4ilty, <a class=\"article-genericlink\" href=\"https:\/\/www.is.fi\/kotimaa\/art-2000000652367.html\" rel=\"nofollow noopener\" target=\"_blank\">nauhoittiko Anneli Auer <\/a>murhan \u00e4\u00e4ni\u00e4 lavastaakseen teon n\u00e4ytt\u00e4m\u00e4\u00e4n silt\u00e4, ett\u00e4 paikalla oli ulkopuolinen tekij\u00e4.<\/p>\n<p class=\"article-body mb-nof-24 px-nof-16\">Poika kertoi my\u00f6s, ett\u00e4 Auerin vanhin tyt\u00e4r olisi is\u00e4ns\u00e4 kuolemaa edelt\u00e4vin\u00e4 p\u00e4ivin\u00e4 piirt\u00e4nyt kuvan, jossa is\u00e4 oli kuolleena \u201dpuukko ja vasaroita p\u00e4\u00e4ss\u00e4\u201d. Pojan mukaan Anneli Auer oli kehunut yht\u00e4 t\u00e4llaista piirustusta hienoksi.<\/p>\n<p class=\"article-body mb-nof-24 px-nof-16\">Lis\u00e4ksi h\u00e4n v\u00e4itti kuulleensa, miten Anneli Auer ja vanhin sisko puhuivat j\u00e4lkik\u00e4teen tehneens\u00e4 \u201dt\u00e4ydellisen rikoksen.\u201d<\/p>\n<p><img decoding=\"async\" src=\"https:\/\/www.europesays.com\/fi\/wp-content\/uploads\/2025\/12\/1766226676_318_468.jpg\" alt=\"N\u00e4in poika kertoi siit\u00e4, mit\u00e4 oli v\u00e4itetysti kuullut \u00e4itins\u00e4 ja siskonsa kertovan henkirikoksesta.\" class=\"_Img_1rerz_1\" style=\"aspect-ratio:1.7777777777777777\" loading=\"eager\"\/><\/p>\n<p class=\"article-picture-caption\">N\u00e4in poika kertoi siit\u00e4, mit\u00e4 oli v\u00e4itetysti kuullut \u00e4itins\u00e4 ja siskonsa kertovan henkirikoksesta. Kuva:\u00a0Poliisi<\/p>\n<p class=\"article-body mb-nof-24 px-nof-16\">Asiantuntijat arvioivat pojan kertomusta lausunnossaan. Lausunnon olivat laatineet psykologi ja erikoistutkija. Konsultoijana on toiminut tunnettu psykologian tohtori <a class=\"article-personlink\" href=\"https:\/\/www.is.fi\/haku\/?query=Julia%20Korkman\" rel=\"nofollow noopener\" target=\"_blank\">Julia Korkman<\/a>.<\/p>\n<p class=\"article-body mb-nof-24 px-nof-16\">Asiantuntijat arvioivat, ett\u00e4 poika oli 12-vuotiaaksi kielellisilt\u00e4 taidoiltaan eritt\u00e4in kyvyk\u00e4s ja kykeni kertomaan eritt\u00e4in tarkasti is\u00e4ns\u00e4 kuoliny\u00f6h\u00f6n liittyvist\u00e4 tapahtumista.<\/p>\n<p class=\"article-body mb-nof-24 px-nof-16\">Asiantuntija-arvioiden mukaan kertomus vaikutti kuitenkin jopa ep\u00e4realistisen tarkalta ja yksityiskohtaiselta siihen n\u00e4hden, ett\u00e4 tapahtumista oli t\u00e4ss\u00e4 vaiheessa kulunut jo noin viisi vuotta.<\/p>\n<p><img decoding=\"async\" src=\"https:\/\/www.europesays.com\/fi\/wp-content\/uploads\/2025\/12\/1766226677_855_468.jpg\" alt=\"Jukka S. Lahden murhaaja on yh\u00e4 selvitt\u00e4m\u00e4tt\u00e4.\" class=\"_Img_1rerz_1\" style=\"aspect-ratio:1.4953271028037383\" loading=\"eager\"\/><\/p>\n<p class=\"article-picture-caption\">Jukka S. Lahden murhaaja on yh\u00e4 selvitt\u00e4m\u00e4tt\u00e4. Kuva:\u00a0Antti Johansson \/ HS<\/p>\n<p class=\"article-body mb-nof-24 px-nof-16\">Asiantuntijoiden mukaan oli mahdollista, ett\u00e4 tilanne oli traumaattisuutensa vuoksi j\u00e4\u00e4nyt pojalle erityisen hyvin mieleen. Toisaalta oli mahdollista, ett\u00e4 kyse oli niin sanotusta valemuistosta.<\/p>\n<p class=\"article-body mb-nof-24 px-nof-16\">Lapsi oli voinut mieless\u00e4\u00e4n luoda selityksen is\u00e4ns\u00e4 kuolemasta. Kertomuksen muodostumiseen olivat saattaneet vaikuttaa esimerkiksi sijaisvanhempien johdattelu tai mediasta saadut tiedot.<\/p>\n<p class=\"article-body mb-nof-24 px-nof-16\">Toisaalta esimerkiksi nauhurin k\u00e4yt\u00f6st\u00e4 ei ollut tuossa vaiheessa viel\u00e4 kerrottu mit\u00e4\u00e4n mediassa.<\/p>\n<p class=\"article-body mb-nof-24 px-nof-16\">Asiantuntijat pohtivat my\u00f6s sit\u00e4 vaihtoehtoa, ett\u00e4 lapsi olisi keksinyt tarinan, koska ei halunnut muuttaa takaisin \u00e4itins\u00e4 luo. Asiantuntijoiden mielest\u00e4 tarina oli kuitenkin liian yksityiskohtainen, ett\u00e4 poika olisi tahallaan keksinyt sen.<\/p>\n<p class=\"article-body mb-nof-24 px-nof-16\">Pojan kertoman mukaan Anneli Auer oli etuk\u00e4teen pari p\u00e4iv\u00e4\u00e4 ennen surmaa kielt\u00e4nyt h\u00e4nt\u00e4 kertomasta asioista, joita t\u00e4m\u00e4 y\u00f6ll\u00e4 kuulisi. Asiantuntijoiden mielest\u00e4 oli mahdollista, ett\u00e4 poika t\u00e4st\u00e4 kiellosta johtuen muisti surmay\u00f6n tapahtumat erityisen hyvin.<\/p>\n<p class=\"article-body mb-nof-24 px-nof-16\">Seksuaalirikosoikeudenk\u00e4ynnin yhteydess\u00e4 puolustus on esitt\u00e4nyt paljon kritiikki\u00e4 siit\u00e4, miksi asiantuntijat eiv\u00e4t kyseenalaistaneet lasten kertomuksia tuolloin.<\/p>\n<p>Tapauksen taustaa<\/p>\n<ul class=\"mb-nof-16 px-nof-16 article-unordered-list unordered-list\">\n<li class=\"unordered-list-item\">\n<p class=\"article-body\">Ulvilan murhalesken\u00e4 tunnettua <a class=\"article-personlink\" href=\"https:\/\/www.is.fi\/haku\/?query=Anneli%20Aueria\" rel=\"nofollow noopener\" target=\"_blank\">Anneli Aueria<\/a> syytettiin miehens\u00e4 <a class=\"article-personlink\" href=\"https:\/\/www.is.fi\/haku\/?query=Jukka%20S.%20Lahden\" rel=\"nofollow noopener\" target=\"_blank\">Jukka S. Lahden <\/a>vuonna 2006 tapahtuneesta murhasta. Hovioikeus vapautti h\u00e4net syytteest\u00e4 2015.<\/p>\n<\/li>\n<li class=\"unordered-list-item\">\n<p class=\"article-body\">Auer, 60, ja h\u00e4nen ex-miesyst\u00e4v\u00e4ns\u00e4 <a class=\"article-personlink\" href=\"https:\/\/www.is.fi\/haku\/?query=Jens%20Kukka\" rel=\"nofollow noopener\" target=\"_blank\">Jens Kukka<\/a>, 62, tuomittiin 2013 Turun hovioikeudessa 7,5 ja 10 vuoden vankeusrangaistuksiin seksuaali- ja v\u00e4kivaltarikoksista. Asianomistajina oli Auerin nelj\u00e4 lasta.<\/p>\n<\/li>\n<li class=\"unordered-list-item\">\n<p class=\"article-body\">Auer ja Ihle ovat kiist\u00e4neet syyllisyytens\u00e4 seksuaalirikoksiin. Tuomiot perustuivat pitk\u00e4lti Auerin lasten kertomuksiin.<\/p>\n<\/li>\n<li class=\"unordered-list-item\">\n<p class=\"article-body\">Alkuvuonna 2023 ex-pari kertoi hakeneensa tuomioilleen purkua korkeimmasta oikeudesta. Aikuisiksi varttuneet kolme nuorinta lasta kertoivat sepitt\u00e4neens\u00e4 tarinat hyv\u00e4ksik\u00e4yt\u00f6st\u00e4.<\/p>\n<\/li>\n<li class=\"unordered-list-item\">\n<p class=\"article-body\">Lapset olivat el\u00e4neet sijaisperheess\u00e4 Auerin veljen luona vuodesta 2009. Lasten mukaan heid\u00e4t oli painostettu valheisiin sijaisperheess\u00e4.<\/p>\n<\/li>\n<li class=\"unordered-list-item\">\n<p class=\"article-body\">Joulukuussa 2024 KKO purki tuomion, joka oli perustunut pitk\u00e4lti Auerin lasten kertomuksiin. Asia palautui k\u00e4r\u00e4j\u00e4oikeuden k\u00e4sittelyyn.<\/p>\n<\/li>\n<li class=\"unordered-list-item\">\n<p class=\"article-body\">K\u00e4r\u00e4j\u00e4k\u00e4sittely kest\u00e4\u00e4 tammikuulle 2026 saakka.<\/p>\n<\/li>\n<\/ul>\n","protected":false},"excerpt":{"rendered":"Anneli Auerin poika kertoi karuja asioita surmay\u00f6n v\u00e4itetyist\u00e4 tapahtumista viisi vuotta veriteon j\u00e4lkeen. Anneli Auer kertoo kohtaamisesta lastensa&hellip;\n","protected":false},"author":2,"featured_media":121389,"comment_status":"","ping_status":"","sticky":false,"template":"","format":"standard","meta":{"footnotes":""},"categories":[5],"tags":[22,23,26,27,33,31,30,17,34,24,25,28,29,15,18,21,32,19,20,16],"class_list":{"0":"post-121388","1":"post","2":"type-post","3":"status-publish","4":"format-standard","5":"has-post-thumbnail","7":"category-otsikot","8":"tag-breaking-news","9":"tag-breakingnews","10":"tag-featured-news","11":"tag-featurednews","12":"tag-fi","13":"tag-finland","14":"tag-finnish","15":"tag-headlines","16":"tag-ilta-sanomat","17":"tag-latest-news","18":"tag-latestnews","19":"tag-main-news","20":"tag-mainnews","21":"tag-news","22":"tag-otsikot","23":"tag-paauutiset","24":"tag-suomi","25":"tag-top-stories","26":"tag-topstories","27":"tag-uutiset"},"share_on_mastodon":{"url":"https:\/\/pubeurope.com\/@fi\/115751439900446275","error":""},"_links":{"self":[{"href":"https:\/\/www.europesays.com\/fi\/wp-json\/wp\/v2\/posts\/121388","targetHints":{"allow":["GET"]}}],"collection":[{"href":"https:\/\/www.europesays.com\/fi\/wp-json\/wp\/v2\/posts"}],"about":[{"href":"https:\/\/www.europesays.com\/fi\/wp-json\/wp\/v2\/types\/post"}],"author":[{"embeddable":true,"href":"https:\/\/www.europesays.com\/fi\/wp-json\/wp\/v2\/users\/2"}],"replies":[{"embeddable":true,"href":"https:\/\/www.europesays.com\/fi\/wp-json\/wp\/v2\/comments?post=121388"}],"version-history":[{"count":0,"href":"https:\/\/www.europesays.com\/fi\/wp-json\/wp\/v2\/posts\/121388\/revisions"}],"wp:featuredmedia":[{"embeddable":true,"href":"https:\/\/www.europesays.com\/fi\/wp-json\/wp\/v2\/media\/121389"}],"wp:attachment":[{"href":"https:\/\/www.europesays.com\/fi\/wp-json\/wp\/v2\/media?parent=121388"}],"wp:term":[{"taxonomy":"category","embeddable":true,"href":"https:\/\/www.europesays.com\/fi\/wp-json\/wp\/v2\/categories?post=121388"},{"taxonomy":"post_tag","embeddable":true,"href":"https:\/\/www.europesays.com\/fi\/wp-json\/wp\/v2\/tags?post=121388"}],"curies":[{"name":"wp","href":"https:\/\/api.w.org\/{rel}","templated":true}]}}