{"id":121400,"date":"2025-12-20T10:56:07","date_gmt":"2025-12-20T10:56:07","guid":{"rendered":"https:\/\/www.europesays.com\/fi\/121400\/"},"modified":"2025-12-20T10:56:07","modified_gmt":"2025-12-20T10:56:07","slug":"suomalaisten-tuki-ukrainalle-vaisumpaa-kuin-ennen","status":"publish","type":"post","link":"https:\/\/www.europesays.com\/fi\/121400\/","title":{"rendered":"Suomalaisten tuki Ukrainalle vaisumpaa kuin ennen"},"content":{"rendered":"<p>HS-gallup|Suomalaisten mielipiteiss\u00e4 heijastuu nyt se, ett\u00e4 Ukrainan oikeudenmukainen rauha ja toivottu lopputulos sotaan n\u00e4ytt\u00e4v\u00e4t aiempaa kaukaisemmilta.<\/p>\n<p class=\"article-body mb-nof-24 px-nof-16\">Suomalaisten into Ukrainalle annettavaan rahalliseen ja aseelliseen tukeen on laimentunut jonkin verran.<\/p>\n<p class=\"article-body mb-nof-24 px-nof-16\">Helsingin Sanomat on teett\u00e4nyt tutkimusyhti\u00f6 Verianilla aiheesta mielipidetutkimuksen nyt kolmatta kertaa. Aiempaa harvempi on sit\u00e4 mielt\u00e4, ett\u00e4 Suomen pit\u00e4isi tukea Ukrainaa enemm\u00e4n. Niiden osuus, joiden mielest\u00e4 Suomi tukee Ukrainaa liikaa, on puolestaan kasvanut jonkin verran.<\/p>\n","protected":false},"excerpt":{"rendered":"HS-gallup|Suomalaisten mielipiteiss\u00e4 heijastuu nyt se, ett\u00e4 Ukrainan oikeudenmukainen rauha ja toivottu lopputulos sotaan n\u00e4ytt\u00e4v\u00e4t aiempaa kaukaisemmilta. Suomalaisten into&hellip;\n","protected":false},"author":2,"featured_media":121401,"comment_status":"","ping_status":"","sticky":false,"template":"","format":"standard","meta":{"footnotes":""},"categories":[14],"tags":[22,23,26,27,33,31,30,17,46,24,25,28,29,15,18,21,32,19,20,56,16,59,60,61],"class_list":{"0":"post-121400","1":"post","2":"type-post","3":"status-publish","4":"format-standard","5":"has-post-thumbnail","7":"category-ulkomaat","8":"tag-breaking-news","9":"tag-breakingnews","10":"tag-featured-news","11":"tag-featurednews","12":"tag-fi","13":"tag-finland","14":"tag-finnish","15":"tag-headlines","16":"tag-helsingin-sanomat","17":"tag-latest-news","18":"tag-latestnews","19":"tag-main-news","20":"tag-mainnews","21":"tag-news","22":"tag-otsikot","23":"tag-paauutiset","24":"tag-suomi","25":"tag-top-stories","26":"tag-topstories","27":"tag-ulkomaat","28":"tag-uutiset","29":"tag-world","30":"tag-world-news","31":"tag-worldnews"},"share_on_mastodon":{"url":"https:\/\/pubeurope.com\/@fi\/115751536854621746","error":""},"_links":{"self":[{"href":"https:\/\/www.europesays.com\/fi\/wp-json\/wp\/v2\/posts\/121400","targetHints":{"allow":["GET"]}}],"collection":[{"href":"https:\/\/www.europesays.com\/fi\/wp-json\/wp\/v2\/posts"}],"about":[{"href":"https:\/\/www.europesays.com\/fi\/wp-json\/wp\/v2\/types\/post"}],"author":[{"embeddable":true,"href":"https:\/\/www.europesays.com\/fi\/wp-json\/wp\/v2\/users\/2"}],"replies":[{"embeddable":true,"href":"https:\/\/www.europesays.com\/fi\/wp-json\/wp\/v2\/comments?post=121400"}],"version-history":[{"count":0,"href":"https:\/\/www.europesays.com\/fi\/wp-json\/wp\/v2\/posts\/121400\/revisions"}],"wp:featuredmedia":[{"embeddable":true,"href":"https:\/\/www.europesays.com\/fi\/wp-json\/wp\/v2\/media\/121401"}],"wp:attachment":[{"href":"https:\/\/www.europesays.com\/fi\/wp-json\/wp\/v2\/media?parent=121400"}],"wp:term":[{"taxonomy":"category","embeddable":true,"href":"https:\/\/www.europesays.com\/fi\/wp-json\/wp\/v2\/categories?post=121400"},{"taxonomy":"post_tag","embeddable":true,"href":"https:\/\/www.europesays.com\/fi\/wp-json\/wp\/v2\/tags?post=121400"}],"curies":[{"name":"wp","href":"https:\/\/api.w.org\/{rel}","templated":true}]}}