{"id":121404,"date":"2025-12-20T10:58:08","date_gmt":"2025-12-20T10:58:08","guid":{"rendered":"https:\/\/www.europesays.com\/fi\/121404\/"},"modified":"2025-12-20T10:58:08","modified_gmt":"2025-12-20T10:58:08","slug":"etela-suomikin-saattaa-saada-lumipeitteen-jouluksi-synkka-ennuste-lopputalvesta-ilta-sanomat","status":"publish","type":"post","link":"https:\/\/www.europesays.com\/fi\/121404\/","title":{"rendered":"Etel\u00e4-Suomikin saattaa saada lumipeitteen jouluksi \u2013 synkk\u00e4 ennuste lopputalvesta &#8211; Ilta-Sanomat"},"content":{"rendered":"<ol>\n<li><a href=\"https:\/\/news.google.com\/rss\/articles\/CBMiXEFVX3lxTE1xYnkyb2xsMEJvTHktaUN2NXFpTWstUDFMOVFfSU1EVm9UMEttX0hpVnRleldCRGkwb1V1ZWU4WWF6cnEtbExoY25hZ0otWUhGbFQyMDRQWXpVeER3?oc=5\" target=\"_blank\" rel=\"nofollow noopener\">Etel\u00e4-Suomikin saattaa saada lumipeitteen jouluksi \u2013 synkk\u00e4 ennuste lopputalvesta<\/a>&nbsp;&nbsp;Ilta-Sanomat<\/li>\n<li><a href=\"https:\/\/news.google.com\/rss\/articles\/CBMif0FVX3lxTFBnZUVZT1luY0dtSV9LNC1ybFFyNFRYMW1rV29oSnlzWkFGMEdrSEl1QWF4TFE3Njlzci1zOEhjN2VreWNTQkYyZFlIU3ZEcWNPcHQwSlJMOEtrUTFzeURKVW9HVVo4cEZBZjk3a3hHV09Jc2oxbks0bnA5Y3kxWTQ?oc=5\" target=\"_blank\" rel=\"nofollow noopener\">S\u00e4\u00e4k\u00e4\u00e4nne iskee \u201dkuin ihmeen kaupalla\u201d<\/a>&nbsp;&nbsp;Iltalehti<\/li>\n<li><a href=\"https:\/\/news.google.com\/rss\/articles\/CBMiXEFVX3lxTE1FZ25hd24wNU94TkhLY1BwcHVicC1tU0F3ZGJOdm55X0lnY1RMc2xyOUFHbm1fNlNYUzJkYTVOelBidWRYdUJZR09CdUhhV3FwcmpzdU1DdC1MQkxH?oc=5\" target=\"_blank\" rel=\"nofollow noopener\">T\u00e4lt\u00e4 joulun s\u00e4\u00e4ennuste n\u00e4ytt\u00e4\u00e4 nyt<\/a>&nbsp;&nbsp;Ilta-Sanomat<\/li>\n<li><a href=\"https:\/\/news.google.com\/rss\/articles\/CBMirwFBVV95cUxNOGRadWtiS2hMczlROVNoQUdNSzZLeXFtUndXNGpvUTJsMWkzbzlabmRUT2ZTaFFNVHpWWENWLUs4ejM5M29vZkRSZmpMZDJqVkVsVUtVZGk1Z3hEbXR4NVlBZWhkQVRtTVRQUmxrbHJoOElGMWduc1F0a3F2QzlJQTFtSTktZ2JiLWdBVzZwM2IxbTBfS1FjaUNaN1ItN3dKVUtfNnV5VkxXMTdTMzlr?oc=5\" target=\"_blank\" rel=\"nofollow noopener\">Meteorologi: T\u00e4m\u00e4 on todenn\u00e4k\u00f6isyys etel\u00e4n valkoiselle yll\u00e4tykselle<\/a>&nbsp;&nbsp;mtvuutiset.fi<\/li>\n<li><a href=\"https:\/\/news.google.com\/rss\/articles\/CBMiWEFVX3lxTE1RbWNnYXZzTTZZaVZZUlN6TlFBb1ZrSjZIOE9XTEREbURQV0Q0ek1JLTJjU19DY1NOZjVsWTNZLW1nd05tdnIzX3AyUlNjWDRWYXlyZWNyU2w?oc=5\" target=\"_blank\" rel=\"nofollow noopener\">Sulkukorkeapaine Pohjois-Atlantille? \u2013 t\u00e4lt\u00e4 n\u00e4ytt\u00e4\u00e4 tuorein kuukausiennuste<\/a>&nbsp;&nbsp;Foreca<\/li>\n<\/ol>\n","protected":false},"excerpt":{"rendered":"Etel\u00e4-Suomikin saattaa saada lumipeitteen jouluksi \u2013 synkk\u00e4 ennuste lopputalvesta&nbsp;&nbsp;Ilta-Sanomat S\u00e4\u00e4k\u00e4\u00e4nne iskee \u201dkuin ihmeen kaupalla\u201d&nbsp;&nbsp;Iltalehti T\u00e4lt\u00e4 joulun s\u00e4\u00e4ennuste n\u00e4ytt\u00e4\u00e4&hellip;\n","protected":false},"author":2,"featured_media":121405,"comment_status":"","ping_status":"","sticky":false,"template":"","format":"standard","meta":{"footnotes":""},"categories":[5],"tags":[22,23,26,27,33,31,30,17,34,24,25,28,29,15,18,21,32,19,20,16],"class_list":{"0":"post-121404","1":"post","2":"type-post","3":"status-publish","4":"format-standard","5":"has-post-thumbnail","7":"category-otsikot","8":"tag-breaking-news","9":"tag-breakingnews","10":"tag-featured-news","11":"tag-featurednews","12":"tag-fi","13":"tag-finland","14":"tag-finnish","15":"tag-headlines","16":"tag-ilta-sanomat","17":"tag-latest-news","18":"tag-latestnews","19":"tag-main-news","20":"tag-mainnews","21":"tag-news","22":"tag-otsikot","23":"tag-paauutiset","24":"tag-suomi","25":"tag-top-stories","26":"tag-topstories","27":"tag-uutiset"},"share_on_mastodon":{"url":"https:\/\/pubeurope.com\/@fi\/115751544618193284","error":""},"_links":{"self":[{"href":"https:\/\/www.europesays.com\/fi\/wp-json\/wp\/v2\/posts\/121404","targetHints":{"allow":["GET"]}}],"collection":[{"href":"https:\/\/www.europesays.com\/fi\/wp-json\/wp\/v2\/posts"}],"about":[{"href":"https:\/\/www.europesays.com\/fi\/wp-json\/wp\/v2\/types\/post"}],"author":[{"embeddable":true,"href":"https:\/\/www.europesays.com\/fi\/wp-json\/wp\/v2\/users\/2"}],"replies":[{"embeddable":true,"href":"https:\/\/www.europesays.com\/fi\/wp-json\/wp\/v2\/comments?post=121404"}],"version-history":[{"count":0,"href":"https:\/\/www.europesays.com\/fi\/wp-json\/wp\/v2\/posts\/121404\/revisions"}],"wp:featuredmedia":[{"embeddable":true,"href":"https:\/\/www.europesays.com\/fi\/wp-json\/wp\/v2\/media\/121405"}],"wp:attachment":[{"href":"https:\/\/www.europesays.com\/fi\/wp-json\/wp\/v2\/media?parent=121404"}],"wp:term":[{"taxonomy":"category","embeddable":true,"href":"https:\/\/www.europesays.com\/fi\/wp-json\/wp\/v2\/categories?post=121404"},{"taxonomy":"post_tag","embeddable":true,"href":"https:\/\/www.europesays.com\/fi\/wp-json\/wp\/v2\/tags?post=121404"}],"curies":[{"name":"wp","href":"https:\/\/api.w.org\/{rel}","templated":true}]}}