{"id":121408,"date":"2025-12-20T11:10:08","date_gmt":"2025-12-20T11:10:08","guid":{"rendered":"https:\/\/www.europesays.com\/fi\/121408\/"},"modified":"2025-12-20T11:10:08","modified_gmt":"2025-12-20T11:10:08","slug":"voisin-menna-hanen-kanssaan-naimisiin","status":"publish","type":"post","link":"https:\/\/www.europesays.com\/fi\/121408\/","title":{"rendered":"\u201dVoisin menn\u00e4 h\u00e4nen kanssaan naimisiin\u201d"},"content":{"rendered":"<p>Junttidiskon kuningas Frederik on onnellisempi kuin pitk\u00e4\u00e4n aikaan. Nyt h\u00e4n kertoo Iltalehdelle siit\u00e4, miten el\u00e4m\u00e4n t\u00e4rke\u00e4t palaset ovat asettuneet kohdilleen.<\/p>\n<p class=\"paragraph\">Iskelm\u00e4laulaja <strong>Frederikin<\/strong>, 80, el\u00e4m\u00e4 on muuttunut vuodessa valtavasti. Kaiken takana on nainen.<\/p>\n<p class=\"paragraph\">It\u00e4-Suomesta kotoisin oleva nelikymppinen nainen on asettautunut osaksi h\u00e4nen arkeaan, eiv\u00e4tk\u00e4 asiat voisi kuulemma olla paremmin.<\/p>\n<p class=\"paragraph\">\u2013 H\u00e4n on niin nopea. H\u00e4n siivoaa, tekee ruoat, pesee ikkunat, avaa paskap\u00f6nt\u00f6t ja kaikki, laulaja h\u00e4mm\u00e4stelee.<\/p>\n<p class=\"paragraph\">H\u00e4nen aiempi einesruokien riepottelema arkensa on nyky\u00e4\u00e4n yht\u00e4 juhlaa. Espoon-kotiin on ilmestynyt koristeita ja kukkia tunnelmaa luomaan.<\/p>\n<p class=\"paragraph\">\u2013 Pakastin on t\u00e4ynn\u00e4 ja kolmen viikon ruoat on siell\u00e4. Mikrossa vaan l\u00e4mmittelen spagettikastiketta. H\u00e4n tekee hyvi\u00e4 kansanomaisia kotiruokia!<\/p>\n<p class=\"paragraph\">Kaksikon suhde alkoi h\u00e4nen mukaansa Kanariansaarilla, jossa nainen ilmestyi keikalla pidetyn silm\u00e4pelin j\u00e4lkeen takahuoneeseen.<\/p>\n<p class=\"paragraph\">\u2013 Erotiikkakin toimii loistavasti. Olen joutunut sanomaan, ett\u00e4 pit\u00e4\u00e4 v\u00e4h\u00e4n rauhoittaakin, h\u00e4n naurahtaa.<\/p>\n<p class=\"paragraph\">Sormuksenkin h\u00e4n on kullalleen ostanut, mutta se ei kuulemma ole kihlasormus.<\/p>\n<p class=\"paragraph\">\u2013 H\u00e4n on t\u00e4ll\u00e4 hetkell\u00e4 koeajossa, artisti kertoo ja sanoo ottavansa suhteessa askeleen kerrallaan johtuen aiemmista karvaista kokemuksista.<\/p>\n<p class=\"paragraph\">Mutta sitten hetken p\u00e4\u00e4st\u00e4 ihastus n\u00e4kyy selvemmin.<\/p>\n<p class=\"paragraph\">\u2013 Voisin menn\u00e4 h\u00e4nen kanssaan naimisiinkin, mutta kun h\u00e4n ei halua. H\u00e4n on lapsensakin jo tehnyt. Ja mun tyt\u00f6ll\u00e4ni on omat rahat, t\u00e4m\u00e4 on ensimm\u00e4inen nainen, jota en joudu el\u00e4tt\u00e4m\u00e4\u00e4n.<\/p>\n<p>Laulaja kertoo ostaneensa sormuksen naiselleen. Timur Yilmaz<\/p>\n<p>Reetu sijoittaa<\/p>\n<p class=\"paragraph\">Verop\u00e4iv\u00e4n\u00e4 se taas n\u00e4htiin, ett\u00e4 Frederik takoo vuodesta toiseen kovia tienestej\u00e4. Viime vuonna laulajan ansiotulot olivat 110 559 euroa ja p\u00e4\u00e4omatulot 96 328 euroa. Muutama vuosi sitten h\u00e4nen tulonsa olivat yli puoli miljoonaa.<\/p>\n<p class=\"paragraph\">Laulaja on tienannut huomattavan omaisuuden, ja nyt h\u00e4n kertoo miten.<\/p>\n<p class=\"paragraph\">\u2013 Olen ker\u00e4nnyt koko ajan rahaa ja sijoittanut kaiken. \u00c4lk\u00e4\u00e4 t\u00f6rs\u00e4tk\u00f6!<\/p>\n<p class=\"paragraph\">Frederik sanoo kokeneensa vuosien mittaan monenlaisia taloudellisia aallonpohjia ja hurjia nousuja. Suosion vuosina h\u00e4n takoi yli 300 keikkaa vuodessa.<\/p>\n<p class=\"paragraph\">\u2013 Tuolloin yritykseni liikevaihto oli miljoonaluokkaa, h\u00e4n sanoo.<\/p>\n<p class=\"paragraph\">Iskelm\u00e4t\u00e4hti on tehnyt my\u00f6s useamman kerran konkurssin, saanut niskaansa hurjat verovelat ja menett\u00e4nyt kaikki s\u00e4\u00e4st\u00f6ns\u00e4 \u2013 ja sitten noussut suosta. Jossain vaiheessa laulaja keksi alkaa ker\u00e4t\u00e4 itselleen puskurirahastoa. H\u00e4n laittoi parin vuoden palkan verran sijoituksiin ja osakkeisiin.<\/p>\n<p class=\"paragraph\">\u2013 Minulla on ollut sijoitusasuntoja ja osakkeita jo vuosia. Sielt\u00e4 tulee tuottoa koko ajan. El\u00e4n loppuel\u00e4m\u00e4ni ihan hyvin, mutta miljon\u00e4\u00e4ri en ole.<\/p>\n<p>\u2013 Kaiken omaisuuteni olen tehnyt laulamalla, Frederik sanoo. H\u00e4n kertoo sijoittaneensa rahojaan. Timur Yilmaz<\/p>\n<p class=\"paragraph\">H\u00e4n antaa neuvonsa, miten muut voida p\u00e4\u00e4st\u00e4 samaan tilanteeseen.<\/p>\n<p class=\"paragraph\">\u2013 Ei ole j\u00e4rke\u00e4 pit\u00e4\u00e4 rahoja pankissa. Sijoittakaa ne metsiin, maahan, sijoitusasuntoihin ja start up -yrityksiin. Suomi on start up -yritysten luvattu maa, h\u00e4n luettelee.<\/p>\n<p class=\"paragraph\">\u2013 Rahastoihin ei kannata sijoittaa, h\u00e4n neuvoo.<\/p>\n<p class=\"paragraph\">Taiteilijael\u00e4kett\u00e4 h\u00e4n on hakenut vuosia, eik\u00e4 ole sit\u00e4 saanut.<\/p>\n<p class=\"paragraph\">\u2013 Miksi? Olenko m\u00e4 taiteilija ollenkaan? Mik\u00e4 olen, pelle vai? h\u00e4n paahtaa.<\/p>\n<p class=\"paragraph\">Ei niin, ett\u00e4 el\u00e4m\u00e4nilo j\u00e4isi el\u00e4kkeen saamisesta kiinni.<\/p>\n<p class=\"paragraph\">Frederik sanoo tehneens\u00e4 viisi vuotta sitten testamentin, jossa jakaa omaisuutensa viiden tunnustamansa lapsen kesken. Ongelma on siin\u00e4, ett\u00e4 lehtolapsia saattaa ilmaantua. H\u00e4n ei halua perint\u00f6riitaa.<\/p>\n<p class=\"paragraph\">\u2013 Pyrin h\u00e4vitt\u00e4m\u00e4\u00e4n ennen kuolemaani omaisuuteni pois, h\u00e4n yll\u00e4tt\u00e4\u00e4.<\/p>\n<p>Iskelm\u00e4t\u00e4hti sanoo, ettei v\u00e4ltt\u00e4m\u00e4tt\u00e4 halua j\u00e4tt\u00e4\u00e4 isoa perint\u00f6\u00e4 j\u00e4lkel\u00e4isilleen. Timur Yilmaz<\/p>\n<p>Joulu kultainen<\/p>\n<p class=\"paragraph\">Viimeiset pari kuukautta legendaa on vaivannut sitke\u00e4 keuhkokuume.<\/p>\n<p class=\"paragraph\">\u2013 K\u00e4vin kokeissakin, mutta ei ollut sy\u00f6p\u00e4\u00e4.<\/p>\n<p class=\"paragraph\">Frederik tunnustaa ep\u00e4illeens\u00e4 sit\u00e4kin, kun vointi ei kohentunut. Nyt olo on kuitenkin parantunut sen verran, ett\u00e4 artisti pystyy l\u00e4htem\u00e4\u00e4n viikon p\u00e4\u00e4st\u00e4 Kanariansaarille.<\/p>\n<p class=\"paragraph\">Sielt\u00e4 h\u00e4n suuntaa naisyst\u00e4v\u00e4ns\u00e4 kanssa kuukaudeksi Floridaan <strong>Saana<\/strong>-tytt\u00e4rens\u00e4 perheen luokse viett\u00e4m\u00e4\u00e4n amerikkalaista joulua. Frederik aikoo ly\u00f6d\u00e4 jokaiselle nelj\u00e4lle lapsenlapselleen seteleit\u00e4 k\u00e4teen joululahjaksi.<\/p>\n<p class=\"paragraph\">\u2013 Olen tietenkin joulupukkina siell\u00e4, ja minua varten tilataan kinkku, kun en sit\u00e4 kuivaa kalkkunaa sy\u00f6. Se on kuin sahanpurua hampaissa!<\/p>\n<p>Frederik haluaa polttaa rauhanpiippua Dannyn kanssa \u2013 joulun kunniaksi. Timur Yilmaz<\/p>\n<p class=\"paragraph\">Pyhien j\u00e4lkeen h\u00e4n pyyhk\u00e4isee talvehtimaan Kanarialle, eik\u00e4 aio palata Suomeen kuin vasta huhtikuussa. Pian p\u00e4iv\u00e4nvalon n\u00e4kev\u00e4 Marianne-kappalekin kuvastaa legendan n\u00e4lk\u00e4\u00e4 aurinkoa kohtaan.<\/p>\n<p class=\"paragraph\">\u2013 Biisi kertoo siit\u00e4, ett\u00e4 etel\u00e4ss\u00e4 aurinkovarjon alla rannalla tempaudutaan rakastelemaan, h\u00e4n summaa.<\/p>\n<p class=\"paragraph\">Jouluksi Frederikill\u00e4 on yksi toive. H\u00e4n haluaa viimein p\u00e4\u00e4tt\u00e4\u00e4 yli vuoden jatkuneen riitansa <a href=\"https:\/\/www.iltalehti.fi\/henkilot\/Danny\" class=\"article-link-person-page\" rel=\"nofollow noopener\" target=\"_blank\">Dannyn<\/a> kanssa. Viihteen legendat ajautuivat sora\u00e4\u00e4niin peruuntuneen Retrojengi-kiertueen takia ja kaikenlaista tuli sanottua.<\/p>\n<p>Frederik sanoo, ett\u00e4 joulussa on t\u00e4rkeint\u00e4 hiljentyminen, hyv\u00e4 ruoka ja rakkaat ihmiset. Timur Yilmaz<\/p>\n<p class=\"paragraph\">He eiv\u00e4t ole n\u00e4hneet toisiaan sen j\u00e4lkeen. Mutta nyt joulun kunniaksi, k\u00e4yk\u00f6\u00f6n rauha maahan, sanoo junttidiskon kuningas. H\u00e4n haluaa toivottaa vanhalle yst\u00e4v\u00e4lleen Dannylle hyv\u00e4\u00e4 joulua ja pitk\u00e4\u00e4 ik\u00e4\u00e4.<\/p>\n<p class=\"paragraph\">\u2013 Meid\u00e4n pit\u00e4\u00e4 ly\u00f6d\u00e4 k\u00e4tt\u00e4 p\u00e4\u00e4lle, ottaa kaulasta toisiamme ja huutaa, ett\u00e4 vittu, hyv\u00e4\u00e4 jatkoa!<\/p>\n<p class=\"paragraph\">Siin\u00e4 puhui joulun henki.<\/p>\n","protected":false},"excerpt":{"rendered":"Junttidiskon kuningas Frederik on onnellisempi kuin pitk\u00e4\u00e4n aikaan. Nyt h\u00e4n kertoo Iltalehdelle siit\u00e4, miten el\u00e4m\u00e4n t\u00e4rke\u00e4t palaset ovat&hellip;\n","protected":false},"author":2,"featured_media":121409,"comment_status":"","ping_status":"","sticky":false,"template":"","format":"standard","meta":{"footnotes":""},"categories":[136],"tags":[35,138,407,137,33,31,30,408,47,141,886,887,32,109],"class_list":{"0":"post-121408","1":"post","2":"type-post","3":"status-publish","4":"format-standard","5":"has-post-thumbnail","7":"category-julkkikset","8":"tag-24h","9":"tag-audio","10":"tag-celebrities","11":"tag-entertainment","12":"tag-fi","13":"tag-finland","14":"tag-finnish","15":"tag-julkkikset","16":"tag-musiikki","17":"tag-muusikot-bandit","18":"tag-puolueet","19":"tag-suomen-politiikka","20":"tag-suomi","21":"tag-viihde"},"share_on_mastodon":{"url":"https:\/\/pubeurope.com\/@fi\/115751591909400230","error":""},"_links":{"self":[{"href":"https:\/\/www.europesays.com\/fi\/wp-json\/wp\/v2\/posts\/121408","targetHints":{"allow":["GET"]}}],"collection":[{"href":"https:\/\/www.europesays.com\/fi\/wp-json\/wp\/v2\/posts"}],"about":[{"href":"https:\/\/www.europesays.com\/fi\/wp-json\/wp\/v2\/types\/post"}],"author":[{"embeddable":true,"href":"https:\/\/www.europesays.com\/fi\/wp-json\/wp\/v2\/users\/2"}],"replies":[{"embeddable":true,"href":"https:\/\/www.europesays.com\/fi\/wp-json\/wp\/v2\/comments?post=121408"}],"version-history":[{"count":0,"href":"https:\/\/www.europesays.com\/fi\/wp-json\/wp\/v2\/posts\/121408\/revisions"}],"wp:featuredmedia":[{"embeddable":true,"href":"https:\/\/www.europesays.com\/fi\/wp-json\/wp\/v2\/media\/121409"}],"wp:attachment":[{"href":"https:\/\/www.europesays.com\/fi\/wp-json\/wp\/v2\/media?parent=121408"}],"wp:term":[{"taxonomy":"category","embeddable":true,"href":"https:\/\/www.europesays.com\/fi\/wp-json\/wp\/v2\/categories?post=121408"},{"taxonomy":"post_tag","embeddable":true,"href":"https:\/\/www.europesays.com\/fi\/wp-json\/wp\/v2\/tags?post=121408"}],"curies":[{"name":"wp","href":"https:\/\/api.w.org\/{rel}","templated":true}]}}