{"id":121410,"date":"2025-12-20T11:11:08","date_gmt":"2025-12-20T11:11:08","guid":{"rendered":"https:\/\/www.europesays.com\/fi\/121410\/"},"modified":"2025-12-20T11:11:08","modified_gmt":"2025-12-20T11:11:08","slug":"varkaat-himoavat-tuhansien-eurojen-kahvaa","status":"publish","type":"post","link":"https:\/\/www.europesays.com\/fi\/121410\/","title":{"rendered":"Varkaat himoavat tuhansien eurojen kahvaa"},"content":{"rendered":"<p>Arvokkaita Alvar Aallon ovenkahvoja on p\u00e4\u00e4tynyt varkaiden saaliiksi Rovaniemell\u00e4.<\/p>\n<p><img decoding=\"async\" class=\"image image-show image-preview\" src=\"https:\/\/www.europesays.com\/fi\/wp-content\/uploads\/2025\/12\/566040412032ecbc8bf74036a43bbf17702cdb6e518e7ce2f172d087a5f94a96.jpg\" alt=\"\"\/><img decoding=\"async\" class=\"image image-show\" src=\"https:\/\/www.europesays.com\/fi\/wp-content\/uploads\/2025\/12\/1766229068_701_566040412032ecbc8bf74036a43bbf17702cdb6e518e7ce2f172d087a5f94a96.jpg\" alt=\"\"\/><\/p>\n<p>Alvar Aallon suunnittelemista pronssikahvoista on maksettu parhaimmillaan jopa tuhansia euroja. Kuvituskuva Italiasta. AOP<\/p>\n<p class=\"paragraph\">Ovenkahvoja viev\u00e4t varkaat piinaavat Rovanieme\u00e4, kertoo <a href=\"https:\/\/www.lapinkansa.fi\/rovaniemen-kirjastolta-on-varastettu-alvar-aallon\/12461726\" rel=\"noopener nofollow\" target=\"_blank\">Lapin Kansa<\/a>.<\/p>\n<p class=\"paragraph\">Varkaat ovat vieneet <a href=\"https:\/\/www.iltalehti.fi\/henkilot\/Alvar Aalto\" class=\"article-link-person-page\" rel=\"nofollow noopener\" target=\"_blank\">Alvar Aallon<\/a> (1898\u20131976) suunnittelemia pronssikahvoja ainakin p\u00e4\u00e4kirjaston ja Lappia-talon ovista.<\/p>\n<p class=\"paragraph\">Alvar Aalto -s\u00e4\u00e4ti\u00f6n toimitusjohtaja <strong>Tommi Lindh<\/strong> kertoo LK:lle, ett\u00e4 alkuper\u00e4isten kahvojen arvo on useita tuhansia euroja.<\/p>\n<p class=\"paragraph\">Ensimm\u00e4iset varkaudet tapahtuivat kes\u00e4ll\u00e4, tuorein viime torstaina. Rovaniemen kaupunki on tehnyt kes\u00e4n tapahtumista rikosilmoituksen, ja sellaista valmistellaan my\u00f6s uusista varkauksista.<\/p>\n<p class=\"paragraph\">Vastaavia varkauksia on tehtailtu Lapin Kansan mukaan eri puolilla Suomea jo vuosikymmeni\u00e4, Aallon elinajasta l\u00e4htien.<\/p>\n<p class=\"paragraph\">\u2013 T\u00e4ss\u00e4 on sellainen tilanne, ett\u00e4 tulikohan suunniteltua v\u00e4h\u00e4n liian hieno kahva, Lindh nauraa LK:n haastattelussa.<\/p>\n<p class=\"paragraph\">Alvar Aalto -s\u00e4\u00e4ti\u00f6 on laatinut k\u00e4ytt\u00f6ohjeen, jossa neuvotaan, miten pronssikahvat voi kiinnitt\u00e4\u00e4 siten, ett\u00e4 niit\u00e4 on vaikeampi varastaa.<\/p>\n","protected":false},"excerpt":{"rendered":"Arvokkaita Alvar Aallon ovenkahvoja on p\u00e4\u00e4tynyt varkaiden saaliiksi Rovaniemell\u00e4. Alvar Aallon suunnittelemista pronssikahvoista on maksettu parhaimmillaan jopa tuhansia&hellip;\n","protected":false},"author":2,"featured_media":121411,"comment_status":"","ping_status":"","sticky":false,"template":"","format":"standard","meta":{"footnotes":""},"categories":[135],"tags":[35,389,387,388,36,390,137,33,31,30,52,5512,32,394,393,391,392,860,109,7249],"class_list":{"0":"post-121410","1":"post","2":"type-post","3":"status-publish","4":"format-standard","5":"has-post-thumbnail","7":"category-taiteet-ja-suunnittelu","8":"tag-24h","9":"tag-arts","10":"tag-arts-and-design","11":"tag-artsanddesign","12":"tag-asuintalot-ja-asunnot","13":"tag-design","14":"tag-entertainment","15":"tag-fi","16":"tag-finland","17":"tag-finnish","18":"tag-poliisi","19":"tag-rakennusten-tai-niiden-osien-rakentaminen-seka-maa-ja-vesirakentaminen","20":"tag-suomi","21":"tag-suunnittelu","22":"tag-taiteet","23":"tag-taiteet-ja-suunnittelu","24":"tag-taiteetsuunnittelu","25":"tag-tyoelama","26":"tag-viihde","27":"tag-yrityksen-johtaminen"},"share_on_mastodon":{"url":"https:\/\/pubeurope.com\/@fi\/115751595967814211","error":""},"_links":{"self":[{"href":"https:\/\/www.europesays.com\/fi\/wp-json\/wp\/v2\/posts\/121410","targetHints":{"allow":["GET"]}}],"collection":[{"href":"https:\/\/www.europesays.com\/fi\/wp-json\/wp\/v2\/posts"}],"about":[{"href":"https:\/\/www.europesays.com\/fi\/wp-json\/wp\/v2\/types\/post"}],"author":[{"embeddable":true,"href":"https:\/\/www.europesays.com\/fi\/wp-json\/wp\/v2\/users\/2"}],"replies":[{"embeddable":true,"href":"https:\/\/www.europesays.com\/fi\/wp-json\/wp\/v2\/comments?post=121410"}],"version-history":[{"count":0,"href":"https:\/\/www.europesays.com\/fi\/wp-json\/wp\/v2\/posts\/121410\/revisions"}],"wp:featuredmedia":[{"embeddable":true,"href":"https:\/\/www.europesays.com\/fi\/wp-json\/wp\/v2\/media\/121411"}],"wp:attachment":[{"href":"https:\/\/www.europesays.com\/fi\/wp-json\/wp\/v2\/media?parent=121410"}],"wp:term":[{"taxonomy":"category","embeddable":true,"href":"https:\/\/www.europesays.com\/fi\/wp-json\/wp\/v2\/categories?post=121410"},{"taxonomy":"post_tag","embeddable":true,"href":"https:\/\/www.europesays.com\/fi\/wp-json\/wp\/v2\/tags?post=121410"}],"curies":[{"name":"wp","href":"https:\/\/api.w.org\/{rel}","templated":true}]}}