{"id":121412,"date":"2025-12-20T11:13:10","date_gmt":"2025-12-20T11:13:10","guid":{"rendered":"https:\/\/www.europesays.com\/fi\/121412\/"},"modified":"2025-12-20T11:13:10","modified_gmt":"2025-12-20T11:13:10","slug":"teen-mom-tahden-oli-pakko-lopettaa-sarjassa-nain-hanella-menee-nyt","status":"publish","type":"post","link":"https:\/\/www.europesays.com\/fi\/121412\/","title":{"rendered":"Teen Mom -t\u00e4hden oli pakko lopettaa sarjassa \u2013 N\u00e4in h\u00e4nell\u00e4 menee nyt"},"content":{"rendered":"<p>Chelsea DeBoer j\u00e4tti Teen Momin vuonna 2020 ja t\u00e4hditt\u00e4\u00e4 nyt toista ohjelmaa.<\/p>\n<p><img decoding=\"async\" class=\"image image-show image-preview\" src=\"https:\/\/www.europesays.com\/fi\/wp-content\/uploads\/2025\/12\/292480df779c74217e4c0708bcd758cea97cd7b95994ad1b1c20cf57ece9d740.jpg\" alt=\"\"\/><img decoding=\"async\" class=\"image image-show\" src=\"https:\/\/www.europesays.com\/fi\/wp-content\/uploads\/2025\/12\/1766229189_721_292480df779c74217e4c0708bcd758cea97cd7b95994ad1b1c20cf57ece9d740.jpg\" alt=\"\"\/><\/p>\n<p>Chelsea ja Cole DeBoer eiv\u00e4t en\u00e4\u00e4 halua lastensa olevan massiivisen tv-huomion kohteena. Matt Baron\/BEI\/Shutterstock, All Over Press<\/p>\n<p class=\"paragraph\">Amerikkalainen <strong>Chelsea DeBoer<\/strong> muistetaan yhten\u00e4 Teen Mom -realityn teini\u00e4itin\u00e4. H\u00e4n sai esikoisensa <strong>Aubreen<\/strong> vuonna 2009 t\u00e4ytetty\u00e4\u00e4n juuri 18 vuotta. Nyt Aubree opettelee ajamaan, kun Chelsean uuden Designremontit-sarjan kolmas tuotantokausi k\u00e4ynnistyy. Tyt\u00e4r on pian 16-vuotias.<\/p>\n<p class=\"paragraph\">Sittemmin Chelsea on saanut kolme lasta lis\u00e4\u00e4, joskaan ei Aubreen is\u00e4n <strong>Adam Lindin<\/strong> kanssa. <strong>Watsonin<\/strong>, <strong>Laynen<\/strong> ja <strong>Walkerin<\/strong> is\u00e4 on <strong>Cole DeBoer<\/strong>, jonka Chelsea tapasi jo yli vuosikymmen sitten. He avioituivat vuonna 2015. Siit\u00e4 viisi vuotta my\u00f6hemmin Chelsea ilmoitti j\u00e4tt\u00e4v\u00e4ns\u00e4 Teen Momin. T\u00e4n\u00e4 syksyn\u00e4 Chelsea kertoi <a href=\"https:\/\/www.glamour.com\/story\/how-chelsea-deboer-went-from-teen-mom-to-hgtv-star\" target=\"_blank\" rel=\"noopener nofollow\">Glamourille<\/a>, ett\u00e4 h\u00e4n oli alkanut voida fyysisesti pahoin, kun kuvausryhm\u00e4 ilmestyi kuvaamaan h\u00e4nen perhett\u00e4\u00e4n. H\u00e4nen oli pakko lopettaa.<\/p>\n<p class=\"paragraph\">\u2013\u2009Kehoni vastusti kuvauksia. Minun oli aika siirty\u00e4 eteenp\u00e4in. Tuolloin en olisi voinut kuvitellakaan jatkavani tv-uraani, Chelsea sanoo haastattelussa.<\/p>\n<p>Chelsean ja Colen oma rakennusprojekti johti tv-sarjaan, joka puolestaan johti desingmyym\u00e4l\u00e4n perustamiseen.  Warner Bros. Discovery, Inc.<\/p>\n<p class=\"paragraph\">Lopettamisp\u00e4\u00e4t\u00f6ksen tehdess\u00e4\u00e4n Chelsealla ollut viel\u00e4 aavistustakaan siit\u00e4, mit\u00e4 h\u00e4n aikoisi jatkossa tehd\u00e4. Realityjulkisuus oli tuonut mukavasti leiv\u00e4n p\u00f6yt\u00e4\u00e4n. Rahaa oli niin hyvin my\u00f6s Colen t\u00f6iden ansioista, ett\u00e4 pari pystyi rakentamaan oman kodin. Silloin syttyi ajatus yhteisest\u00e4 tv-sarjasta. Designremontit oli syntynyt.<\/p>\n<p class=\"paragraph\">DeBoereiden koko perhe on yh\u00e4 jonkin verran l\u00e4sn\u00e4 my\u00f6s uudessa ohjelmassa, mutta aihepiiri on tyystin toinen. Nyt Chelsea ja Cole suunnittelevat ja toteuttavat n\u00e4ytt\u00e4vi\u00e4 remontteja, ja etenkin Chelsea sisustaa. T\u00e4rkein muutos entiseen on silti se, ett\u00e4 Chelsea kokee olevansa julkisuudessa omilla ehdoillaan. USA:ssa sarjaa tekee HGTV.<\/p>\n<p class=\"paragraph\">\u2013\u2009He vakuuttivat, etteiv\u00e4t he halua draamaa.<\/p>\n<p>Cole ja Chelsea auttavat kolmoskauden avausjaksossa Madisonia, jonka kodista remontoidaan olo- ja ty\u00f6huone sek\u00e4 keitti\u00f6. Warner Bros. Discovery, Inc.<\/p>\n<p class=\"paragraph\">Teini\u00e4itien kaltaista draamaa ei olekaan luvassa, mutta ihan ilmankaan ei selvit\u00e4. Heti avausjaksossa autoilija t\u00f6rm\u00e4\u00e4 pariskunnan kivijalkamyym\u00e4l\u00e4\u00e4n, jonka avajaisia j\u00e4rjestell\u00e4\u00e4n kovaa vauhtia.<\/p>\n<p class=\"paragraph\">Ty\u00f6n alla on muutakin: DeBoereiden kotikulmilla Sioux Fallsissa asuvan yksinhuoltaja\u00e4iti <strong>Madisonin<\/strong> talon remontti.<\/p>\n<p class=\"paragraph\">\u2013\u2009Madison oli teini\u00e4iti aivan niin kuin min\u00e4kin. My\u00f6s min\u00e4 olin ennen Colen tapaamista sinkku\u00e4iti, Chelsea listaa tv:ss\u00e4 yhtym\u00e4kohtia.<\/p>\n<p class=\"paragraph\">Designremontit t\u00e4n\u00e4\u00e4n TLC:ll\u00e4 kello 21.00 &amp; HBO Maxilla. <a href=\"https:\/\/www.iltalehti.fi\/telkku\/\" rel=\"nofollow noopener\" target=\"_blank\">Katso kaikki\u00a0TV-ohjelmat ja l\u00e4hetysajat Telkun TV-oppaasta<\/a>.<\/p>\n","protected":false},"excerpt":{"rendered":"Chelsea DeBoer j\u00e4tti Teen Momin vuonna 2020 ja t\u00e4hditt\u00e4\u00e4 nyt toista ohjelmaa. Chelsea ja Cole DeBoer eiv\u00e4t en\u00e4\u00e4&hellip;\n","protected":false},"author":2,"featured_media":121413,"comment_status":"","ping_status":"","sticky":false,"template":"","format":"standard","meta":{"footnotes":""},"categories":[133],"tags":[35,137,33,31,30,101,43,99,100,98,32,206,156,109],"class_list":{"0":"post-121412","1":"post","2":"type-post","3":"status-publish","4":"format-standard","5":"has-post-thumbnail","7":"category-televisiot","8":"tag-24h","9":"tag-entertainment","10":"tag-fi","11":"tag-finland","12":"tag-finnish","13":"tag-ihmissuhteet","14":"tag-jalkapallo","15":"tag-lapset","16":"tag-lapset-ja-nuoret","17":"tag-perhe","18":"tag-suomi","19":"tag-televisiot","20":"tag-tv","21":"tag-viihde"},"share_on_mastodon":{"url":"https:\/\/pubeurope.com\/@fi\/115751603935491387","error":""},"_links":{"self":[{"href":"https:\/\/www.europesays.com\/fi\/wp-json\/wp\/v2\/posts\/121412","targetHints":{"allow":["GET"]}}],"collection":[{"href":"https:\/\/www.europesays.com\/fi\/wp-json\/wp\/v2\/posts"}],"about":[{"href":"https:\/\/www.europesays.com\/fi\/wp-json\/wp\/v2\/types\/post"}],"author":[{"embeddable":true,"href":"https:\/\/www.europesays.com\/fi\/wp-json\/wp\/v2\/users\/2"}],"replies":[{"embeddable":true,"href":"https:\/\/www.europesays.com\/fi\/wp-json\/wp\/v2\/comments?post=121412"}],"version-history":[{"count":0,"href":"https:\/\/www.europesays.com\/fi\/wp-json\/wp\/v2\/posts\/121412\/revisions"}],"wp:featuredmedia":[{"embeddable":true,"href":"https:\/\/www.europesays.com\/fi\/wp-json\/wp\/v2\/media\/121413"}],"wp:attachment":[{"href":"https:\/\/www.europesays.com\/fi\/wp-json\/wp\/v2\/media?parent=121412"}],"wp:term":[{"taxonomy":"category","embeddable":true,"href":"https:\/\/www.europesays.com\/fi\/wp-json\/wp\/v2\/categories?post=121412"},{"taxonomy":"post_tag","embeddable":true,"href":"https:\/\/www.europesays.com\/fi\/wp-json\/wp\/v2\/tags?post=121412"}],"curies":[{"name":"wp","href":"https:\/\/api.w.org\/{rel}","templated":true}]}}