{"id":121414,"date":"2025-12-20T11:17:08","date_gmt":"2025-12-20T11:17:08","guid":{"rendered":"https:\/\/www.europesays.com\/fi\/121414\/"},"modified":"2025-12-20T11:17:08","modified_gmt":"2025-12-20T11:17:08","slug":"siirrot-assien-hopea-ja-kultasormi-paatti-lahtea-rovaniemelle-satakunnan-kansa","status":"publish","type":"post","link":"https:\/\/www.europesays.com\/fi\/121414\/","title":{"rendered":"Siirrot | \u00c4ssien hopea- ja kultasormi p\u00e4\u00e4tti l\u00e4hte\u00e4 Rovaniemelle &#8211; Satakunnan Kansa"},"content":{"rendered":"<ol>\n<li><a href=\"https:\/\/news.google.com\/rss\/articles\/CBMicEFVX3lxTE12TzI1QUk1UVRNNmhhcUFCYjM4eUtzdmpGdG51b0lIN04yS0l6Qi1Na3FMTWlpLWpWY3pBLURPelBiUGdEeWh2aUNCNmFfUFRGZ2drYUVOVGNvaWhKZFBnTENFcXEzRXZmODZGS3RLeWY?oc=5\" target=\"_blank\" rel=\"nofollow noopener\">Siirrot | \u00c4ssien hopea- ja kultasormi p\u00e4\u00e4tti l\u00e4hte\u00e4 Rovaniemelle<\/a>&nbsp;&nbsp;Satakunnan Kansa<\/li>\n<li><a href=\"https:\/\/news.google.com\/rss\/articles\/CBMiWkFVX3lxTE1lcmhkXzN5YXRYZzRac29EV3VuUEUyYlh6RnJYWjQwNVpMR0xVR212cGJjVWhWTUgxb25VZVNXWmJVdjhtbU5xMkxEVzEyRmd5TUZhemlpOXV5UQ?oc=5\" target=\"_blank\" rel=\"nofollow noopener\">KPL:n toiminnanjohtaja vaihtuu<\/a>&nbsp;&nbsp;Kouvolan Sanomat<\/li>\n<li><a href=\"https:\/\/news.google.com\/rss\/articles\/CBMiugFBVV95cUxOT2thLUN1SVpZdUJ5N3d3V1FhSi1zekhwc1lxN3pCSzFtdUk4Q2I0WWFKQ2hxUFllUWZLMGc1NTRyMFVnQWRWa01wRnlaLUtZUU81VFVpcm5TY3BvdllfVWlvNjJIN0lLOU5CTmVQWDA2OEMzV0JGSG5xbHZjUnY3MEtyOENYeGwzQkg3VDNxMElhT3ZlVVFWaG9VVENSa2ZNNDBqWmttb0RBd1dtV3h0aE5GMFktWmV5c2c?oc=5\" target=\"_blank\" rel=\"nofollow noopener\">J\u00e4\u00e4kiekon pariin palaava Mika Toivola on RoKin uusi toimitusjohtaja<\/a>&nbsp;&nbsp;Jatkoaika.com<\/li>\n<li><a href=\"https:\/\/news.google.com\/rss\/articles\/CBMilgFBVV95cUxNRUZuZ1M3azRUTmdFQV9TRWtycjdISnQ2MVBUZjhyTnRQb2s0WGcwRU96QU5jVEZ5Tnl2cmpGZm1falRnaUtLU0lLQjRpVlF3UzJwYnFxV2VGRGdiNTZyN3hRVmJJcTVPYmFNbkZfTkJ2ZEI3alpudnFYSmJVUjZsUVJBMWV0VmdJSWQ5ZHd5Wm1VREJrYmc?oc=5\" target=\"_blank\" rel=\"nofollow noopener\">Paluu j\u00e4\u00e4kiekkoon: Mestis-seura hankki kovan luokan nimen<\/a>&nbsp;&nbsp;Sportti.com<\/li>\n<li><a href=\"https:\/\/news.google.com\/rss\/articles\/CBMibkFVX3lxTFA5T0lJWFo2Unp2TXNUS1lVM21pUnBWeEJSZkJ2RUlCVGRzbzVzX2Fab1FCakNmclkyUlJxWFA4R2tLQ0RRam9LcjJKQjJ0ZlZwRVgybFFfSW81d1kyOWtmSjNVUVBtS1QzdG12N3hn?oc=5\" target=\"_blank\" rel=\"nofollow noopener\">Irtisanoutuminen | \u00c4ssien mestari- ja hopeamies j\u00e4tti teht\u00e4v\u00e4ns\u00e4 \u2013 \u201dOmaan ty\u00f6panokseeni olen tyytyv\u00e4inen\u201d<\/a>&nbsp;&nbsp;Satakunnan Kansa<\/li>\n<\/ol>\n","protected":false},"excerpt":{"rendered":"Siirrot | \u00c4ssien hopea- ja kultasormi p\u00e4\u00e4tti l\u00e4hte\u00e4 Rovaniemelle&nbsp;&nbsp;Satakunnan Kansa KPL:n toiminnanjohtaja vaihtuu&nbsp;&nbsp;Kouvolan Sanomat J\u00e4\u00e4kiekon pariin palaava Mika&hellip;\n","protected":false},"author":2,"featured_media":121415,"comment_status":"","ping_status":"","sticky":false,"template":"","format":"standard","meta":{"footnotes":""},"categories":[158],"tags":[33,31,30,80,159,32,160],"class_list":{"0":"post-121414","1":"post","2":"type-post","3":"status-publish","4":"format-standard","5":"has-post-thumbnail","7":"category-urheilu","8":"tag-fi","9":"tag-finland","10":"tag-finnish","11":"tag-satakunnan-kansa","12":"tag-sports","13":"tag-suomi","14":"tag-urheilu"},"share_on_mastodon":{"url":"https:\/\/pubeurope.com\/@fi\/115751619659356630","error":""},"_links":{"self":[{"href":"https:\/\/www.europesays.com\/fi\/wp-json\/wp\/v2\/posts\/121414","targetHints":{"allow":["GET"]}}],"collection":[{"href":"https:\/\/www.europesays.com\/fi\/wp-json\/wp\/v2\/posts"}],"about":[{"href":"https:\/\/www.europesays.com\/fi\/wp-json\/wp\/v2\/types\/post"}],"author":[{"embeddable":true,"href":"https:\/\/www.europesays.com\/fi\/wp-json\/wp\/v2\/users\/2"}],"replies":[{"embeddable":true,"href":"https:\/\/www.europesays.com\/fi\/wp-json\/wp\/v2\/comments?post=121414"}],"version-history":[{"count":0,"href":"https:\/\/www.europesays.com\/fi\/wp-json\/wp\/v2\/posts\/121414\/revisions"}],"wp:featuredmedia":[{"embeddable":true,"href":"https:\/\/www.europesays.com\/fi\/wp-json\/wp\/v2\/media\/121415"}],"wp:attachment":[{"href":"https:\/\/www.europesays.com\/fi\/wp-json\/wp\/v2\/media?parent=121414"}],"wp:term":[{"taxonomy":"category","embeddable":true,"href":"https:\/\/www.europesays.com\/fi\/wp-json\/wp\/v2\/categories?post=121414"},{"taxonomy":"post_tag","embeddable":true,"href":"https:\/\/www.europesays.com\/fi\/wp-json\/wp\/v2\/tags?post=121414"}],"curies":[{"name":"wp","href":"https:\/\/api.w.org\/{rel}","templated":true}]}}