{"id":121416,"date":"2025-12-20T11:18:09","date_gmt":"2025-12-20T11:18:09","guid":{"rendered":"https:\/\/www.europesays.com\/fi\/121416\/"},"modified":"2025-12-20T11:18:09","modified_gmt":"2025-12-20T11:18:09","slug":"prinssi-james-windsor-taysi-ikaistyi-suuri-kuninkaallinen-paatos-edessa","status":"publish","type":"post","link":"https:\/\/www.europesays.com\/fi\/121416\/","title":{"rendered":"Prinssi James Windsor t\u00e4ysi-ik\u00e4istyi \u2013 suuri kuninkaallinen p\u00e4\u00e4t\u00f6s edess\u00e4"},"content":{"rendered":"<p>            All Over Press\n        <\/p>\n<p class=\"subtitle \">Prinssi Edwardin ja herttuatar Sophien poika t\u00e4ytti keskiviikkona 18 vuotta.<\/p>\n<p class=\"article-content article-content-width !bg-background\">Prinssi  ja herttuatar  poika ja kuningatar  nuorin lapsenlapsi\u00a0 t\u00e4ytti keskiviikkona 17. joulukuuta 18 vuotta. T\u00e4ysi-ik\u00e4istymisen my\u00f6t\u00e4 esiin on noussut t\u00e4rke\u00e4 kuninkaallinen p\u00e4\u00e4t\u00f6s.<\/p>\n<p class=\"font-weight-bold m-font-weight-bold article-content article-content-width !bg-background\">Katso video: Euroopan rikkaimmat kuninkaalliset<\/p>\n<p class=\"article-content article-content-width !bg-background\">James on Wessexin kreivi. Hallitsijan pojan lapsena h\u00e4nell\u00e4 on oikeus prinssin arvonimeen ja H\u00e4nen kuninkaallinen korkeutensa -nimitykseen.<\/p>\n<p class=\"article-content article-content-width !bg-background\">Jamesin serkut prinsessa  ja prinsessa  ovat k\u00e4ytt\u00e4neet prinsessan arvonimi\u00e4 is\u00e4ns\u00e4, entisen prinssin , toiveiden mukaisesti syntym\u00e4st\u00e4\u00e4n l\u00e4htien. Prinssi Edward ja herttuatar Sophie valitsivat kuitenkin toisenlaisen linjan omille lapsilleen.<\/p>\n<p class=\"article-content article-content-width !bg-background\">He antoivat lapsilleen mahdollisuuden itse p\u00e4\u00e4tt\u00e4\u00e4 t\u00e4ysi-ik\u00e4isiksi tultuaan, haluavatko he k\u00e4ytt\u00e4\u00e4 kuninkaallisia arvonimi\u00e4. Tyt\u00e4r Lady  t\u00e4ytti 18 vuotta marraskuussa 2021, mutta ei ole julkisesti ottanut k\u00e4ytt\u00f6\u00f6n kuninkaallista arvonime\u00e4.<\/p>\n<p>        <a itemprop=\"url\" href=\"https:\/\/www.seiska.fi\/kuninkaalliset\/prinssi-edward-rikkoi-raikeasti-saantoja-kuvat-leviavat-netissa\/1853744\" rel=\"nofollow noopener\" target=\"_blank\"><\/p>\n<p>\nKuvat levi\u00e4v\u00e4t\n<\/p>\n<p class=\"section-date\">\n        <strong class=\"article-section\" data-section=\"kuninkaalliset\"><br \/>\n            kuninkaalliset<br \/>\n        <\/strong><br \/>\n        1.7. 11:01\n    <\/p>\n<p>Prinssi Edward rikkoi r\u00e4ike\u00e4sti s\u00e4\u00e4nt\u00f6j\u00e4 \u2013 kuvat levi\u00e4v\u00e4t netiss\u00e4\n    <\/p>\n<p itemprop=\"description\" class=\"subtitle \">\n    Edwardin yll\u00e4tt\u00e4m\u00e4 nainen on kertonut tilanteesta.\n<\/p>\n<p>        <\/a><\/p>\n<p>                <img decoding=\"async\" src=\"https:\/\/www.europesays.com\/fi\/wp-content\/uploads\/2025\/12\/2025851.webp\" width=\"576\" height=\"624\" alt=\"Prinssi Edward ja poika James p\u00e4\u00e4si\u00e4isen\u00e4 2025.\" loading=\"lazy\" \/>            <\/p>\n<p>\n            Prinssi Edward ja poika James p\u00e4\u00e4si\u00e4isen\u00e4 2025.<br \/>\n            All Over Press\n        <\/p>\n<p>Joutuvat ty\u00f6skentelem\u00e4\u00e4n elantonsa eteen<\/p>\n<p class=\"article-content article-content-width !bg-background\">Sophie selitti p\u00e4\u00e4t\u00f6st\u00e4 <a href=\"https:\/\/www.thetimes.com\/life-style\/article\/can-sophie-countess-of-wessex-steady-the-royal-ship-qngnxsdcg\" target=\"_blank\" rel=\"nofollow noopener\">The Sunday Timesille<\/a> vuonna 2023<\/p>\n<p class=\"article-content article-content-width !bg-background\">\u2013 Yrit\u00e4mme kasvattaa heid\u00e4t ymm\u00e4rt\u00e4m\u00e4\u00e4n, ett\u00e4 heid\u00e4n on hyvin todenn\u00e4k\u00f6isesti ansaittava elantonsa ty\u00f6t\u00e4 tekem\u00e4ll\u00e4. Siksi p\u00e4\u00e4timme, etteiv\u00e4t he k\u00e4yt\u00e4 titteleit\u00e4. Heill\u00e4 on ne, ja he voivat 18 vuotta t\u00e4ytetty\u00e4\u00e4n p\u00e4\u00e4tt\u00e4\u00e4 niiden k\u00e4yt\u00f6st\u00e4, mutta pid\u00e4n sit\u00e4 hyvin ep\u00e4todenn\u00e4k\u00f6isen\u00e4, herttuatar sanoi.<\/p>\n<p class=\"article-content article-content-width !bg-background\">Louise ja James osallistuvat usein vanhempiensa kanssa kuninkaallisen perheen tilaisuuksiin, kuten joulun- ja p\u00e4\u00e4si\u00e4isenviettoon ja sek\u00e4 Trooping the Colour -paraatiin, mutta heilt\u00e4 ei odoteta t\u00e4ysip\u00e4iv\u00e4isi\u00e4 edustusteht\u00e4vi\u00e4 kuten prinssi  lapsilta.\u00a0<\/p>\n<p>        <a itemprop=\"url\" href=\"https:\/\/www.seiska.fi\/kuninkaalliset\/meghanin-syrjayttamalta-herttuattarelta-jaatava-kuitti-prinssiparista\/1838314\" rel=\"nofollow noopener\" target=\"_blank\"><\/p>\n<p>\nMeghanin syrj\u00e4ytt\u00e4m\u00e4 herttuatar\n<\/p>\n<p class=\"section-date\">\n        <strong class=\"article-section\" data-section=\"kuninkaalliset\"><br \/>\n            kuninkaalliset<br \/>\n        <\/strong><br \/>\n        16.6. 11:05\n    <\/p>\n<p>Meghanin syrj\u00e4ytt\u00e4m\u00e4lt\u00e4 herttuattarelta j\u00e4\u00e4t\u00e4v\u00e4 kuitti prinssiparista\n    <\/p>\n<p itemprop=\"description\" class=\"subtitle \">\n    Kuningatar Elisabetin lempiherttuataren sanat asettavat Meghanin ty\u00f6moraalin kyseenalaiseen asemaan.\n<\/p>\n<p>        <\/a><\/p>\n<p>Ei peri arvonime\u00e4<\/p>\n<p class=\"article-content article-content-width !bg-background\">Prinssi Edwardin lapset keskittyv\u00e4t toistaiseksi opiskeluun. Lady Louise opiskelee Skotlannissa St Andrewsin yliopistossa, jossa William ja prinsessa  aikoinaan tapasivat, kun taas James k\u00e4y Radley Collegea, poikien sis\u00e4oppilaitosta Oxfordshiress\u00e4.<\/p>\n<p class=\"article-content article-content-width !bg-background\">Jamesista tuli Wessexin kreivi sen j\u00e4lkeen, kun h\u00e4nen is\u00e4ns\u00e4 otti k\u00e4ytt\u00f6\u00f6n Edinburghin herttuan arvonimen maaliskuussa 2023.\u00a0<\/p>\n<p class=\"article-content article-content-width !bg-background\">James ei kuitenkaan tule aikanaan perim\u00e4\u00e4n Edinburghin herttuan arvonime\u00e4, sill\u00e4 Buckinghamin palatsi t\u00e4smensi, ett\u00e4 Edward pit\u00e4\u00e4 hallussaan arvonime\u00e4 elinik\u00e4ns\u00e4 ajan. Sen j\u00e4lkeen se palautuu kruunulle.<\/p>\n<p>        <a itemprop=\"url\" href=\"https:\/\/www.seiska.fi\/kuninkaalliset\/kuvat-mita-ihmetta-prinssi-edward-touhusi-luonnossa\/1653847\" rel=\"nofollow noopener\" target=\"_blank\"><\/p>\n<p>\nPrinssi Edward\n<\/p>\n<p class=\"section-date\">\n        <strong class=\"article-section\" data-section=\"kuninkaalliset\"><br \/>\n            kuninkaalliset<br \/>\n        <\/strong><br \/>\n        25.3. 19:00\n    <\/p>\n<p>Kuvat! Mit\u00e4 ihmett\u00e4 prinssi Edward touhusi luonnossa?\n    <\/p>\n<p itemprop=\"description\" class=\"subtitle \">\n    Herttua p\u00e4\u00e4si luonnonl\u00e4heisiin puuhiin.\n<\/p>\n<p>        <\/a><\/p>\n<p>                <img decoding=\"async\" src=\"https:\/\/www.europesays.com\/fi\/wp-content\/uploads\/2025\/12\/2025882.webp\" width=\"576\" height=\"312\" alt=\"Kuningatar Elisabetin pojanpoika t\u00e4ysi-ik\u00e4istyi \u2013 edess\u00e4 suuri p\u00e4\u00e4t\u00f6s\" loading=\"lazy\" \/>            <\/p>\n<p>            All Over Press\n        <\/p>\n","protected":false},"excerpt":{"rendered":"All Over Press Prinssi Edwardin ja herttuatar Sophien poika t\u00e4ytti keskiviikkona 18 vuotta. Prinssi ja herttuatar poika ja&hellip;\n","protected":false},"author":2,"featured_media":121417,"comment_status":"","ping_status":"","sticky":false,"template":"","format":"standard","meta":{"footnotes":""},"categories":[130],"tags":[1721,4257,137,33,31,30,15250,4256,21843,12539,212,6467,32,410,20351,109,21844,21845],"class_list":{"0":"post-121416","1":"post","2":"type-post","3":"status-publish","4":"format-standard","5":"has-post-thumbnail","7":"category-viihde","8":"tag-brittihovi","9":"tag-englannin-kuninkaallinen-perhe","10":"tag-entertainment","11":"tag-fi","12":"tag-finland","13":"tag-finnish","14":"tag-herttuatar-sophie","15":"tag-ison-britannian-hovi","16":"tag-james-windsor","17":"tag-kuningatar-elisabet","18":"tag-lifestyle","19":"tag-prinssi-edward","20":"tag-suomi","21":"tag-syntymapaiva","22":"tag-taysi-ikaisyys","23":"tag-viihde","24":"tag-wessexin-jaarli-james","25":"tag-wessexin-kreivi"},"share_on_mastodon":{"url":"https:\/\/pubeurope.com\/@fi\/115751623899338888","error":""},"_links":{"self":[{"href":"https:\/\/www.europesays.com\/fi\/wp-json\/wp\/v2\/posts\/121416","targetHints":{"allow":["GET"]}}],"collection":[{"href":"https:\/\/www.europesays.com\/fi\/wp-json\/wp\/v2\/posts"}],"about":[{"href":"https:\/\/www.europesays.com\/fi\/wp-json\/wp\/v2\/types\/post"}],"author":[{"embeddable":true,"href":"https:\/\/www.europesays.com\/fi\/wp-json\/wp\/v2\/users\/2"}],"replies":[{"embeddable":true,"href":"https:\/\/www.europesays.com\/fi\/wp-json\/wp\/v2\/comments?post=121416"}],"version-history":[{"count":0,"href":"https:\/\/www.europesays.com\/fi\/wp-json\/wp\/v2\/posts\/121416\/revisions"}],"wp:featuredmedia":[{"embeddable":true,"href":"https:\/\/www.europesays.com\/fi\/wp-json\/wp\/v2\/media\/121417"}],"wp:attachment":[{"href":"https:\/\/www.europesays.com\/fi\/wp-json\/wp\/v2\/media?parent=121416"}],"wp:term":[{"taxonomy":"category","embeddable":true,"href":"https:\/\/www.europesays.com\/fi\/wp-json\/wp\/v2\/categories?post=121416"},{"taxonomy":"post_tag","embeddable":true,"href":"https:\/\/www.europesays.com\/fi\/wp-json\/wp\/v2\/tags?post=121416"}],"curies":[{"name":"wp","href":"https:\/\/api.w.org\/{rel}","templated":true}]}}