{"id":121420,"date":"2025-12-20T11:21:12","date_gmt":"2025-12-20T11:21:12","guid":{"rendered":"https:\/\/www.europesays.com\/fi\/121420\/"},"modified":"2025-12-20T11:21:12","modified_gmt":"2025-12-20T11:21:12","slug":"suomalaisten-rahat-jumissa-kiinteistorahastoissa-jo-kolmatta-vuotta-2","status":"publish","type":"post","link":"https:\/\/www.europesays.com\/fi\/121420\/","title":{"rendered":"Suomalaisten rahat jumissa kiinteist\u00f6rahastoissa jo kolmatta vuotta"},"content":{"rendered":"<p>Varainhoitajat nostavat kiinteist\u00f6rahastoista kymmenien miljoonien eurojen palkkioita, mutta asiakkaat eiv\u00e4t voi nostaa rahojaan. Paine rahastoja kohtaan kasvaa koko ajan, sanoo analyytikko.<\/p>\n<p class=\"article-body mb-nof-24 px-nof-16\">kymmenien tuhansien suomalaissijoittajien rahat ovat edelleen jumissa kiinteist\u00f6rahastoissa.<\/p>\n<p class=\"article-body mb-nof-24 px-nof-16\">Ensimm\u00e4iset kiinteist\u00f6rahastot jarruttivat lunastuksia vuonna 2023, ja sen j\u00e4lkeen rahasto toisensa j\u00e4lkeen on sulkenut ovensa.<\/p>\n<p class=\"article-body mb-nof-24 px-nof-16\">Kaikkiaan yhdeks\u00e4n kiinteist\u00f6rahastoa on joko lyk\u00e4nnyt asiakkaiden rahojen lunastuksia tai keskeytt\u00e4nyt ne kokonaan. N\u00e4iss\u00e4 rahastoissa on yli nelj\u00e4 miljardia euroa osuudenomistajien varoja. Sijoittajia n\u00e4iss\u00e4 rahastoissa on yhteens\u00e4 l\u00e4hes 80\u202f000.<\/p>\n","protected":false},"excerpt":{"rendered":"Varainhoitajat nostavat kiinteist\u00f6rahastoista kymmenien miljoonien eurojen palkkioita, mutta asiakkaat eiv\u00e4t voi nostaa rahojaan. Paine rahastoja kohtaan kasvaa koko&hellip;\n","protected":false},"author":2,"featured_media":121421,"comment_status":"","ping_status":"","sticky":false,"template":"","format":"standard","meta":{"footnotes":""},"categories":[76],"tags":[79,77,33,31,30,80,32,78],"class_list":{"0":"post-121420","1":"post","2":"type-post","3":"status-publish","4":"format-standard","5":"has-post-thumbnail","7":"category-talous","8":"tag-business","9":"tag-economy","10":"tag-fi","11":"tag-finland","12":"tag-finnish","13":"tag-satakunnan-kansa","14":"tag-suomi","15":"tag-talous"},"share_on_mastodon":{"url":"https:\/\/pubeurope.com\/@fi\/115751635136457609","error":""},"_links":{"self":[{"href":"https:\/\/www.europesays.com\/fi\/wp-json\/wp\/v2\/posts\/121420","targetHints":{"allow":["GET"]}}],"collection":[{"href":"https:\/\/www.europesays.com\/fi\/wp-json\/wp\/v2\/posts"}],"about":[{"href":"https:\/\/www.europesays.com\/fi\/wp-json\/wp\/v2\/types\/post"}],"author":[{"embeddable":true,"href":"https:\/\/www.europesays.com\/fi\/wp-json\/wp\/v2\/users\/2"}],"replies":[{"embeddable":true,"href":"https:\/\/www.europesays.com\/fi\/wp-json\/wp\/v2\/comments?post=121420"}],"version-history":[{"count":0,"href":"https:\/\/www.europesays.com\/fi\/wp-json\/wp\/v2\/posts\/121420\/revisions"}],"wp:featuredmedia":[{"embeddable":true,"href":"https:\/\/www.europesays.com\/fi\/wp-json\/wp\/v2\/media\/121421"}],"wp:attachment":[{"href":"https:\/\/www.europesays.com\/fi\/wp-json\/wp\/v2\/media?parent=121420"}],"wp:term":[{"taxonomy":"category","embeddable":true,"href":"https:\/\/www.europesays.com\/fi\/wp-json\/wp\/v2\/categories?post=121420"},{"taxonomy":"post_tag","embeddable":true,"href":"https:\/\/www.europesays.com\/fi\/wp-json\/wp\/v2\/tags?post=121420"}],"curies":[{"name":"wp","href":"https:\/\/api.w.org\/{rel}","templated":true}]}}