{"id":121422,"date":"2025-12-20T11:22:11","date_gmt":"2025-12-20T11:22:11","guid":{"rendered":"https:\/\/www.europesays.com\/fi\/121422\/"},"modified":"2025-12-20T11:22:11","modified_gmt":"2025-12-20T11:22:11","slug":"yrittajagallup-pk-yritysten-taloustilanne-heikentynyt-entisestaan-uutissuomalainen","status":"publish","type":"post","link":"https:\/\/www.europesays.com\/fi\/121422\/","title":{"rendered":"Yritt\u00e4j\u00e4gallup: Pk-yritysten taloustilanne heikentynyt entisest\u00e4\u00e4n | Uutissuomalainen"},"content":{"rendered":"<p>Pienten ja keskisuurten yritysten taloustilanne on heikentynyt lokakuusta, kertoo Suomen Yritt\u00e4jien gallup. Gallupin mukaan alle puolet yrityksist\u00e4 arvioi taloudellisen tilanteensa eritt\u00e4in tai melko hyv\u00e4ksi. Noin kolmannes katsoo, ettei tilanne ole hyv\u00e4 eik\u00e4 huono. <\/p>\n<p>Viidennes arvioi tilanteensa olevan melko huono tai eritt\u00e4in huono.<\/p>\n<p>Suomen Yritt\u00e4j\u00e4t kertoo, ett\u00e4 tilanne on keskiarvoltaan heikoin sen j\u00e4lkeen, kun mittaaminen aloitettiin vuonna 2022.<\/p>\n<p>\u2013\u2009Hankalinta on pienimmill\u00e4 yrityksill\u00e4, palvelualoilla ja p\u00e4\u00e4kaupunkiseudun ulkopuolisella Uudellamaalla. Naisyritt\u00e4jien tilanne on selke\u00e4sti heikompi kuin miesyritt\u00e4jien. Naisyritt\u00e4jist\u00e4 noin joka nelj\u00e4s arvioi tilanteensa heikoksi, sanoo toimitusjohtaja Mikael Pentik\u00e4inen <a href=\"https:\/\/www.yrittajat.fi\/ajankohtaista\/tiedotteet\/yrittajagallup-pk-yritysten-tilanne-heikentynyt-huonoa-uutista-on-tullut-joka-tuutista\/\" rel=\"nofollow noopener\" target=\"_blank\">tiedotteessa<\/a>.<\/p>\n<p>\t\t\t\tTulevaisuudenn\u00e4kym\u00e4t heikentyneet<\/p>\n<p>Gallupin mukaan my\u00f6s n\u00e4kym\u00e4t seuraavaksi 12 kuukaudeksi ovat selv\u00e4sti heikentyneet syksyn aikana. Vain noin kolmannes yrityksist\u00e4 uskoo taloudellisen tilanteensa paranevan. L\u00e4hes viidennes ennakoi sen heikkenev\u00e4n. <\/p>\n<p>Pentik\u00e4inen sanoo, ett\u00e4 jatkuvat huonot uutiset heijastuvat yritt\u00e4jien ja heid\u00e4n asiakkaidensa mielialoihin ja n\u00e4kymiin. H\u00e4n toivoo ratkaisuksi rohkeita p\u00e4\u00e4t\u00f6ksi\u00e4 ja luottamusta vahvistavia toimia.<\/p>\n<p>Pentik\u00e4inen huomauttaa, ett\u00e4 yritt\u00e4jien keskuudessa huolta aiheuttaa my\u00f6s yritt\u00e4jien el\u00e4kelain YEL:in uudistus.<\/p>\n<p>\u2013\u2009Monia varsinkin pienempi\u00e4 yritt\u00e4ji\u00e4 kauhistuttaa yritt\u00e4jien el\u00e4kelain uudistus, jossa yritt\u00e4jille on tarjottu mittavia maksukorotuksia. Hallituksen pit\u00e4\u00e4 tehd\u00e4 pikimmiten selv\u00e4ksi, ett\u00e4 YEL-uudistus tehd\u00e4\u00e4n tavalla, joka kannustaa yritt\u00e4jyyteen eik\u00e4 nosta maksuja.<\/p>\n<p>Verianin toteuttamaan gallupiin vastasi yli tuhat\u202fpk-yritysten edustajaa joulukuun alkupuolella. Luottamusv\u00e4li on kokonaistulosten osalta kolme prosenttiyksikk\u00f6\u00e4 suuntaansa.<\/p>\n","protected":false},"excerpt":{"rendered":"Pienten ja keskisuurten yritysten taloustilanne on heikentynyt lokakuusta, kertoo Suomen Yritt\u00e4jien gallup. Gallupin mukaan alle puolet yrityksist\u00e4 arvioi&hellip;\n","protected":false},"author":2,"featured_media":121423,"comment_status":"","ping_status":"","sticky":false,"template":"","format":"standard","meta":{"footnotes":""},"categories":[14],"tags":[22,23,26,27,33,31,30,17,24,25,28,29,15,18,21,21846,637,885,887,32,78,19,20,860,5633,56,16,59,60,61],"class_list":{"0":"post-121422","1":"post","2":"type-post","3":"status-publish","4":"format-standard","5":"has-post-thumbnail","7":"category-ulkomaat","8":"tag-breaking-news","9":"tag-breakingnews","10":"tag-featured-news","11":"tag-featurednews","12":"tag-fi","13":"tag-finland","14":"tag-finnish","15":"tag-headlines","16":"tag-latest-news","17":"tag-latestnews","18":"tag-main-news","19":"tag-mainnews","20":"tag-news","21":"tag-otsikot","22":"tag-paauutiset","23":"tag-pentik-oy","24":"tag-politiikka","25":"tag-suomen-poliittiset-puolueet","26":"tag-suomen-politiikka","27":"tag-suomi","28":"tag-talous","29":"tag-top-stories","30":"tag-topstories","31":"tag-tyoelama","32":"tag-tyomarkkinapolitiikka","33":"tag-ulkomaat","34":"tag-uutiset","35":"tag-world","36":"tag-world-news","37":"tag-worldnews"},"share_on_mastodon":{"url":"https:\/\/pubeurope.com\/@fi\/115751639059950156","error":""},"_links":{"self":[{"href":"https:\/\/www.europesays.com\/fi\/wp-json\/wp\/v2\/posts\/121422","targetHints":{"allow":["GET"]}}],"collection":[{"href":"https:\/\/www.europesays.com\/fi\/wp-json\/wp\/v2\/posts"}],"about":[{"href":"https:\/\/www.europesays.com\/fi\/wp-json\/wp\/v2\/types\/post"}],"author":[{"embeddable":true,"href":"https:\/\/www.europesays.com\/fi\/wp-json\/wp\/v2\/users\/2"}],"replies":[{"embeddable":true,"href":"https:\/\/www.europesays.com\/fi\/wp-json\/wp\/v2\/comments?post=121422"}],"version-history":[{"count":0,"href":"https:\/\/www.europesays.com\/fi\/wp-json\/wp\/v2\/posts\/121422\/revisions"}],"wp:featuredmedia":[{"embeddable":true,"href":"https:\/\/www.europesays.com\/fi\/wp-json\/wp\/v2\/media\/121423"}],"wp:attachment":[{"href":"https:\/\/www.europesays.com\/fi\/wp-json\/wp\/v2\/media?parent=121422"}],"wp:term":[{"taxonomy":"category","embeddable":true,"href":"https:\/\/www.europesays.com\/fi\/wp-json\/wp\/v2\/categories?post=121422"},{"taxonomy":"post_tag","embeddable":true,"href":"https:\/\/www.europesays.com\/fi\/wp-json\/wp\/v2\/tags?post=121422"}],"curies":[{"name":"wp","href":"https:\/\/api.w.org\/{rel}","templated":true}]}}