{"id":121424,"date":"2025-12-20T11:23:08","date_gmt":"2025-12-20T11:23:08","guid":{"rendered":"https:\/\/www.europesays.com\/fi\/121424\/"},"modified":"2025-12-20T11:23:08","modified_gmt":"2025-12-20T11:23:08","slug":"keski-suomen-pelastuslaitos-onnettomuustiedote-keski-suomen-hyvinvointialue-2","status":"publish","type":"post","link":"https:\/\/www.europesays.com\/fi\/121424\/","title":{"rendered":"Keski-Suomen pelastuslaitos onnettomuustiedote | Keski-Suomen hyvinvointialue"},"content":{"rendered":"<p><strong><\/p>\n<p>Keski-Suomen pelastuslaitos pelasti kylmettyneen uimarin Survontiell\u00e4, Jyv\u00e4skyl\u00e4ss\u00e4 20.12.2025. Ohikulkija huomasi vedess\u00e4 olevan henkil\u00f6n, joka ei reagoinut huutoihin. Pintapelastajat noutivat henkil\u00f6n 25 metrin p\u00e4\u00e4st\u00e4 rannasta, ja ensihoito kuljetti jatkohoitoon.\u00a0<\/p>\n<p><\/strong><\/p>\n<p>Keski-Suomen pelastuslaitos<\/p>\n<p>Tiedote 20.12.2025<\/p>\n<p><strong>Onnettomuustiedote (Ihmisen pelastaminen vedest\u00e4, survontie, Jyv\u00e4skyl\u00e4)<\/strong><\/p>\n<p>Henkil\u00f6 vedess\u00e4 noin 25metrin p\u00e4\u00e4ss\u00e4 rannasta. Pelastuslaitoksen pintapelastajat noutivat kylmettyneen uimarin rantaan ja ensihoito kuljetti uimarin jatkohoitoon.\u00a0<\/p>\n<p>Ohikulkija ilmoitti tilanteesta, kun huomasi rantaraitilla vaatteita ja havaitsi vedess\u00e4 ihmisen, joka ei vastannut huuteluun.\u00a0<\/p>\n<p><strong>Lis\u00e4tietoja:<\/strong>\u00a0p\u00e4ivyst\u00e4v\u00e4lt\u00e4 palomestarilta puh. 0500 542\u00a0112<\/p>\n","protected":false},"excerpt":{"rendered":"Keski-Suomen pelastuslaitos pelasti kylmettyneen uimarin Survontiell\u00e4, Jyv\u00e4skyl\u00e4ss\u00e4 20.12.2025. Ohikulkija huomasi vedess\u00e4 olevan henkil\u00f6n, joka ei reagoinut huutoihin. Pintapelastajat&hellip;\n","protected":false},"author":2,"featured_media":121425,"comment_status":"","ping_status":"","sticky":false,"template":"","format":"standard","meta":{"footnotes":""},"categories":[12],"tags":[22,23,26,27,33,31,30,17,24,25,28,29,15,18,21,32,19,20,16],"class_list":{"0":"post-121424","1":"post","2":"type-post","3":"status-publish","4":"format-standard","5":"has-post-thumbnail","7":"category-suomi","8":"tag-breaking-news","9":"tag-breakingnews","10":"tag-featured-news","11":"tag-featurednews","12":"tag-fi","13":"tag-finland","14":"tag-finnish","15":"tag-headlines","16":"tag-latest-news","17":"tag-latestnews","18":"tag-main-news","19":"tag-mainnews","20":"tag-news","21":"tag-otsikot","22":"tag-paauutiset","23":"tag-suomi","24":"tag-top-stories","25":"tag-topstories","26":"tag-uutiset"},"share_on_mastodon":{"url":"https:\/\/pubeurope.com\/@fi\/115751643002471598","error":""},"_links":{"self":[{"href":"https:\/\/www.europesays.com\/fi\/wp-json\/wp\/v2\/posts\/121424","targetHints":{"allow":["GET"]}}],"collection":[{"href":"https:\/\/www.europesays.com\/fi\/wp-json\/wp\/v2\/posts"}],"about":[{"href":"https:\/\/www.europesays.com\/fi\/wp-json\/wp\/v2\/types\/post"}],"author":[{"embeddable":true,"href":"https:\/\/www.europesays.com\/fi\/wp-json\/wp\/v2\/users\/2"}],"replies":[{"embeddable":true,"href":"https:\/\/www.europesays.com\/fi\/wp-json\/wp\/v2\/comments?post=121424"}],"version-history":[{"count":0,"href":"https:\/\/www.europesays.com\/fi\/wp-json\/wp\/v2\/posts\/121424\/revisions"}],"wp:featuredmedia":[{"embeddable":true,"href":"https:\/\/www.europesays.com\/fi\/wp-json\/wp\/v2\/media\/121425"}],"wp:attachment":[{"href":"https:\/\/www.europesays.com\/fi\/wp-json\/wp\/v2\/media?parent=121424"}],"wp:term":[{"taxonomy":"category","embeddable":true,"href":"https:\/\/www.europesays.com\/fi\/wp-json\/wp\/v2\/categories?post=121424"},{"taxonomy":"post_tag","embeddable":true,"href":"https:\/\/www.europesays.com\/fi\/wp-json\/wp\/v2\/tags?post=121424"}],"curies":[{"name":"wp","href":"https:\/\/api.w.org\/{rel}","templated":true}]}}