{"id":121426,"date":"2025-12-20T11:24:09","date_gmt":"2025-12-20T11:24:09","guid":{"rendered":"https:\/\/www.europesays.com\/fi\/121426\/"},"modified":"2025-12-20T11:24:09","modified_gmt":"2025-12-20T11:24:09","slug":"ilkka-herola-onnistui-maessa-suomalaiset-loistoasemissa","status":"publish","type":"post","link":"https:\/\/www.europesays.com\/fi\/121426\/","title":{"rendered":"Ilkka Herola onnistui m\u00e4ess\u00e4, suomalaiset loistoasemissa"},"content":{"rendered":"<p>Suomen yhdistetyn k\u00e4rkinimet onnistuivat mainiosti maailmancupin Ramsaun normaalikisan m\u00e4kiosuudella. Heta Hirvonen, Minja Korhonen ja Ilkka Herola ovat kaikki mukana taistelussa palkintokorokesijoista.<\/p>\n<p>Herola venytti miesten m\u00e4kiosuudella toiseksi ja l\u00e4htee 48 sekuntia per\u00e4ss\u00e4 ylivoimaisen ykk\u00f6stilan napannutta <strong class=\"typography-bold\">Thomas Retteneggeri\u00e4<\/strong>. Herola venytti 91 metrin hypyn. Muista suomalaisista <strong class=\"typography-bold\">Otto Niittykoski<\/strong> l\u00e4htee minuutin ja 44 sekuntia k\u00e4rke\u00e4 per\u00e4ss\u00e4, <strong class=\"typography-bold\">Eero Hirvosella<\/strong> eroa on 2.04, <strong class=\"typography-bold\">Wille Karhumaalla<\/strong> kuusi sekuntia enemm\u00e4n ja <strong class=\"typography-bold\">Herman Happosen<\/strong> hiihto-osuus l\u00e4htee kaksi minuuttia ja 38 sekuntia k\u00e4rke\u00e4 per\u00e4ss\u00e4.<\/p>\n<p>Heta Hirvonen ja Minja Korhonen p\u00e4\u00e4sev\u00e4t hyvist\u00e4 asemista hiihto-osuudelle naisten kilpailussa. Hirvonen venytti normaalim\u00e4est\u00e4 91 metri\u00e4 ja oli m\u00e4kiosuuden viides. Korhonen leiskautti 88,5 metri\u00e4 ja on seitsem\u00e4nten\u00e4. Molemmilla on eroa norjalaisk\u00e4rki <strong class=\"typography-bold\">Ingrid L\u00e5teen<\/strong> alle puolitoista minuuttia. Hirvosella on eroa palkintokorokesijaan kymmenen ja Korhosella 15 sekuntia.\u00a0<\/p>\n<p><strong class=\"typography-bold\">Anna Kerko<\/strong> oli m\u00e4kiosuuden 24:s ja l\u00e4htee matkaan kolmen minuuttia ja 39 sekuntia k\u00e4rke\u00e4 per\u00e4ss\u00e4. Viiden kilometrin hiihto-osuus alkaa kello 16.30. Miesten kymmenen kilometrin p\u00e4tk\u00e4 hiihdet\u00e4\u00e4n kello 15.45 alkaen.<\/p>\n","protected":false},"excerpt":{"rendered":"Suomen yhdistetyn k\u00e4rkinimet onnistuivat mainiosti maailmancupin Ramsaun normaalikisan m\u00e4kiosuudella. Heta Hirvonen, Minja Korhonen ja Ilkka Herola ovat kaikki&hellip;\n","protected":false},"author":2,"featured_media":121427,"comment_status":"","ping_status":"","sticky":false,"template":"","format":"standard","meta":{"footnotes":""},"categories":[5],"tags":[22,23,26,27,33,31,30,17,24,25,28,29,15,18,21,32,19,20,16],"class_list":{"0":"post-121426","1":"post","2":"type-post","3":"status-publish","4":"format-standard","5":"has-post-thumbnail","7":"category-otsikot","8":"tag-breaking-news","9":"tag-breakingnews","10":"tag-featured-news","11":"tag-featurednews","12":"tag-fi","13":"tag-finland","14":"tag-finnish","15":"tag-headlines","16":"tag-latest-news","17":"tag-latestnews","18":"tag-main-news","19":"tag-mainnews","20":"tag-news","21":"tag-otsikot","22":"tag-paauutiset","23":"tag-suomi","24":"tag-top-stories","25":"tag-topstories","26":"tag-uutiset"},"share_on_mastodon":{"url":"https:\/\/pubeurope.com\/@fi\/115751646867763696","error":""},"_links":{"self":[{"href":"https:\/\/www.europesays.com\/fi\/wp-json\/wp\/v2\/posts\/121426","targetHints":{"allow":["GET"]}}],"collection":[{"href":"https:\/\/www.europesays.com\/fi\/wp-json\/wp\/v2\/posts"}],"about":[{"href":"https:\/\/www.europesays.com\/fi\/wp-json\/wp\/v2\/types\/post"}],"author":[{"embeddable":true,"href":"https:\/\/www.europesays.com\/fi\/wp-json\/wp\/v2\/users\/2"}],"replies":[{"embeddable":true,"href":"https:\/\/www.europesays.com\/fi\/wp-json\/wp\/v2\/comments?post=121426"}],"version-history":[{"count":0,"href":"https:\/\/www.europesays.com\/fi\/wp-json\/wp\/v2\/posts\/121426\/revisions"}],"wp:featuredmedia":[{"embeddable":true,"href":"https:\/\/www.europesays.com\/fi\/wp-json\/wp\/v2\/media\/121427"}],"wp:attachment":[{"href":"https:\/\/www.europesays.com\/fi\/wp-json\/wp\/v2\/media?parent=121426"}],"wp:term":[{"taxonomy":"category","embeddable":true,"href":"https:\/\/www.europesays.com\/fi\/wp-json\/wp\/v2\/categories?post=121426"},{"taxonomy":"post_tag","embeddable":true,"href":"https:\/\/www.europesays.com\/fi\/wp-json\/wp\/v2\/tags?post=121426"}],"curies":[{"name":"wp","href":"https:\/\/api.w.org\/{rel}","templated":true}]}}