{"id":121434,"date":"2025-12-20T11:42:07","date_gmt":"2025-12-20T11:42:07","guid":{"rendered":"https:\/\/www.europesays.com\/fi\/121434\/"},"modified":"2025-12-20T11:42:07","modified_gmt":"2025-12-20T11:42:07","slug":"laaja-tutkimus-masennusoireet-keski-iassa-liittyvat-dementian-riskiin","status":"publish","type":"post","link":"https:\/\/www.europesays.com\/fi\/121434\/","title":{"rendered":"Laaja tutkimus: Masennusoireet keski-i\u00e4ss\u00e4 liittyv\u00e4t dementian riskiin"},"content":{"rendered":"<p>Muistisairaudet|Muistisairautta ennustavat oireet ilmaantuvat jo vuosia ennen sairauden puhkeamista.<\/p>\n<p>Lue tiivistelm\u00e4<\/p>\n<p class=\"article-body mb-nof-24 px-nof-16 sndp-summary-bullet-point-font\">Uuden tutkimuksen mukaan tietyt masennusoireet keski-i\u00e4ss\u00e4 lis\u00e4\u00e4v\u00e4t muistisairauden riski\u00e4 my\u00f6hemm\u00e4ll\u00e4 i\u00e4ll\u00e4.<\/p>\n<p class=\"article-body mb-nof-24 px-nof-16 sndp-summary-bullet-point-font\">Selvimmin dementian riski\u00e4 lis\u00e4siv\u00e4t itseluottamuksen menetys ja vaikeus tarttua ongelmiin.<\/p>\n<p class=\"article-body mb-nof-24 px-nof-16 sndp-summary-bullet-point-font\">Professori Mika Kivim\u00e4ki Helsingin yliopistosta sanoo, ett\u00e4 oireiden tunnistaminen masennuspotilaan hoidossa voisi ehk\u00e4ist\u00e4 muistisairautta.<\/p>\n<p class=\"article-body mb-nof-24 px-nof-16 sndp-summary-bullet-point-font\">Tutkimus seurasi yli 5 800 henkil\u00f6\u00e4 brittil\u00e4isest\u00e4 Whitehall II -aineistosta ja julkaistiin The Lancet Psychiatry -tiedelehdess\u00e4.<\/p>\n<p class=\"article-body mb-nof-24 px-nof-16\">Masennuksen keski-i\u00e4ss\u00e4 on havaittu lis\u00e4\u00e4v\u00e4n muistisairauden riski\u00e4 my\u00f6hemm\u00e4ll\u00e4 i\u00e4ll\u00e4. Siihen liittyy tuoreen tutkimuksen mukaan tiettyj\u00e4 oireita, jotka ennustavat dementian puhkeamista.<\/p>\n<p class=\"article-body mb-nof-24 px-nof-16\">Oireita ovat itseluottamuksen menetys, vaikeus tarttua ongelmiin, keskittymisvaikeudet, lis\u00e4\u00e4ntynyt henkinen kireys, tyytym\u00e4tt\u00f6myys omiin suorituksiin ja kiintymyksen tunteiden v\u00e4heneminen.<\/p>\n<p class=\"article-body mb-nof-24 px-nof-16\">Selvimmin dementian riski\u00e4 lis\u00e4siv\u00e4t oireista itseluottamuksen menetys ja vaikeus tarttua ongelmiin. Ne lis\u00e4siv\u00e4t yhdess\u00e4 riski\u00e4 karkeasti 50 prosenttia.<\/p>\n<p class=\"article-body mb-nof-24 px-nof-16\">\u201dMasennus voi n\u00e4ky\u00e4 hyvin eri tavoin. Halusimme siksi selvitt\u00e4\u00e4, mitk\u00e4 oireet oikeasti ennustavat dementian riski\u00e4\u201d, sanoo professori<a class=\"article-personlink\" href=\"https:\/\/www.hs.fi\/haku\/?query=%20Mika%20Kivim%C3%A4k\" rel=\"nofollow noopener\" target=\"_blank\"> Mika Kivim\u00e4k<\/a>i Helsingin yliopistosta. H\u00e4n oli <a class=\"article-genericlink\" href=\"https:\/\/www.thelancet.com\/journals\/lanpsy\/article\/PIIS2215-0366(25)00331-1\/fulltext\" rel=\"nofollow noopener\" target=\"_blank\">The Lancet Psychiatry<\/a> -tiedelehdess\u00e4 julkaistun tutkimuksen ohjaajana.<\/p>\n<p class=\"article-body mb-nof-24 px-nof-16\">\u201dSamoja oireita on monella, mutta kaikkien ei kannata hermostua\u201d, Kivim\u00e4ki rauhoittelee.<\/p>\n<p class=\"article-body mb-nof-24 px-nof-16\">Masennuksen oireiden ja muistisairauden yhteys kaipaa nimitt\u00e4in viel\u00e4 uusia vahvistuksia. Voi olla niinkin, ett\u00e4 tiedolliset kyvyt alkavat ensin heikenty\u00e4 ja aiheuttavat n\u00e4it\u00e4 oireita.<\/p>\n<p class=\"article-body mb-nof-24 px-nof-16\">\u201dKuuden oireen yhteys ei ollut kovin voimakas, ja suurin osa n\u00e4ist\u00e4 oireista raportoinneista ei sairastunut. Silti yhteytt\u00e4 eiv\u00e4t selit\u00e4 perim\u00e4, tutkimuksen alkutilanteen elintavat tai syd\u00e4men tai aineenvaihdunnan sairaudet\u201d, Kivim\u00e4ki sanoo.<\/p>\n<p class=\"article-body mb-nof-24 px-nof-16\">Miksi itseluottamuksen menetys ja ongelmien ratkaisun vaikeutuminen erityisesti lis\u00e4isiv\u00e4t muistisairauden riski\u00e4?<\/p>\n<p class=\"article-body mb-nof-24 px-nof-16\">Yksi selitys voi olla se, ett\u00e4 ne v\u00e4hent\u00e4v\u00e4t ihmisen sosiaalisia yhteyksi\u00e4 ja henkisten virikkeiden hakemista. Ne ovat t\u00e4rkeit\u00e4 kognitiivisen reservin eli tiedollisen varannon hankkimiseksi.<\/p>\n<p class=\"article-body mb-nof-24 px-nof-16\">Kognitiivista reservi\u00e4 tarvitaan, kun muistisairaus on tavalla tai toisella rappeuttanut aivoja. Sen ansiosta ajattelu ja muisti pysyv\u00e4t hyv\u00e4ll\u00e4 tasolla, vaikka aivoissa olisi rappeumaa. Aivot ik\u00e4\u00e4n kuin korvaavat katkenneita yhteyksi\u00e4.<\/p>\n<p class=\"article-body mb-nof-24 px-nof-16\">Muistisairaus kehittyy vuosien kuluessa. Tutkimuksen vahvuutena onkin laajan ihmisjoukon 25 vuoden seuranta.<\/p>\n<p class=\"article-body mb-nof-24 px-nof-16\">Se analysoi yli 5\u202f800:aa henkil\u00f6\u00e4, joiden terveystiedot l\u00f6ytyv\u00e4t brittil\u00e4isest\u00e4 Whitehall II -aineistosta. Kivim\u00e4ki johtaa t\u00e4t\u00e4 laajaa pitk\u00e4n ajan tutkimusta University College London -yliopistossa.<\/p>\n<p class=\"article-body mb-nof-24 px-nof-16\">Tutkimuksen l\u00e4ht\u00f6tilanteessa koehenkil\u00f6t olivat keskim\u00e4\u00e4rin 55-vuotiaita. Heill\u00e4 ei ollut havaittu viel\u00e4 muistisairautta.<\/p>\n<p class=\"article-body mb-nof-24 px-nof-16\">Keski-i\u00e4ss\u00e4 masentuneilla oli 27 prosenttia suurempi riski sairastua my\u00f6hemmin dementiaan, jos heill\u00e4 oli useita masennuksen oireita. Kaikkiaan oireita luokiteltiin kolmekymment\u00e4, joista etenkin mainitut kuusi nousivat esille.<\/p>\n<p class=\"article-body mb-nof-24 px-nof-16\">Voi sanoa, ett\u00e4 jos koehenkil\u00f6ll\u00e4 oli mainittuja oireita alle 60-vuotiaana, h\u00e4nen riskins\u00e4 sairastua dementiaan oli 1,3\u20131,5-kertainen.<\/p>\n<p class=\"article-body mb-nof-24 px-nof-16\">Masennuksen oireista moni muu ei n\u00e4yt\u00e4 liittyv\u00e4n muistisairauden riskiin, kuten unih\u00e4iri\u00f6t, itsemurhaan viittaavat ajatukset tai synkkyys.<\/p>\n<p class=\"article-body mb-nof-24 px-nof-16\">TutkimuKSEN tekij\u00e4t ovat <a class=\"article-genericlink\" href=\"https:\/\/www.eurekalert.org\/news-releases\/1109724\" rel=\"nofollow noopener\" target=\"_blank\">University College Londonista,<\/a> Helsingin yliopistosta ja ranskalaisesta Insermin yliopistosta.<\/p>\n<p class=\"article-body mb-nof-24 px-nof-16\">Aineisto ansaitsee maininnan. Whitehall II -tutkimuksessa on tuhansia tietoja samoista henkil\u00f6ist\u00e4 vuodesta 1985. Seurattavat ovat olleet virkahenkil\u00f6it\u00e4. Miehi\u00e4 on ollut enemm\u00e4n kuin naisia.<\/p>\n<p class=\"article-body mb-nof-24 px-nof-16\">Heilt\u00e4 on 40 vuoden aikana otettu kahdeksan kertaa verin\u00e4yte ja heist\u00e4 on kertynyt runsaasti terveystietoja. He ovat vastanneet kyselyihin esimerkiksi mielenterveydest\u00e4 ja osallistuneet tutkimukseen tiiviisti.<\/p>\n","protected":false},"excerpt":{"rendered":"Muistisairaudet|Muistisairautta ennustavat oireet ilmaantuvat jo vuosia ennen sairauden puhkeamista. Lue tiivistelm\u00e4 Uuden tutkimuksen mukaan tietyt masennusoireet keski-i\u00e4ss\u00e4 lis\u00e4\u00e4v\u00e4t&hellip;\n","protected":false},"author":2,"featured_media":121435,"comment_status":"","ping_status":"","sticky":false,"template":"","format":"standard","meta":{"footnotes":""},"categories":[165],"tags":[33,31,30,166,46,32,167],"class_list":{"0":"post-121434","1":"post","2":"type-post","3":"status-publish","4":"format-standard","5":"has-post-thumbnail","7":"category-terveys","8":"tag-fi","9":"tag-finland","10":"tag-finnish","11":"tag-health","12":"tag-helsingin-sanomat","13":"tag-suomi","14":"tag-terveys"},"share_on_mastodon":{"url":"https:\/\/pubeurope.com\/@fi\/115751718137188379","error":""},"_links":{"self":[{"href":"https:\/\/www.europesays.com\/fi\/wp-json\/wp\/v2\/posts\/121434","targetHints":{"allow":["GET"]}}],"collection":[{"href":"https:\/\/www.europesays.com\/fi\/wp-json\/wp\/v2\/posts"}],"about":[{"href":"https:\/\/www.europesays.com\/fi\/wp-json\/wp\/v2\/types\/post"}],"author":[{"embeddable":true,"href":"https:\/\/www.europesays.com\/fi\/wp-json\/wp\/v2\/users\/2"}],"replies":[{"embeddable":true,"href":"https:\/\/www.europesays.com\/fi\/wp-json\/wp\/v2\/comments?post=121434"}],"version-history":[{"count":0,"href":"https:\/\/www.europesays.com\/fi\/wp-json\/wp\/v2\/posts\/121434\/revisions"}],"wp:featuredmedia":[{"embeddable":true,"href":"https:\/\/www.europesays.com\/fi\/wp-json\/wp\/v2\/media\/121435"}],"wp:attachment":[{"href":"https:\/\/www.europesays.com\/fi\/wp-json\/wp\/v2\/media?parent=121434"}],"wp:term":[{"taxonomy":"category","embeddable":true,"href":"https:\/\/www.europesays.com\/fi\/wp-json\/wp\/v2\/categories?post=121434"},{"taxonomy":"post_tag","embeddable":true,"href":"https:\/\/www.europesays.com\/fi\/wp-json\/wp\/v2\/tags?post=121434"}],"curies":[{"name":"wp","href":"https:\/\/api.w.org\/{rel}","templated":true}]}}