{"id":121436,"date":"2025-12-20T11:43:20","date_gmt":"2025-12-20T11:43:20","guid":{"rendered":"https:\/\/www.europesays.com\/fi\/121436\/"},"modified":"2025-12-20T11:43:20","modified_gmt":"2025-12-20T11:43:20","slug":"sammelvuo-tavoittelee-mm-finaalipaikkaa-lauantaina-lentopalloliitto","status":"publish","type":"post","link":"https:\/\/www.europesays.com\/fi\/121436\/","title":{"rendered":"Sammelvuo tavoittelee MM-finaalipaikkaa lauantaina &#8211; Lentopalloliitto"},"content":{"rendered":"<p>\tSammelvuo tavoittelee MM-finaalipaikkaa lauantaina &#8211; Lentopalloliitto<\/p>\n<p>\t\t<a class=\"accessibility\" accesskey=\"s\" href=\"#content\">Skip to Content<\/a><\/p>\n<p>                            <a href=\"https:\/\/www.lippu.fi\/artist\/eurovolley2026\/\" target=\"_blank\" aria-label=\"Mainos: Lentopallon EM-kilpailut 10.17.9.2026 Nokia Arena, Tampere. Klikkaamalla banneria siirryt lipunmyyntiaivulle.\" rel=\"nofollow noopener\"><\/p>\n<p>                    <img decoding=\"async\" src=\"https:\/\/www.europesays.com\/fi\/wp-content\/uploads\/2025\/12\/Lentopallo.fi-nettisivu-banneri_mobiili.jpg\" alt=\"\"\/><\/p>\n<p>                            <\/a><\/p>\n<p>                            <a href=\"https:\/\/www.lentopallo.fi\/suomen-cup\/\" target=\"_self\" aria-label=\"\" rel=\"nofollow noopener\"><\/p>\n<p>                    <img decoding=\"async\" src=\"https:\/\/www.europesays.com\/fi\/wp-content\/uploads\/2025\/12\/SC25-mobiilibanneri.png\" alt=\"\"\/><\/p>\n<p>                            <\/a><\/p>\n<p>\t\t\t\t\t\t\t\t\t\t\t<img loading=\"lazy\" width=\"300\" height=\"74\" src=\"https:\/\/www.europesays.com\/fi\/wp-content\/uploads\/2025\/12\/SL_Logo_White-300x74.png\" class=\"attachment-thumbnail_300 size-thumbnail_300\" alt=\"\" decoding=\"async\"  \/><\/p>\n<p>\t\t\t\t\t20.12.2025\n\t\t\t\t\t\t<\/p>\n<p>Tuomas Sammelvuon japanilaisjoukkue Osaka Blueton pelaa lauantaina seurajoukkueiden MM-turnauksen v\u00e4lier\u00e4ss\u00e4. Osaka kohtaa Brasilian Belemissa pelattavassa turnauksessa Suomen aikaa kello 20 puolalaisen Zawiercien.<\/p>\n<p>Toisessa v\u00e4lier\u00e4ss\u00e4 kohtaavat italialainen Perugia ja brasilialainen Volei Renata.<\/p>\n<p><img fetchpriority=\"high\" decoding=\"async\" width=\"1024\" height=\"682\" src=\"https:\/\/www.europesays.com\/fi\/wp-content\/uploads\/2025\/12\/Sammelvuo-Osaka-1024x682.jpg\" alt=\"\" class=\"wp-image-30643\"  \/><\/p>\n<p>MM-turnauksessa oli mukana kahdeksan joukkuetta. Osaka voitti alkulohkossa brasiliialaisen Sada Cruzeiron 3-0 ja libyalaisen Swahlyn 3-0 sek\u00e4 h\u00e4visi Perugialle 2-3.<\/p>\n<p>Seurajoukkueiden MM-tittelist\u00e4 on pelattu 1989-1992 ja vuosittain 2009 l\u00e4htien. Kukaan suomalainen ei ole ollut mitaleilla sen historian aikana.<\/p>\n<p>Teksti: Toni Flink<\/p>\n<p><a class=\"accessibility\" href=\"#wrapper\">Back to top<\/a><\/p>\n","protected":false},"excerpt":{"rendered":"Sammelvuo tavoittelee MM-finaalipaikkaa lauantaina &#8211; Lentopalloliitto Skip to Content 20.12.2025 Tuomas Sammelvuon japanilaisjoukkue Osaka Blueton pelaa lauantaina seurajoukkueiden&hellip;\n","protected":false},"author":2,"featured_media":121437,"comment_status":"","ping_status":"","sticky":false,"template":"","format":"standard","meta":{"footnotes":""},"categories":[158],"tags":[33,31,30,159,32,160],"class_list":{"0":"post-121436","1":"post","2":"type-post","3":"status-publish","4":"format-standard","5":"has-post-thumbnail","7":"category-urheilu","8":"tag-fi","9":"tag-finland","10":"tag-finnish","11":"tag-sports","12":"tag-suomi","13":"tag-urheilu"},"share_on_mastodon":{"url":"https:\/\/pubeurope.com\/@fi\/115751722035331803","error":""},"_links":{"self":[{"href":"https:\/\/www.europesays.com\/fi\/wp-json\/wp\/v2\/posts\/121436","targetHints":{"allow":["GET"]}}],"collection":[{"href":"https:\/\/www.europesays.com\/fi\/wp-json\/wp\/v2\/posts"}],"about":[{"href":"https:\/\/www.europesays.com\/fi\/wp-json\/wp\/v2\/types\/post"}],"author":[{"embeddable":true,"href":"https:\/\/www.europesays.com\/fi\/wp-json\/wp\/v2\/users\/2"}],"replies":[{"embeddable":true,"href":"https:\/\/www.europesays.com\/fi\/wp-json\/wp\/v2\/comments?post=121436"}],"version-history":[{"count":0,"href":"https:\/\/www.europesays.com\/fi\/wp-json\/wp\/v2\/posts\/121436\/revisions"}],"wp:featuredmedia":[{"embeddable":true,"href":"https:\/\/www.europesays.com\/fi\/wp-json\/wp\/v2\/media\/121437"}],"wp:attachment":[{"href":"https:\/\/www.europesays.com\/fi\/wp-json\/wp\/v2\/media?parent=121436"}],"wp:term":[{"taxonomy":"category","embeddable":true,"href":"https:\/\/www.europesays.com\/fi\/wp-json\/wp\/v2\/categories?post=121436"},{"taxonomy":"post_tag","embeddable":true,"href":"https:\/\/www.europesays.com\/fi\/wp-json\/wp\/v2\/tags?post=121436"}],"curies":[{"name":"wp","href":"https:\/\/api.w.org\/{rel}","templated":true}]}}