{"id":121440,"date":"2025-12-20T11:47:21","date_gmt":"2025-12-20T11:47:21","guid":{"rendered":"https:\/\/www.europesays.com\/fi\/121440\/"},"modified":"2025-12-20T11:47:21","modified_gmt":"2025-12-20T11:47:21","slug":"osuuskauppa-peeassa-on-ostanut-kaksi-tonttia-iisalmen-keskustasta","status":"publish","type":"post","link":"https:\/\/www.europesays.com\/fi\/121440\/","title":{"rendered":"Osuuskauppa Pee\u00c4ss\u00e4 on ostanut kaksi tonttia Iisalmen keskustasta"},"content":{"rendered":"<p>Osuuskauppa Pee\u00c4ss\u00e4n hallintoneuvosto ja hallitus vuodelle 202618.12.2025 09:27:22 EET | Tiedote<\/p>\n<p class=\"latest-release__LatestReleaseContent-sc-8cce5y-3 elatGA\">Osuuskauppa Pee\u00c4ss\u00e4n edustajisto on valinnut s\u00e4\u00e4nt\u00f6m\u00e4\u00e4r\u00e4isess\u00e4 syyskokouksessaan 20.11.2025 j\u00e4senet hallintoneuvostoon. Osuuskaupan s\u00e4\u00e4nt\u00f6jen mukaan hallintoneuvostoon kuuluu 21 j\u00e4sent\u00e4, joista edustajisto valitsee 19 ja osuuskaupan henkil\u00f6st\u00f6 2 j\u00e4sent\u00e4. Edustajisto valitsi syyskokouksessaan hallintoneuvostoon 20.11. alkaen uutena j\u00e4senen\u00e4 Anna Huttusen ja 1.1.2026 alkaen Johanna Paanasen. Anna valittiin hallintoneuvostosta eronneen Vesa Linnanm\u00e4en tilalle ja Johanna erovuoroisuusrotaatiossa olleen Hannu Ker\u00e4sen tilalle. Uutena henkil\u00f6st\u00f6n edustajana aloittaa 1.1.2026 alkaen Marja-Liisa Tarkiainen erovuoroisuusrotaatiossa olleen Juha Lyytik\u00e4isen tilalla. Pee\u00c4ss\u00e4n hallintoneuvosto vuodelle 2026: Antikainen Veikko, ylipalomies, yritt\u00e4j\u00e4, Vierem\u00e4 Back-Hyt\u00f6nen Minna, YTM, maatalousyritt\u00e4j\u00e4, Vesanto Eskelinen Mika, hankintap\u00e4\u00e4llikk\u00f6, Kuopio Huttunen Anna, yritysasiantuntija, yritt\u00e4j\u00e4, tradenomi YAMK, Siilinj\u00e4rvi H\u00e4nninen Jarmo, MMM, agronomi, Rautalampi Kiiskinen Sari, henkil\u00f6st\u00f6p\u00e4\u00e4llikk\u00f6, <\/p>\n","protected":false},"excerpt":{"rendered":"Osuuskauppa Pee\u00c4ss\u00e4n hallintoneuvosto ja hallitus vuodelle 202618.12.2025 09:27:22 EET | Tiedote Osuuskauppa Pee\u00c4ss\u00e4n edustajisto on valinnut s\u00e4\u00e4nt\u00f6m\u00e4\u00e4r\u00e4isess\u00e4 syyskokouksessaan&hellip;\n","protected":false},"author":2,"featured_media":121441,"comment_status":"","ping_status":"","sticky":false,"template":"","format":"standard","meta":{"footnotes":""},"categories":[76],"tags":[79,77,33,31,30,32,78],"class_list":{"0":"post-121440","1":"post","2":"type-post","3":"status-publish","4":"format-standard","5":"has-post-thumbnail","7":"category-talous","8":"tag-business","9":"tag-economy","10":"tag-fi","11":"tag-finland","12":"tag-finnish","13":"tag-suomi","14":"tag-talous"},"share_on_mastodon":{"url":"https:\/\/pubeurope.com\/@fi\/115751737389895575","error":""},"_links":{"self":[{"href":"https:\/\/www.europesays.com\/fi\/wp-json\/wp\/v2\/posts\/121440","targetHints":{"allow":["GET"]}}],"collection":[{"href":"https:\/\/www.europesays.com\/fi\/wp-json\/wp\/v2\/posts"}],"about":[{"href":"https:\/\/www.europesays.com\/fi\/wp-json\/wp\/v2\/types\/post"}],"author":[{"embeddable":true,"href":"https:\/\/www.europesays.com\/fi\/wp-json\/wp\/v2\/users\/2"}],"replies":[{"embeddable":true,"href":"https:\/\/www.europesays.com\/fi\/wp-json\/wp\/v2\/comments?post=121440"}],"version-history":[{"count":0,"href":"https:\/\/www.europesays.com\/fi\/wp-json\/wp\/v2\/posts\/121440\/revisions"}],"wp:featuredmedia":[{"embeddable":true,"href":"https:\/\/www.europesays.com\/fi\/wp-json\/wp\/v2\/media\/121441"}],"wp:attachment":[{"href":"https:\/\/www.europesays.com\/fi\/wp-json\/wp\/v2\/media?parent=121440"}],"wp:term":[{"taxonomy":"category","embeddable":true,"href":"https:\/\/www.europesays.com\/fi\/wp-json\/wp\/v2\/categories?post=121440"},{"taxonomy":"post_tag","embeddable":true,"href":"https:\/\/www.europesays.com\/fi\/wp-json\/wp\/v2\/tags?post=121440"}],"curies":[{"name":"wp","href":"https:\/\/api.w.org\/{rel}","templated":true}]}}