{"id":121442,"date":"2025-12-20T11:48:09","date_gmt":"2025-12-20T11:48:09","guid":{"rendered":"https:\/\/www.europesays.com\/fi\/121442\/"},"modified":"2025-12-20T11:48:09","modified_gmt":"2025-12-20T11:48:09","slug":"pia-kauma-eurooppa-ei-voi-ottaa-vastaan-kaikkia-siirtolaisia","status":"publish","type":"post","link":"https:\/\/www.europesays.com\/fi\/121442\/","title":{"rendered":"Pia Kauma: Eurooppa ei voi ottaa vastaan kaikkia siirtolaisia"},"content":{"rendered":"<p class=\"ai-optimize-6 ai-optimize-introduction\">EU:n maahanmuuttopolitiikkaa on syyt\u00e4 kirist\u00e4\u00e4, linjaa kokoomuksen kansanedustaja <strong>Pia Kauma<\/strong> <a href=\"https:\/\/x.com\/PiaKauma\/status\/2002276565959250127?s=20\" target=\"_blank\" rel=\"noopener nofollow\">viestipalvelu X:ss\u00e4<\/a>.<\/p>\n<p class=\"ai-optimize-7\">Kauma viittaa viestiss\u00e4\u00e4n Helsingin Sanomien uutiseen, jossa kerrotaan EU:n j\u00e4senmaiden sis\u00e4ministerien sopineen kiristyksist\u00e4 unionin turvapaikkapolitiikkaan. Tulevaisuudessa turvapaikkahaku voitaisiin siirt\u00e4\u00e4 EU:n ulkopuolelle, s\u00e4il\u00f6\u00f6nottoajat pidentyisiv\u00e4t ja s\u00e4il\u00f6\u00f6notto helpottuisi, sek\u00e4 kielteisen p\u00e4\u00e4t\u00f6ksen saaneet voitaisiin l\u00e4hett\u00e4\u00e4 ulkopuolisiin maihin palautusta odottamaan.<\/p>\n<p class=\"ai-optimize-9\">Kokoomusedustaja muistuttaa, ett\u00e4 V\u00e4limeren yli tulevaa turvapaikanhakijaliikennett\u00e4 hallinnoi j\u00e4rjest\u00e4ytynyt rikollisuus.<\/p>\n<p class=\"ai-optimize-10\">\u2013 Se ei v\u00e4lit\u00e4, kuinka moni vene haaksirikkoutuu matkalla, Kauma harmittelee.<\/p>\n<p class=\"ai-optimize-11\">Kauman mukaan valtaosa tulijoista ei ole turvapaikkaa, vaan ty\u00f6paikkaa ja parempaa el\u00e4m\u00e4\u00e4 vailla. Eurooppa taas ei voi ottaa vastaan kaikkia siirtolaisia.<\/p>\n<p class=\"ai-optimize-12\">Ratkaisuna voisikin olla, ett\u00e4 ty\u00f6h\u00f6n tulevien prosessi erotettaisiin erottaa aidosti turvapaikan tarpeessa olevien prosessista.<\/p>\n<p class=\"ai-optimize-13\">\u2013 Euroopan unionin ja Italian sopimus esimerkiksi Tunisian kanssa on jossain m\u00e4\u00e4rin rajoittanut siirtolaisten l\u00e4ht\u00f6\u00e4 vaaralliselle matkalle huteralla paatilla V\u00e4limeren yli, Kauma sanoo.<\/p>\n<p class=\"ai-optimize-13\">\u2013 Yhteisty\u00f6t\u00e4 Afrikan maiden kanssa pit\u00e4\u00e4 kehitt\u00e4\u00e4, ett\u00e4 siirtolaisliikennett\u00e4 saadaan edelleen rajattua.<\/p>\n<blockquote class=\"twitter-tweet\" data-width=\"550\" data-dnt=\"true\">\n<p lang=\"fi\" dir=\"ltr\">Eurooppa ei voi ottaa vastaan kaikkia siirtolaisia. Ty\u00f6h\u00f6n tulevien prosessi pit\u00e4\u00e4 erottaa aidosti turvapaikan tarpeessa olevien prosessista. K\u00e4vin viime vuonna Etyjin matkalla Italian Lampedusalla omin silmin todistamassa veneiden saapumista Euroopan etel\u00e4isimp\u00e4\u00e4n kohtaan.<\/p>\n<p>\u2014 Pia Kauma (@PiaKauma) <a href=\"https:\/\/twitter.com\/PiaKauma\/status\/2002277382992871713?ref_src=twsrc%5Etfw\" rel=\"nofollow noopener\" target=\"_blank\">December 20, 2025<\/a><\/p>\n<\/blockquote>\n<p>\t\t\t\t<script async src=\"https:\/\/platform.twitter.com\/widgets.js\" charset=\"utf-8\"><\/script><\/p>\n","protected":false},"excerpt":{"rendered":"EU:n maahanmuuttopolitiikkaa on syyt\u00e4 kirist\u00e4\u00e4, linjaa kokoomuksen kansanedustaja Pia Kauma viestipalvelu X:ss\u00e4. Kauma viittaa viestiss\u00e4\u00e4n Helsingin Sanomien uutiseen,&hellip;\n","protected":false},"author":2,"featured_media":121443,"comment_status":"","ping_status":"","sticky":false,"template":"","format":"standard","meta":{"footnotes":""},"categories":[14],"tags":[22,23,3462,26,27,33,31,30,17,24,25,3244,28,29,15,18,21,32,19,20,56,16,59,60,61],"class_list":{"0":"post-121442","1":"post","2":"type-post","3":"status-publish","4":"format-standard","5":"has-post-thumbnail","7":"category-ulkomaat","8":"tag-breaking-news","9":"tag-breakingnews","10":"tag-eu","11":"tag-featured-news","12":"tag-featurednews","13":"tag-fi","14":"tag-finland","15":"tag-finnish","16":"tag-headlines","17":"tag-latest-news","18":"tag-latestnews","19":"tag-maahanmuutto","20":"tag-main-news","21":"tag-mainnews","22":"tag-news","23":"tag-otsikot","24":"tag-paauutiset","25":"tag-suomi","26":"tag-top-stories","27":"tag-topstories","28":"tag-ulkomaat","29":"tag-uutiset","30":"tag-world","31":"tag-world-news","32":"tag-worldnews"},"share_on_mastodon":{"url":"https:\/\/pubeurope.com\/@fi\/115751741310824495","error":""},"_links":{"self":[{"href":"https:\/\/www.europesays.com\/fi\/wp-json\/wp\/v2\/posts\/121442","targetHints":{"allow":["GET"]}}],"collection":[{"href":"https:\/\/www.europesays.com\/fi\/wp-json\/wp\/v2\/posts"}],"about":[{"href":"https:\/\/www.europesays.com\/fi\/wp-json\/wp\/v2\/types\/post"}],"author":[{"embeddable":true,"href":"https:\/\/www.europesays.com\/fi\/wp-json\/wp\/v2\/users\/2"}],"replies":[{"embeddable":true,"href":"https:\/\/www.europesays.com\/fi\/wp-json\/wp\/v2\/comments?post=121442"}],"version-history":[{"count":0,"href":"https:\/\/www.europesays.com\/fi\/wp-json\/wp\/v2\/posts\/121442\/revisions"}],"wp:featuredmedia":[{"embeddable":true,"href":"https:\/\/www.europesays.com\/fi\/wp-json\/wp\/v2\/media\/121443"}],"wp:attachment":[{"href":"https:\/\/www.europesays.com\/fi\/wp-json\/wp\/v2\/media?parent=121442"}],"wp:term":[{"taxonomy":"category","embeddable":true,"href":"https:\/\/www.europesays.com\/fi\/wp-json\/wp\/v2\/categories?post=121442"},{"taxonomy":"post_tag","embeddable":true,"href":"https:\/\/www.europesays.com\/fi\/wp-json\/wp\/v2\/tags?post=121442"}],"curies":[{"name":"wp","href":"https:\/\/api.w.org\/{rel}","templated":true}]}}