{"id":121446,"date":"2025-12-20T11:50:08","date_gmt":"2025-12-20T11:50:08","guid":{"rendered":"https:\/\/www.europesays.com\/fi\/121446\/"},"modified":"2025-12-20T11:50:08","modified_gmt":"2025-12-20T11:50:08","slug":"hallituksen-sisalla-eripuraa-kokoomuksen-kansanedustajat-haukkuivat-saastoesityksen","status":"publish","type":"post","link":"https:\/\/www.europesays.com\/fi\/121446\/","title":{"rendered":"Hallituksen sis\u00e4ll\u00e4 eripuraa \u2013 kokoomuksen kansanedustajat haukkuivat s\u00e4\u00e4st\u00f6esityksen"},"content":{"rendered":"<p>Leena Meren esitys s\u00e4\u00e4st\u00e4isi valtion menoja noin 2,3 miljoonaa euroa vuodessa.<\/p>\n<p class=\"article-body mb-nof-24 px-nof-16\">Oikeusministeri <a class=\"article-personlink\" href=\"https:\/\/www.is.fi\/haku\/?query=Leena%20Meren\" rel=\"nofollow noopener\" target=\"_blank\">Leena Meren<\/a> (ps) s\u00e4\u00e4st\u00f6esitys oikeudenk\u00e4yntikulujen korvauksiin on her\u00e4tt\u00e4nyt IS:n tietojen mukaan kuohuntaa ja vastustusta hallituksen sis\u00e4ll\u00e4.<\/p>\n<p class=\"article-body mb-nof-24 px-nof-16\">Esityksen kerrotaan tulleen t\u00e4yten\u00e4 yll\u00e4tyksen\u00e4.<\/p>\n<p class=\"article-body mb-nof-24 px-nof-16\">Oikeusministeri\u00f6n lakiluonnos leikkaisi syytt\u00f6m\u00e4ksi todetun korvaukset oikeuskuluista liki puoleen nykyisest\u00e4. Asiasta <a class=\"article-genericlink\" href=\"https:\/\/www.hs.fi\/tutkiva\/art-2000011692031.html\" rel=\"nofollow noopener\" target=\"_blank\">uutisoi<\/a> maanantaina Helsingin Sanomat.<\/p>\n<p class=\"article-body mb-nof-24 px-nof-16\">Esitys s\u00e4\u00e4st\u00e4isi valtion menoja noin 2,27 miljoonaa euroa vuodessa.<\/p>\n<p class=\"article-body mb-nof-24 px-nof-16\">Perustuslakivaliokunnan puheenjohtaja <a class=\"article-personlink\" href=\"https:\/\/www.is.fi\/haku\/?query=Heikki%20Vestman\" rel=\"nofollow noopener\" target=\"_blank\">Heikki Vestman<\/a> (kok) pen\u00e4si eduskunnan salikeskustelussa torstaina Merelt\u00e4, ett\u00e4 \u201deih\u00e4n t\u00e4m\u00e4 lakiesitys tule eduskunnan k\u00e4sitelt\u00e4v\u00e4ksi\u201d.<\/p>\n<p class=\"article-body mb-nof-24 px-nof-16\">\u2013 Se on oikeuden ja kohtuuden vastainen, Vestman sanoi.<\/p>\n<p class=\"article-body mb-nof-24 px-nof-16\">Vestman korosti, ett\u00e4 syytt\u00f6m\u00e4ksi todettu ihminen on j\u00e4rjestelm\u00e4n uhri.<\/p>\n<p class=\"article-body mb-nof-24 px-nof-16\">\u2013 Ihminen, joka on ollut vuosia rikosprosessin keskell\u00e4 \u2014 ensin rikostutkinnan kohteena, sitten syytettyn\u00e4 k\u00e4r\u00e4j\u00e4oikeudessa, sinnikk\u00e4\u00e4n syytt\u00e4j\u00e4n sattuessa kohdalle viel\u00e4 hovioikeudessa \u2014 joka on t\u00e4m\u00e4n vuoksi saattanut menett\u00e4\u00e4 ty\u00f6ns\u00e4, toimeentulonsa, jopa perheens\u00e4, mutta joka todetaan my\u00f6hemmin syytt\u00f6m\u00e4ksi: h\u00e4n on tosiasiassa uhri.<\/p>\n<p class=\"article-body mb-nof-24 px-nof-16\">\u2013 V\u00e4hint\u00e4 on t\u00e4m\u00e4n syytt\u00f6m\u00e4n kohdalla se, ett\u00e4 oikeudenk\u00e4yntikulut t\u00e4ysim\u00e4\u00e4r\u00e4isesti korvataan.<\/p>\n<p class=\"article-body mb-nof-24 px-nof-16\">My\u00f6s kokoomuksen varapuheenjohtaja <a class=\"article-personlink\" href=\"https:\/\/www.is.fi\/haku\/?query=Karoliina%20Partanen\" rel=\"nofollow noopener\" target=\"_blank\">Karoliina Partanen<\/a> kritisoi salikeskustelussa s\u00e4\u00e4st\u00f6esityst\u00e4.<\/p>\n<p class=\"article-body mb-nof-24 px-nof-16\">Partanen sanoi pit\u00e4v\u00e4ns\u00e4 h\u00e4mment\u00e4v\u00e4n\u00e4 sit\u00e4, ett\u00e4 oikeudenk\u00e4yntikulujen korvaamista oltaisiin rajoittamassa erityisesti niiden henkil\u00f6iden osalta, jotka vapautetaan syytteist\u00e4.<\/p>\n<p class=\"article-body mb-nof-24 px-nof-16\">\u2013 T\u00e4m\u00e4 ei tunnu olevan sellainen kehitys, jota suomalaiset haluavat, jota suomalaiset tukevat ja joka on osa suomalaista oikeusvaltiota. Kysynkin nyt oikeusministeri Merelt\u00e4: eih\u00e4n t\u00e4t\u00e4 esityst\u00e4 tulla antamaan eduskunnalle?<\/p>\n<p class=\"article-body mb-nof-24 px-nof-16\">Meri perusteli esityst\u00e4 lis\u00e4s\u00e4\u00e4st\u00f6paineilla.<\/p>\n<p class=\"article-body mb-nof-24 px-nof-16\">\u2013 Meill\u00e4 ovat virkamiehet t\u00e4mm\u00f6ist\u00e4 esityst\u00e4 katsoneet, ja se oli poliittisessa k\u00e4sittelyss\u00e4 hallituspuolueiden kesken, ja on t\u00e4h\u00e4n menness\u00e4 annettu lupa siihen, ett\u00e4 me selvitet\u00e4\u00e4n sit\u00e4, mink\u00e4laisia vaikutuksia siin\u00e4 on, Meri sanoi.<\/p>\n<p class=\"article-body mb-nof-24 px-nof-16\">Meri totesi, ettei h\u00e4n voi luvata, ettei h\u00e4n tuo esityst\u00e4 eduskuntaan.<\/p>\n<p class=\"article-body mb-nof-24 px-nof-16\">\u2013 Minusta meid\u00e4n t\u00e4ytyy etsi\u00e4 s\u00e4\u00e4st\u00f6j\u00e4 paremmin ja mieluumminkin teko\u00e4lyst\u00e4, k\u00e4\u00e4nn\u00f6s\u00adpalveluista. Toivon teilt\u00e4 tukea siihen, ett\u00e4 jostakin saan sitten sen vastaavan s\u00e4\u00e4st\u00f6n, kun minun pit\u00e4isi se raham\u00e4\u00e4r\u00e4 s\u00e4\u00e4st\u00e4\u00e4 nyt.<\/p>\n","protected":false},"excerpt":{"rendered":"Leena Meren esitys s\u00e4\u00e4st\u00e4isi valtion menoja noin 2,3 miljoonaa euroa vuodessa. Oikeusministeri Leena Meren (ps) s\u00e4\u00e4st\u00f6esitys oikeudenk\u00e4yntikulujen korvauksiin&hellip;\n","protected":false},"author":2,"featured_media":121447,"comment_status":"","ping_status":"","sticky":false,"template":"","format":"standard","meta":{"footnotes":""},"categories":[5],"tags":[22,23,26,27,33,31,30,17,34,24,25,28,29,15,18,21,32,19,20,16],"class_list":{"0":"post-121446","1":"post","2":"type-post","3":"status-publish","4":"format-standard","5":"has-post-thumbnail","7":"category-otsikot","8":"tag-breaking-news","9":"tag-breakingnews","10":"tag-featured-news","11":"tag-featurednews","12":"tag-fi","13":"tag-finland","14":"tag-finnish","15":"tag-headlines","16":"tag-ilta-sanomat","17":"tag-latest-news","18":"tag-latestnews","19":"tag-main-news","20":"tag-mainnews","21":"tag-news","22":"tag-otsikot","23":"tag-paauutiset","24":"tag-suomi","25":"tag-top-stories","26":"tag-topstories","27":"tag-uutiset"},"share_on_mastodon":{"url":"https:\/\/pubeurope.com\/@fi\/115751749152299484","error":""},"_links":{"self":[{"href":"https:\/\/www.europesays.com\/fi\/wp-json\/wp\/v2\/posts\/121446","targetHints":{"allow":["GET"]}}],"collection":[{"href":"https:\/\/www.europesays.com\/fi\/wp-json\/wp\/v2\/posts"}],"about":[{"href":"https:\/\/www.europesays.com\/fi\/wp-json\/wp\/v2\/types\/post"}],"author":[{"embeddable":true,"href":"https:\/\/www.europesays.com\/fi\/wp-json\/wp\/v2\/users\/2"}],"replies":[{"embeddable":true,"href":"https:\/\/www.europesays.com\/fi\/wp-json\/wp\/v2\/comments?post=121446"}],"version-history":[{"count":0,"href":"https:\/\/www.europesays.com\/fi\/wp-json\/wp\/v2\/posts\/121446\/revisions"}],"wp:featuredmedia":[{"embeddable":true,"href":"https:\/\/www.europesays.com\/fi\/wp-json\/wp\/v2\/media\/121447"}],"wp:attachment":[{"href":"https:\/\/www.europesays.com\/fi\/wp-json\/wp\/v2\/media?parent=121446"}],"wp:term":[{"taxonomy":"category","embeddable":true,"href":"https:\/\/www.europesays.com\/fi\/wp-json\/wp\/v2\/categories?post=121446"},{"taxonomy":"post_tag","embeddable":true,"href":"https:\/\/www.europesays.com\/fi\/wp-json\/wp\/v2\/tags?post=121446"}],"curies":[{"name":"wp","href":"https:\/\/api.w.org\/{rel}","templated":true}]}}