{"id":121452,"date":"2025-12-20T12:09:08","date_gmt":"2025-12-20T12:09:08","guid":{"rendered":"https:\/\/www.europesays.com\/fi\/121452\/"},"modified":"2025-12-20T12:09:08","modified_gmt":"2025-12-20T12:09:08","slug":"turkuun-vuoden-viimeiseen","status":"publish","type":"post","link":"https:\/\/www.europesays.com\/fi\/121452\/","title":{"rendered":"turkuun vuoden viimeiseen"},"content":{"rendered":"<p class=\"has-headline-s-font-size\">TPS &#8211; HIFK klo 17.00. Tsekkaa kokoonpano!<\/p>\n<p><img decoding=\"async\" src=\"https:\/\/www.europesays.com\/fi\/wp-content\/uploads\/2025\/12\/mtv-hifk-kampanja-1920-x-1080-1600x900.png\" alt=\"\" class=\"wp-image-10247\"\/><\/p>\n<p>N\u00e4e kaikki Liiga-matsit suorana MTV Katsomo+ Urheilu -tilauksella!\u00a0<a href=\"https:\/\/www.mtv.fi\/kampanja\/hifk\" target=\"_blank\" rel=\"noreferrer noopener nofollow\">Hy\u00f6dynn\u00e4 MTV:n ja HIFK:n kampanja<\/a>, s\u00e4\u00e4st\u00e4 fyrkkaa ja tue seuran nais- ja juniorikiekkotoimintaa.<\/p>\n<p><strong>Vuoden viimeinen Liiga-ottelu pelataan Turussa<\/strong><\/p>\n<p>HIFK p\u00e4\u00e4tt\u00e4\u00e4 vuoden 2025 Liigan osalta Turussa lauantaina. Joukkueet kohtasivat eilen perjantaina Nordiksella ja TPS vei voiton jatkoajan j\u00e4lkeen maalein 3-4. Revanssi on siis tarjolla, kun HIFK pyrkii kasvattamaan pisteputken kymmenen ottelun mittaiseksi. Gatorade center on ollut viime vuosina mieluinen paikka, kun HIFK on viimeisest\u00e4 viidest\u00e4 Turun vierailusta l\u00e4htenyt nelj\u00e4 kertaa kolmen pisteen kanssa kotimatkalle.<\/p>\n<p><img decoding=\"async\" src=\"https:\/\/www.europesays.com\/fi\/wp-content\/uploads\/2025\/12\/250927_TPS-HIFK-28-2.jpg\" alt=\"\" class=\"wp-image-10390\"\/><\/p>\n<p>Kuva: Teemu Saarinen<\/p>\n<p>Kokoonpano pysyy miehist\u00f6n osalta samana eiliseen verrattuna, mutta pienill\u00e4 viilauksilla. <strong>Hugo Alnefelt<\/strong> huilaa, kun <strong>Niko Hovinen<\/strong> hypp\u00e4\u00e4 tolppien v\u00e4liin. Toinen pieni muutos l\u00f6ytyy keskikaistalta, kun <strong>Otto Somppi<\/strong> ja <strong>Tristan Ashbrook<\/strong> vaihtavat kentti\u00e4 p\u00e4itt\u00e4in. Pakistossa <strong>Ossi Sippola<\/strong> siirtyy ykk\u00f6skent\u00e4n alle.<\/p>\n<p><strong>MAALIVAHDIT<\/strong><br \/>92 Niko Hovinen<br \/>60 Hugo Alnefelt (varalla)<\/p>\n<p><strong>HY\u00d6KK\u00c4\u00c4J\u00c4T<\/strong><br \/>71 Daniel M\u00e4kiaho \u2013 77 Petr Kod\u00fdtek &#8221;A&#8221; \u2013 43 Vincent Marleau<br \/>54 Jere Somervuori \u2013 15 Otto Somppi \u2013 27 Sean Josling<br \/>52 Petrus Palmu \u201dA\u201d \u2013 47 Tristan Ashbrook \u2013 19 Kasper Lundell<br \/>78 Jesse Sepp\u00e4l\u00e4 \u2013 42 Lauri Sinivuori \u2013 82 Aatu Karjalainen<\/p>\n<p><strong>PUOLUSTAJAT<\/strong><\/p>\n<p>90 Saku Salmela \u2013 37 Ossi Sippola<br \/>10 Jakob Ragnarsson \u2013 98 Oliver Larsen<br \/>11 Ilari Melart \u201dC\u201d \u2013 28 Kalle Ervasti<br \/>74 Viljami Savolainen<\/p>\n<p><strong>Loukkaantuneet\/sairastuneet ja arvio paluusta:\u00a0<\/strong>Paavo Kohonen (day-to-day), Jori Lehter\u00e4 (paluu viikolla 2), Panu Mieho (paluu viikolla 4), Tony Sund (paluu viikolla 4), Iiro Pakarinen (paluu viikolla 4), Eelis Uronen (week-to-week), Anttoni Uronen (paluu viikolla 5), Petteri Lindbohm (paluu tammikuussa), Bruno Jalasti (paluu helmikuussa), Sebastian Repo (paluu helmikuussa), Valtteri Piironen (paluu maaliskuussa), Juhani Jasu (arvioidaan), Jere Karjalainen (kausi ohi)<\/p>\n<p>HIFK tiedottaa runkosarjan aikana loukkaantumisista p\u00e4\u00e4s\u00e4\u00e4nt\u00f6isesti ottelup\u00e4iv\u00e4n\u00e4 kokoonpanon julkistuksen yhteydess\u00e4. Liigan, pelaajayhdistyksen ja tietosuojavaltuutetun yhdess\u00e4 laatimien s\u00e4\u00e4nt\u00f6jen mukaisesti pelaajien terveyteen liittyvi\u00e4 tietoja ei kerrota julkisuuteen. Pelaajien poissaoloista kerrotaan sen hetken arvioitu paluu aikataulu. Arvio saattaa muuttua toipumisaikana ja kulloinkin ilmoitetaan sen hetkinen tilanne.<\/p>\n","protected":false},"excerpt":{"rendered":"TPS &#8211; HIFK klo 17.00. Tsekkaa kokoonpano! N\u00e4e kaikki Liiga-matsit suorana MTV Katsomo+ Urheilu -tilauksella!\u00a0Hy\u00f6dynn\u00e4 MTV:n ja HIFK:n&hellip;\n","protected":false},"author":2,"featured_media":121453,"comment_status":"","ping_status":"","sticky":false,"template":"","format":"standard","meta":{"footnotes":""},"categories":[158],"tags":[33,31,30,159,32,160],"class_list":{"0":"post-121452","1":"post","2":"type-post","3":"status-publish","4":"format-standard","5":"has-post-thumbnail","7":"category-urheilu","8":"tag-fi","9":"tag-finland","10":"tag-finnish","11":"tag-sports","12":"tag-suomi","13":"tag-urheilu"},"share_on_mastodon":{"url":"https:\/\/pubeurope.com\/@fi\/115751824132888180","error":""},"_links":{"self":[{"href":"https:\/\/www.europesays.com\/fi\/wp-json\/wp\/v2\/posts\/121452","targetHints":{"allow":["GET"]}}],"collection":[{"href":"https:\/\/www.europesays.com\/fi\/wp-json\/wp\/v2\/posts"}],"about":[{"href":"https:\/\/www.europesays.com\/fi\/wp-json\/wp\/v2\/types\/post"}],"author":[{"embeddable":true,"href":"https:\/\/www.europesays.com\/fi\/wp-json\/wp\/v2\/users\/2"}],"replies":[{"embeddable":true,"href":"https:\/\/www.europesays.com\/fi\/wp-json\/wp\/v2\/comments?post=121452"}],"version-history":[{"count":0,"href":"https:\/\/www.europesays.com\/fi\/wp-json\/wp\/v2\/posts\/121452\/revisions"}],"wp:featuredmedia":[{"embeddable":true,"href":"https:\/\/www.europesays.com\/fi\/wp-json\/wp\/v2\/media\/121453"}],"wp:attachment":[{"href":"https:\/\/www.europesays.com\/fi\/wp-json\/wp\/v2\/media?parent=121452"}],"wp:term":[{"taxonomy":"category","embeddable":true,"href":"https:\/\/www.europesays.com\/fi\/wp-json\/wp\/v2\/categories?post=121452"},{"taxonomy":"post_tag","embeddable":true,"href":"https:\/\/www.europesays.com\/fi\/wp-json\/wp\/v2\/tags?post=121452"}],"curies":[{"name":"wp","href":"https:\/\/api.w.org\/{rel}","templated":true}]}}