{"id":121454,"date":"2025-12-20T12:10:09","date_gmt":"2025-12-20T12:10:09","guid":{"rendered":"https:\/\/www.europesays.com\/fi\/121454\/"},"modified":"2025-12-20T12:10:09","modified_gmt":"2025-12-20T12:10:09","slug":"linda-lampenius-julkaisi-peter-nygardin-viesteja-nain-valheellista-anteeksipyyntoa-suunniteltiin","status":"publish","type":"post","link":"https:\/\/www.europesays.com\/fi\/121454\/","title":{"rendered":"Linda Lampenius julkaisi Peter Nyg\u00e5rdin viestej\u00e4: N\u00e4in valheellista anteeksipyynt\u00f6\u00e4 suunniteltiin"},"content":{"rendered":"<p>Linda Lampenius julkaisi kuvia vuosikymmeni\u00e4 vanhoista viesteist\u00e4.<\/p>\n<p><img decoding=\"async\" class=\"image image-show image-preview\" src=\"https:\/\/www.europesays.com\/fi\/wp-content\/uploads\/2025\/12\/366e0daf0cbe82ba293062d1de76380e4d4dccd8768ee58e4db95ff43b7d9443.jpg\" alt=\"\"\/><img decoding=\"async\" class=\"image image-show\" src=\"https:\/\/www.europesays.com\/fi\/wp-content\/uploads\/2025\/12\/1766232609_430_366e0daf0cbe82ba293062d1de76380e4d4dccd8768ee58e4db95ff43b7d9443.jpg\" alt=\"\"\/><\/p>\n<p>Linda Lampenius on tunnettu viuliusti. PASI LIESIMAA<\/p>\n<p class=\"paragraph\">Viulisti <a href=\"https:\/\/www.iltalehti.fi\/henkilot\/Linda Lampenius\" class=\"article-link-person-page\" rel=\"nofollow noopener\" target=\"_blank\">Linda Lampenius<\/a> joutui ostamaan vuosituhannen alussa lehti-ilmoituksen Sanomalta sopiakseen riidan suomalaissyntyisen miljon\u00e4\u00e4rin <a href=\"https:\/\/www.iltalehti.fi\/henkilot\/Peter Nyg\u00e5rd\" class=\"article-link-person-page\" rel=\"nofollow noopener\" target=\"_blank\">Peter Nyg\u00e5rdin<\/a> kanssa.<\/p>\n<p class=\"paragraph\">Lampenius julkaisi Instagram-tilill\u00e4\u00e4n fakseja vuodelta 2001. Joukossa on faksi, jossa Nyg\u00e5rd toteaa tiedottajalleen <strong>Tiina Tulikorvelle<\/strong>, ett\u00e4 lehdist\u00f6tiedote tulee julkaista vain Lampeniuksen nimiss\u00e4, jotta se n\u00e4ytt\u00e4isi paremmalta h\u00e4nen osaltaan. Nyg\u00e5rd toteaa my\u00f6s, ettei asiasta voi neuvotella h\u00e4nen kanssaan.<\/p>\n<p class=\"paragraph\">\u2013 T\u00e4m\u00e4 on sopimus, joka t\u00e4ytyy tehd\u00e4. Siit\u00e4 ei voi neuvotella.<\/p>\n<p class=\"paragraph\">Tulikorpi kommentoi my\u00f6hemmin julkisuuteen olleensa yll\u00e4ttynyt Lampeniuksen anteeksipyynn\u00f6st\u00e4, mutta ilmoitti Peter Nyg\u00e5rdin hyv\u00e4ksyv\u00e4n t\u00e4m\u00e4n anteeksipyynn\u00f6n. Uusien todisteiden valossa Tulikorpi tiesi, kuka sanojen takana oli.<\/p>\n<p class=\"paragraph\">Kuvien joukossa on my\u00f6s kuva kyseisest\u00e4 tiedotteesta.<\/p>\n<p class=\"paragraph\">\u2013 Olen eritt\u00e4in pahoillani kaikesta k\u00e4rsimyksest\u00e4 ja vahingosta, mink\u00e4 olen aiheuttanut Peter Nyg\u00e5rdille ep\u00e4asiallisilla kommenteillani. Ymm\u00e4rr\u00e4n nyt, miten v\u00e4\u00e4r\u00e4ss\u00e4 olen ollut. Koko onneton tapahtuma on perustunut omaan v\u00e4\u00e4rink\u00e4sitykseeni, tiedotteessa sanotaan.<\/p>\n<p class=\"paragraph\">Tiedotteessa ylistet\u00e4\u00e4n Nyg\u00e5rdia muun muassa hyv\u00e4ntekev\u00e4isyyden ja tieteen rahoittajana. Tiedotteessa hehkutetaan my\u00f6s Nyg\u00e5rdin osaa Lampeniuksen urapolussa 1990-luvulla.<\/p>\n<p class=\"paragraph\">Katso kuvat alapuolelta. Jos ne eiv\u00e4t n\u00e4y, voit katsoa ne <a href=\"https:\/\/www.instagram.com\/p\/DSepbuaiA7z\/?img_index=1\" rel=\"noopener nofollow\" target=\"_blank\">t\u00e4st\u00e4 linkist\u00e4<\/a>.<\/p>\n<p class=\"paragraph\">Sanoma Media Finland palauttaa yli kaksikymment\u00e4 vuotta sitten ostetun lehti-ilmoituksen hinnan Lampeniukselle. Lampenius joutui ostamaan koko sivun kokoisen lehti-ilmoituksen Ilta-Sanomista ja antamaan haastattelun toimittaja <a href=\"https:\/\/www.iltalehti.fi\/henkilot\/Rita Tainola\" class=\"article-link-person-page\" rel=\"nofollow noopener\" target=\"_blank\">Rita Tainolalle<\/a>.<\/p>\n<p class=\"paragraph\">Anteeksipyynt\u00f6 tehtiin, jotta Nyg\u00e5rd ei vaatisi Lampeniukselta miljoonien eurojen korvauksia kunnianloukkauksesta.<\/p>\n<p>Peter Nyg\u00e5rd on suomalaissyntyinen miljon\u00e4\u00e4ri ja Kanadan kansalainen. AOP<\/p>\n<p class=\"paragraph\">Aiemmin t\u00e4n\u00e4 vuonna julkaistiin Iltalehden entisen kustantajan ja vastaavan p\u00e4\u00e4toimittajan <strong>Kari Kivel\u00e4n<\/strong> muistelmat Punkkari ja mediapomo (Otava). Muistelmissaan Kivel\u00e4 toivoi, ett\u00e4 Sanoma olisi maksanut Lampeniukselle takaisin rahat lehti-ilmoituksesta. Sanoma Media Finland ilmoitti maksavansa rahat Lampeniukselle joulukuussa.<\/p>\n<p><script async src=\"\/\/www.instagram.com\/embed.js\"><\/script><\/p>\n","protected":false},"excerpt":{"rendered":"Linda Lampenius julkaisi kuvia vuosikymmeni\u00e4 vanhoista viesteist\u00e4. Linda Lampenius on tunnettu viuliusti. PASI LIESIMAA Viulisti Linda Lampenius joutui&hellip;\n","protected":false},"author":2,"featured_media":121455,"comment_status":"","ping_status":"","sticky":false,"template":"","format":"standard","meta":{"footnotes":""},"categories":[130],"tags":[35,137,33,31,30,1616,979,32,484,140,139,109],"class_list":{"0":"post-121454","1":"post","2":"type-post","3":"status-publish","4":"format-standard","5":"has-post-thumbnail","7":"category-viihde","8":"tag-24h","9":"tag-entertainment","10":"tag-fi","11":"tag-finland","12":"tag-finnish","13":"tag-media-viestinta","14":"tag-sahkoinen-media","15":"tag-suomi","16":"tag-taiteellinen-ilmaisu-ja-mediat","17":"tag-tv-ja-elokuvat","18":"tag-tv-ohjelmat","19":"tag-viihde"},"share_on_mastodon":{"url":"https:\/\/pubeurope.com\/@fi\/115751827840138174","error":""},"_links":{"self":[{"href":"https:\/\/www.europesays.com\/fi\/wp-json\/wp\/v2\/posts\/121454","targetHints":{"allow":["GET"]}}],"collection":[{"href":"https:\/\/www.europesays.com\/fi\/wp-json\/wp\/v2\/posts"}],"about":[{"href":"https:\/\/www.europesays.com\/fi\/wp-json\/wp\/v2\/types\/post"}],"author":[{"embeddable":true,"href":"https:\/\/www.europesays.com\/fi\/wp-json\/wp\/v2\/users\/2"}],"replies":[{"embeddable":true,"href":"https:\/\/www.europesays.com\/fi\/wp-json\/wp\/v2\/comments?post=121454"}],"version-history":[{"count":0,"href":"https:\/\/www.europesays.com\/fi\/wp-json\/wp\/v2\/posts\/121454\/revisions"}],"wp:featuredmedia":[{"embeddable":true,"href":"https:\/\/www.europesays.com\/fi\/wp-json\/wp\/v2\/media\/121455"}],"wp:attachment":[{"href":"https:\/\/www.europesays.com\/fi\/wp-json\/wp\/v2\/media?parent=121454"}],"wp:term":[{"taxonomy":"category","embeddable":true,"href":"https:\/\/www.europesays.com\/fi\/wp-json\/wp\/v2\/categories?post=121454"},{"taxonomy":"post_tag","embeddable":true,"href":"https:\/\/www.europesays.com\/fi\/wp-json\/wp\/v2\/tags?post=121454"}],"curies":[{"name":"wp","href":"https:\/\/api.w.org\/{rel}","templated":true}]}}