{"id":121458,"date":"2025-12-20T12:14:09","date_gmt":"2025-12-20T12:14:09","guid":{"rendered":"https:\/\/www.europesays.com\/fi\/121458\/"},"modified":"2025-12-20T12:14:09","modified_gmt":"2025-12-20T12:14:09","slug":"arvio-usasta-kremlille-kelpaa-vain-ukrainan-antautuminen","status":"publish","type":"post","link":"https:\/\/www.europesays.com\/fi\/121458\/","title":{"rendered":"Arvio USA:sta: Kremlille kelpaa vain Ukrainan antautuminen"},"content":{"rendered":"<p class=\"ai-optimize-16 ai-optimize-introduction\">Amerikkalainen veteraanidiplomaatti <strong>John Herbst<\/strong> pit\u00e4\u00e4 ep\u00e4todenn\u00e4k\u00f6isen\u00e4, ett\u00e4 Ven\u00e4j\u00e4 ja Ukraina kykenisiv\u00e4t sopimaan aselevosta ennen joulua presidentti <strong>Donald Trumpin<\/strong> hallinnon optimistisista lausunnoista huolimatta.<\/p>\n<p class=\"ai-optimize-16\">Vaikka Valkoisen talon rauhansuunnitelman viimeisimm\u00e4n version tarkat yksityiskohdat eiv\u00e4t ole selvill\u00e4, sen keskeisi\u00e4 elementtej\u00e4 ovat tiett\u00e4v\u00e4sti se, ett\u00e4 Ukraina luovuttaisi Ven\u00e4j\u00e4n miehitt\u00e4m\u00e4t strategiset alueet l\u00e4ntisess\u00e4 Donbasissa ja muodostaisi sinne demilitarisoidun vy\u00f6hykkeen. Ukraina on t\u00e4m\u00e4n torjunut, ja ajatukseen on kohdistettu kovaa kritiikki\u00e4 my\u00f6s Yhdysvalloissa \u2013 jopa kongressin republikaaniedustajienkin taholta.<\/p>\n<p class=\"ai-optimize-16\">\u2013 Jos Ven\u00e4j\u00e4n joukot p\u00e4\u00e4sisiv\u00e4t t\u00e4lle vahvasti linnoitetulle \u201ddemilitarisoidulle vy\u00f6hykkeelle\u201d, niiden olisi paljon helpompi edet\u00e4 l\u00e4nteen ja vallata yh\u00e4 enemm\u00e4n Ukrainan aluetta, Yhdysvaltain suurl\u00e4hettil\u00e4\u00e4n\u00e4 Kiovassa 2003\u20132006 palvellut Herbst kirjoittaa <a href=\"https:\/\/www.atlanticcouncil.org\/dispatches\/as-the-us-ukraine-and-europe-talk-of-peace-russia-still-thinks-only-of-surrender\/\" target=\"_blank\" rel=\"noopener nofollow\">analyysissaan<\/a>.<\/p>\n<p class=\"ai-optimize-16\">Mik\u00e4li Ukraina my\u00f6ntyisi alueluovutuksiin, Trumpin hallinnon on raportoitu olevan valmis antamaan maalle vahvat, oikeudellisesti sitovat turvatakuut, jotka kongressi hyv\u00e4ksyisi. Takuiden tarkat yksityiskohdat eiv\u00e4t kuitenkaan ole tiedossa. Ukrainan n\u00e4k\u00f6kulmasta kysymys turvatakuiden muodosta on joka tapauksessa kriittisen t\u00e4rke\u00e4.<\/p>\n<p class=\"ai-optimize-16\">\u2013 T\u00e4m\u00e4 on ymm\u00e4rrett\u00e4v\u00e4\u00e4, kun otetaan huomioon, ett\u00e4 Ukraina luopui ydinaseistaan Budapestin muistion nojalla vuonna 1994 Ven\u00e4j\u00e4n, Yhdysvaltojen, Britannian, Ranskan ja Kiinan antamia \u201dturvatakuita\u201d vastaan. Maat eiv\u00e4t niiden mukaan sallisi mink\u00e4\u00e4nlaisia Ukrainan alueellisen koskemattomuuden loukkauksia. Takuut osoittautuivat sittemmin arvottomiksi, Atlantic Council -ajatushautomon Euraasia-keskuksen johtajana nykyisin toimiva Herbst toteaa.<\/p>\n<p class=\"ai-optimize-16\">H\u00e4n muistuttaa <strong>Vladimir Putinin<\/strong> neuvonantajan <strong>Juri U\u0161akovin<\/strong> viime viikolla todenneen, ett\u00e4 vaikka Donbasissa ei sodan p\u00e4\u00e4tytty\u00e4 v\u00e4ltt\u00e4m\u00e4tt\u00e4 olisi sen enemp\u00e4\u00e4 Ukrainan kuin Ven\u00e4j\u00e4nk\u00e4\u00e4n asevoimien joukkoja, sinne kuitenkin sijoitettaisiin Ven\u00e4j\u00e4n kansalliskaarti ja poliisi.<\/p>\n<p class=\"ai-optimize-16\">\u2013 Ven\u00e4j\u00e4n kansalliskaarti on puolisotilaallinen joukko, eik\u00e4 olisi vaikeaa salata joukkojen keskitt\u00e4mist\u00e4 vy\u00f6hykkeelle kansalliskaartin nimiss\u00e4. Vuonna 2014 tunnuksettomat ven\u00e4l\u00e4isjoukot valtasivat Krimin, Herbst huomauttaa.<\/p>\n<p class=\"ai-optimize-16\">Vaikka Trump n\u00e4ytt\u00e4\u00e4 uskovan, ett\u00e4 rauha on l\u00e4hemp\u00e4n\u00e4 kuin koskaan, ei Herbstin mukaan ole viitteit\u00e4 siit\u00e4, ett\u00e4 Putin olisi luopunut tavoitteestaan alistaa Ukraina poliittisesti Kremlin hallintaan. T\u00e4m\u00e4n my\u00f6s Trump tuli my\u00f6nt\u00e4neeksi \u00e4skett\u00e4isess\u00e4 <a href=\"https:\/\/www.nbcnews.com\/world\/ukraine\/trump-zelenskyy-hasnt-read-russia-ukraine-peace-plan-war-europe-putin-rcna247956\" target=\"_blank\" rel=\"noopener nofollow\">lausunnossaan<\/a>.<\/p>\n<p class=\"ai-optimize-16\">Ven\u00e4j\u00e4n Lontoon-suurl\u00e4hettil\u00e4s <strong>Andrei Kelin<\/strong> vahvisti maansa tavoitteen 10. joulukuuta antamassaan haastattelussa hyvin suorasukaisesti painottaessaan, ett\u00e4 kyse ei ole niink\u00e4\u00e4n sopimuksesta kuin Ukrainan antautumisesta.<\/p>\n<p class=\"ai-optimize-16\">\u2013 Kun Yhdysvaltain edustajat painostavat Ukrainaa hyv\u00e4ksym\u00e4\u00e4n jopa aiemmin hylk\u00e4\u00e4m\u00e4ns\u00e4 Ven\u00e4j\u00e4n ehdot ja kun Yhdysvallat ja sen eurooppalaiset liittolaiset kiistelev\u00e4t sodan lopettamista koskevien suunnitelmien sis\u00e4ll\u00f6st\u00e4, Moskova seuraa tilannetta sivusta ilman mink\u00e4\u00e4nlaista kannustinta tehd\u00e4 my\u00f6nnytyksi\u00e4 kest\u00e4v\u00e4n rauhan saavuttamiseksi, Herbst kiteytt\u00e4\u00e4.<\/p>\n","protected":false},"excerpt":{"rendered":"Amerikkalainen veteraanidiplomaatti John Herbst pit\u00e4\u00e4 ep\u00e4todenn\u00e4k\u00f6isen\u00e4, ett\u00e4 Ven\u00e4j\u00e4 ja Ukraina kykenisiv\u00e4t sopimaan aselevosta ennen joulua presidentti Donald Trumpin&hellip;\n","protected":false},"author":2,"featured_media":121459,"comment_status":"","ping_status":"","sticky":false,"template":"","format":"standard","meta":{"footnotes":""},"categories":[14],"tags":[22,23,26,27,33,31,30,17,24,25,28,29,15,18,21,32,19,20,56,4125,16,987,59,60,61],"class_list":{"0":"post-121458","1":"post","2":"type-post","3":"status-publish","4":"format-standard","5":"has-post-thumbnail","7":"category-ulkomaat","8":"tag-breaking-news","9":"tag-breakingnews","10":"tag-featured-news","11":"tag-featurednews","12":"tag-fi","13":"tag-finland","14":"tag-finnish","15":"tag-headlines","16":"tag-latest-news","17":"tag-latestnews","18":"tag-main-news","19":"tag-mainnews","20":"tag-news","21":"tag-otsikot","22":"tag-paauutiset","23":"tag-suomi","24":"tag-top-stories","25":"tag-topstories","26":"tag-ulkomaat","27":"tag-usa","28":"tag-uutiset","29":"tag-venajan-hyokkays","30":"tag-world","31":"tag-world-news","32":"tag-worldnews"},"share_on_mastodon":{"url":"https:\/\/pubeurope.com\/@fi\/115751843530669971","error":""},"_links":{"self":[{"href":"https:\/\/www.europesays.com\/fi\/wp-json\/wp\/v2\/posts\/121458","targetHints":{"allow":["GET"]}}],"collection":[{"href":"https:\/\/www.europesays.com\/fi\/wp-json\/wp\/v2\/posts"}],"about":[{"href":"https:\/\/www.europesays.com\/fi\/wp-json\/wp\/v2\/types\/post"}],"author":[{"embeddable":true,"href":"https:\/\/www.europesays.com\/fi\/wp-json\/wp\/v2\/users\/2"}],"replies":[{"embeddable":true,"href":"https:\/\/www.europesays.com\/fi\/wp-json\/wp\/v2\/comments?post=121458"}],"version-history":[{"count":0,"href":"https:\/\/www.europesays.com\/fi\/wp-json\/wp\/v2\/posts\/121458\/revisions"}],"wp:featuredmedia":[{"embeddable":true,"href":"https:\/\/www.europesays.com\/fi\/wp-json\/wp\/v2\/media\/121459"}],"wp:attachment":[{"href":"https:\/\/www.europesays.com\/fi\/wp-json\/wp\/v2\/media?parent=121458"}],"wp:term":[{"taxonomy":"category","embeddable":true,"href":"https:\/\/www.europesays.com\/fi\/wp-json\/wp\/v2\/categories?post=121458"},{"taxonomy":"post_tag","embeddable":true,"href":"https:\/\/www.europesays.com\/fi\/wp-json\/wp\/v2\/tags?post=121458"}],"curies":[{"name":"wp","href":"https:\/\/api.w.org\/{rel}","templated":true}]}}