{"id":121461,"date":"2025-12-20T12:16:10","date_gmt":"2025-12-20T12:16:10","guid":{"rendered":"https:\/\/www.europesays.com\/fi\/121461\/"},"modified":"2025-12-20T12:16:10","modified_gmt":"2025-12-20T12:16:10","slug":"podcast-niko-saarinen-kertoo-kayttotilinsa-saldon","status":"publish","type":"post","link":"https:\/\/www.europesays.com\/fi\/121461\/","title":{"rendered":"Podcast: Niko Saarinen kertoo k\u00e4ytt\u00f6tilins\u00e4 saldon"},"content":{"rendered":"<p>Niko Saarisen paljastus saa juontoparin \u00e4llistym\u00e4\u00e4n.<\/p>\n<p class=\"article-body mb-nof-24 px-nof-16\">Radiojuontaja ja mediapersoona <a class=\"article-personlink\" href=\"https:\/\/www.is.fi\/haku\/?query=Niko%20Saarinen\" rel=\"nofollow noopener\" target=\"_blank\">Niko Saarinen<\/a> paljastaa oman k\u00e4ytt\u00f6tilins\u00e4 saldon <a class=\"article-genericlink\" href=\"https:\/\/podme.com\/fi\/jakso\/10173568\/\" rel=\"nofollow noopener\" target=\"_blank\">Nikotellen<\/a>-podcastinsa uusimmassa jaksossa.<\/p>\n<p class=\"article-body mb-nof-24 px-nof-16\">Saarinen k\u00e4y jaksossa l\u00e4pi juontajaparinsa <a class=\"article-personlink\" href=\"https:\/\/www.is.fi\/haku\/?query=Jennin\" rel=\"nofollow noopener\" target=\"_blank\">Jennin<\/a> kanssa kuulijoiden l\u00e4hett\u00e4mi\u00e4 kysymyksi\u00e4. Heti ensimm\u00e4isen\u00e4 menn\u00e4\u00e4n rahan pariin.<\/p>\n<p class=\"article-body mb-nof-24 px-nof-16\">Juontajilta tiedustellaan, paljonko heill\u00e4 on k\u00e4ytt\u00f6tilill\u00e4 rahaa. Ennen kuin Saarinen vastaa kysymykseen, h\u00e4n kertoo taustatietoja.<\/p>\n<p class=\"article-body mb-nof-24 px-nof-16\">\u2013 Nostin juuri firman osingot, Saarinen aloittaa.<\/p>\n<p class=\"article-body mb-nof-24 px-nof-16\">\u2013 Ja ne ovat k\u00e4ytt\u00f6tilill\u00e4si? Jenni kysyy.<\/p>\n<p class=\"article-body mb-nof-24 px-nof-16\">\u2013 Joo. Minulla oli t\u00e4n\u00e4\u00e4n pankin kanssa palaveri sattumoisin. Ne yritt\u00e4v\u00e4t, ett\u00e4 en saisi pit\u00e4\u00e4 pankkitilill\u00e4 rahaa, Saarinen ihmettelee.<\/p>\n<p class=\"article-body mb-nof-24 px-nof-16\">Sitten p\u00e4\u00e4st\u00e4\u00e4n varsinaiseen k\u00e4ytt\u00f6tilin summaan: 61\u202f000 euroa. Juontajapari r\u00e4j\u00e4ht\u00e4\u00e4 nauruun.<\/p>\n<p class=\"article-body mb-nof-24 px-nof-16\">\u2013 Voi vitun vittu! Jenni huudahtaa.<\/p>\n<p class=\"article-body mb-nof-24 px-nof-16\">\u2013 Ne ovat mun osingot, jotka sain nostettua. Minun oli pakko nostaa ne firman tililt\u00e4, Saarinen selitt\u00e4\u00e4.<\/p>\n<p class=\"article-body mb-nof-24 px-nof-16\">H\u00e4n kertoo el\u00e4neens\u00e4 viime vuonna melkein kokonaan osingoillaan.<\/p>\n<p class=\"article-body mb-nof-24 px-nof-16\">\u2013 Tuo on periaatteessa koko vuoden k\u00e4ytt\u00f6tilini.<\/p>\n<p class=\"article-body mb-nof-24 px-nof-16\">Saarinen kertoo podcastissa my\u00f6s pankkivirkailijan kanssa k\u00e4ym\u00e4st\u00e4\u00e4n keskustelusta, joka sai h\u00e4net h\u00e4mmentym\u00e4\u00e4n.<\/p>\n<p class=\"article-body mb-nof-24 px-nof-16\">\u2013 En saisi nostaa palkkaa. Ett\u00e4 m\u00e4 en tarvitse palkkaa firmani tililt\u00e4. Olin vain, ett\u00e4 mit\u00e4 niille vitun rahoille tehd\u00e4\u00e4n.<\/p>\n<p class=\"article-body mb-nof-24 px-nof-16\">H\u00e4nen mukaansa pankkivirkailija kehotti laittamaan rahat Saarisen yrityksen s\u00e4\u00e4st\u00f6tilille.<\/p>\n<p class=\"article-body mb-nof-24 px-nof-16\">\u2013 Tuntuu j\u00e4rjett\u00f6m\u00e4lt\u00e4 tehd\u00e4 paljon t\u00f6it\u00e4 eik\u00e4 saa ikin\u00e4 palkkaa, Saarinen parahtaa.<\/p>\n<p class=\"article-body mb-nof-24 px-nof-16\">Vuoden 2024 verotiedoissa Saarisen ansiotuloiksi listattiin l\u00e4hes 199\u202f700 euroa. P\u00e4\u00e4omatuloja oli v\u00e4h\u00e4n yli 10\u202f000 euroa.<\/p>\n","protected":false},"excerpt":{"rendered":"Niko Saarisen paljastus saa juontoparin \u00e4llistym\u00e4\u00e4n. Radiojuontaja ja mediapersoona Niko Saarinen paljastaa oman k\u00e4ytt\u00f6tilins\u00e4 saldon Nikotellen-podcastinsa uusimmassa jaksossa.&hellip;\n","protected":false},"author":2,"featured_media":121462,"comment_status":"","ping_status":"","sticky":false,"template":"","format":"standard","meta":{"footnotes":""},"categories":[5],"tags":[22,23,26,27,33,31,30,17,34,24,25,28,29,15,18,21,32,19,20,16],"class_list":{"0":"post-121461","1":"post","2":"type-post","3":"status-publish","4":"format-standard","5":"has-post-thumbnail","7":"category-otsikot","8":"tag-breaking-news","9":"tag-breakingnews","10":"tag-featured-news","11":"tag-featurednews","12":"tag-fi","13":"tag-finland","14":"tag-finnish","15":"tag-headlines","16":"tag-ilta-sanomat","17":"tag-latest-news","18":"tag-latestnews","19":"tag-main-news","20":"tag-mainnews","21":"tag-news","22":"tag-otsikot","23":"tag-paauutiset","24":"tag-suomi","25":"tag-top-stories","26":"tag-topstories","27":"tag-uutiset"},"share_on_mastodon":{"url":"https:\/\/pubeurope.com\/@fi\/115751851317759504","error":""},"_links":{"self":[{"href":"https:\/\/www.europesays.com\/fi\/wp-json\/wp\/v2\/posts\/121461","targetHints":{"allow":["GET"]}}],"collection":[{"href":"https:\/\/www.europesays.com\/fi\/wp-json\/wp\/v2\/posts"}],"about":[{"href":"https:\/\/www.europesays.com\/fi\/wp-json\/wp\/v2\/types\/post"}],"author":[{"embeddable":true,"href":"https:\/\/www.europesays.com\/fi\/wp-json\/wp\/v2\/users\/2"}],"replies":[{"embeddable":true,"href":"https:\/\/www.europesays.com\/fi\/wp-json\/wp\/v2\/comments?post=121461"}],"version-history":[{"count":0,"href":"https:\/\/www.europesays.com\/fi\/wp-json\/wp\/v2\/posts\/121461\/revisions"}],"wp:featuredmedia":[{"embeddable":true,"href":"https:\/\/www.europesays.com\/fi\/wp-json\/wp\/v2\/media\/121462"}],"wp:attachment":[{"href":"https:\/\/www.europesays.com\/fi\/wp-json\/wp\/v2\/media?parent=121461"}],"wp:term":[{"taxonomy":"category","embeddable":true,"href":"https:\/\/www.europesays.com\/fi\/wp-json\/wp\/v2\/categories?post=121461"},{"taxonomy":"post_tag","embeddable":true,"href":"https:\/\/www.europesays.com\/fi\/wp-json\/wp\/v2\/tags?post=121461"}],"curies":[{"name":"wp","href":"https:\/\/api.w.org\/{rel}","templated":true}]}}