{"id":121463,"date":"2025-12-20T12:28:07","date_gmt":"2025-12-20T12:28:07","guid":{"rendered":"https:\/\/www.europesays.com\/fi\/121463\/"},"modified":"2025-12-20T12:28:07","modified_gmt":"2025-12-20T12:28:07","slug":"nanna-karalaht-riipaiseva-ulostulo-seiska","status":"publish","type":"post","link":"https:\/\/www.europesays.com\/fi\/121463\/","title":{"rendered":"Nanna Karalaht: riipaiseva ulostulo | Seiska"},"content":{"rendered":"<p>\n            Nanna Karalahti     Mannerheimin Lastensuojelu Liiton Muotin\u00e4yt\u00f6ksess\u00e4 Bank 2019-05-16<br \/>\n            Pasi Murto\n        <\/p>\n<p class=\"subtitle \">Viime ajat ovat olleet raskaita Karalahden perheelle.<\/p>\n<p class=\"article-content article-content-width !bg-background\">Hyvinvointialan yritt\u00e4j\u00e4\u00a0, 38, on parhaillaan Levill\u00e4.<\/p>\n<p>        <a itemprop=\"url\" href=\"https:\/\/www.seiska.fi\/kotimaa\/nanna-karalahden-villit-synttarit-kaatui-ja-tanssi-poydalla\/2014152\" rel=\"nofollow noopener\" target=\"_blank\"><\/p>\n<p>\nNanna Karalahti\n<\/p>\n<p class=\"section-date\">\n        <strong class=\"article-section\" data-section=\"kotimaa\"><br \/>\n            kotimaa<br \/>\n        <\/strong><br \/>\n        7.12. 16:30\n    <\/p>\n<p>Nanna Karalahden villit syntt\u00e4rit &#8211; kaatui ja tanssi p\u00f6yd\u00e4ll\u00e4\n    <\/p>\n<p itemprop=\"description\" class=\"subtitle \">\n    Nannan syntym\u00e4p\u00e4iv\u00e4t olivat riehakkaat. Paikalla juhlissa oli useita julkkiksia.\n<\/p>\n<p>        <\/a><\/p>\n<p class=\"font-weight-bold m-font-weight-bold article-content article-content-width !bg-background\">Katso video \u2013 N\u00e4in Nanna nousi otsikoihin:<\/p>\n<p>Lapselta syd\u00e4nt\u00e4s\u00e4rkev\u00e4 joululahjatoive<\/p>\n<p class=\"article-content article-content-width !bg-background\">Nanna suuntasi lastensa kanssa pohjoiseen viett\u00e4m\u00e4\u00e4n aikaa lumen keskell\u00e4 juuri ennen joulua.<\/p>\n<p class=\"article-content article-content-width !bg-background\">Kolmen lapsen \u00e4iti huolehtii lapsista yksin. Lasten is\u00e4 ja Nannan ex-puoliso, , on tutkintavankeudessa.<\/p>\n<p class=\"article-content article-content-width !bg-background\">Nanna julkaisi eilen (20.12.) Instagram-tarinassaan kuvan parin yhteisen -pojan joulutoivelistasta, jossa on syd\u00e4nt\u00e4 s\u00e4rkev\u00e4 yksityiskohta.\u00a0<\/p>\n<p class=\"article-content article-content-width !bg-background\">Lapsi on listannut toiveikseen muun muassa Legoja sek\u00e4 \u00e4idilleen hienon taulun. Erityisen huomion kiinnitt\u00e4\u00e4 kuitenkin listan viimeinen, syd\u00e4nt\u00e4 riipaiseva toive:<\/p>\n<p class=\"article-content article-content-width !bg-background\">\u2013 Isille, jos se tulee, niin ihan mit\u00e4 vaan.<\/p>\n<p>        <a itemprop=\"url\" href=\"https:\/\/www.seiska.fi\/rikos\/podcast-hyytava-huhu-jere-karalahdesta\/2001215\" rel=\"nofollow noopener\" target=\"_blank\"><\/p>\n<p>\nPodcast:\n<\/p>\n<p class=\"section-date\">\n        <strong class=\"article-section\" data-section=\"rikos\"><br \/>\n            rikos<br \/>\n        <\/strong><br \/>\n        23.11. 18:30\n    <\/p>\n<p>Podcast: Hyyt\u00e4v\u00e4 huhu Jere Karalahdesta\n    <\/p>\n<p itemprop=\"description\" class=\"subtitle \">\n    MTV kertoi lauantaina, ett\u00e4 Jere Karalahden asunnon pakastimesta olisi l\u00f6ydetty huumeita.\n<\/p>\n<p>        <\/a><\/p>\n<p class=\"article-content article-content-width !bg-background\">Jere vangittiin 2. lokakuuta Helsingin k\u00e4r\u00e4j\u00e4oikeudessa todenn\u00e4k\u00f6isin syin ep\u00e4iltyn\u00e4 t\u00f6rke\u00e4st\u00e4 huumausainerikoksesta.<\/p>\n<p class=\"article-content article-content-width !bg-background\">Ep\u00e4illyn rikoksen tekoaika on 1.6.\u201329.9.2025. Juttukokonaisuudessa kaikkiaan 14 henkil\u00f6\u00e4 ep\u00e4ill\u00e4\u00e4n huumausainerikoksista. Syytteen nostamisen m\u00e4\u00e4r\u00e4p\u00e4iv\u00e4 on 15.1.2026.<\/p>\n<p class=\"article-content article-content-width !bg-background\">Jeren asianajaja  kertoo p\u00e4\u00e4miehens\u00e4 kiist\u00e4v\u00e4n syytteet.<\/p>\n<p>&#8221;On itkett\u00e4nyt&#8230;&#8221;<\/p>\n<p class=\"article-content article-content-width !bg-background\">Nanna on jakanut Instagram-tarinoissaan runsaasti materiaalia perheen Lapin-lomasta. Lis\u00e4ksi h\u00e4n julkaisi Instagram-sein\u00e4ll\u00e4\u00e4n p\u00e4ivityksen, jossa avaa ajatuksiaan viime ajoista avoimesti.<\/p>\n<p class=\"article-content article-content-width !bg-background\">\u2013 T\u00e4\u00e4 oli paras p\u00e4\u00e4t\u00f6st\u00e4 pitk\u00e4st\u00e4 aikaa. L\u00e4hte\u00e4 ihan vaan nelisteen reissuun. Olla vaan omalla porukalla. Ollaan mielet\u00f6n tiimi, Nanna hehkuttaa.<\/p>\n<p class=\"article-content article-content-width !bg-background\">Julkaisussa on kuva Nannasta ja h\u00e4nen lapsistaan lumisessa maisemassa. Hyvinvointivalmentaja kertoo, ett\u00e4 vaikka h\u00e4nen el\u00e4m\u00e4ss\u00e4\u00e4n on kiirett\u00e4, huonosti nukuttuja \u00f6it\u00e4 ja hetki\u00e4, jolloin h\u00e4n kokee ep\u00e4onnistuvansa vanhempana, h\u00e4n tuntee silti rauhaa.<\/p>\n<p>        <a itemprop=\"url\" href=\"https:\/\/www.seiska.fi\/kotimaa\/nain-tienasi-vangittu-jere-karalahti-ex-vaimo-nanna-takoi-hurjan-tilin\/1984579\" rel=\"nofollow noopener\" target=\"_blank\"><\/p>\n<p>\nN\u00e4in tienasi vangittu Jere Karalahti\n<\/p>\n<p class=\"section-date\">\n        <strong class=\"article-section\" data-section=\"kotimaa\"><br \/>\n            kotimaa<br \/>\n        <\/strong><br \/>\n        12.11. 09:32\n    <\/p>\n<p>N\u00e4in tienasi vangittu Jere Karalahti \u2013 ex-vaimo Nanna takoi hurjan tilin\n    <\/p>\n<p itemprop=\"description\" class=\"subtitle \">\n    Ex-parin tienesteiss\u00e4 on melkoiset erot.\n<\/p>\n<p>        <\/a><\/p>\n<p class=\"article-content article-content-width !bg-background\">Nanna toteaa pitk\u00e4ss\u00e4 kirjoituksessaan, ett\u00e4 el\u00e4m\u00e4ss\u00e4 on kyse aitoudesta, n\u00f6yryydest\u00e4 ja rakkaudesta. H\u00e4n kiitt\u00e4\u00e4 seuraajiaan, perhett\u00e4\u00e4n ja yst\u00e4vi\u00e4\u00e4n saamastaan tuesta \u2013 ja erityisesti kolmea lastaan.<\/p>\n<p class=\"article-content article-content-width !bg-background\">\u2013 Olette tehneet siit\u00e4 v\u00e4h\u00e4n hukassa olevasta n\u00f6yristelev\u00e4st\u00e4 v\u00e4ssyk\u00e4st\u00e4 vahvan taistelijaemon, Nanna kirjoittaa.<\/p>\n<p class=\"article-content article-content-width !bg-background\">\u2013 Mua on itkett\u00e4nyt ja liikuttanut asiat t\u00e4ll\u00e4 reissulla tosi paljon jotenkin. En tied\u00e4 onko n\u00e4\u00e4 mink\u00e4 tunteen kyyneleit\u00e4, mutta tuntuu vaan kaikki tosi oikealta ja on vaan parasta olla n\u00e4iden kanssa t\u00e4\u00e4ll\u00e4, Nanna toteaa.<\/p>\n","protected":false},"excerpt":{"rendered":"Nanna Karalahti Mannerheimin Lastensuojelu Liiton Muotin\u00e4yt\u00f6ksess\u00e4 Bank 2019-05-16 Pasi Murto Viime ajat ovat olleet raskaita Karalahden perheelle. Hyvinvointialan&hellip;\n","protected":false},"author":2,"featured_media":121464,"comment_status":"","ping_status":"","sticky":false,"template":"","format":"standard","meta":{"footnotes":""},"categories":[136],"tags":[407,137,33,31,30,2233,9835,3271,408,99,5541,98,32,9453,109],"class_list":{"0":"post-121463","1":"post","2":"type-post","3":"status-publish","4":"format-standard","5":"has-post-thumbnail","7":"category-julkkikset","8":"tag-celebrities","9":"tag-entertainment","10":"tag-fi","11":"tag-finland","12":"tag-finnish","13":"tag-hyvinvointi","14":"tag-hyvinvointivalmentaja","15":"tag-jere-karalahti","16":"tag-julkkikset","17":"tag-lapset","18":"tag-nanna-karalahti","19":"tag-perhe","20":"tag-suomi","21":"tag-tutkintavankeus","22":"tag-viihde"},"share_on_mastodon":{"url":"https:\/\/pubeurope.com\/@fi\/115751898477087472","error":""},"_links":{"self":[{"href":"https:\/\/www.europesays.com\/fi\/wp-json\/wp\/v2\/posts\/121463","targetHints":{"allow":["GET"]}}],"collection":[{"href":"https:\/\/www.europesays.com\/fi\/wp-json\/wp\/v2\/posts"}],"about":[{"href":"https:\/\/www.europesays.com\/fi\/wp-json\/wp\/v2\/types\/post"}],"author":[{"embeddable":true,"href":"https:\/\/www.europesays.com\/fi\/wp-json\/wp\/v2\/users\/2"}],"replies":[{"embeddable":true,"href":"https:\/\/www.europesays.com\/fi\/wp-json\/wp\/v2\/comments?post=121463"}],"version-history":[{"count":0,"href":"https:\/\/www.europesays.com\/fi\/wp-json\/wp\/v2\/posts\/121463\/revisions"}],"wp:featuredmedia":[{"embeddable":true,"href":"https:\/\/www.europesays.com\/fi\/wp-json\/wp\/v2\/media\/121464"}],"wp:attachment":[{"href":"https:\/\/www.europesays.com\/fi\/wp-json\/wp\/v2\/media?parent=121463"}],"wp:term":[{"taxonomy":"category","embeddable":true,"href":"https:\/\/www.europesays.com\/fi\/wp-json\/wp\/v2\/categories?post=121463"},{"taxonomy":"post_tag","embeddable":true,"href":"https:\/\/www.europesays.com\/fi\/wp-json\/wp\/v2\/tags?post=121463"}],"curies":[{"name":"wp","href":"https:\/\/api.w.org\/{rel}","templated":true}]}}