{"id":121465,"date":"2025-12-20T12:32:11","date_gmt":"2025-12-20T12:32:11","guid":{"rendered":"https:\/\/www.europesays.com\/fi\/121465\/"},"modified":"2025-12-20T12:32:11","modified_gmt":"2025-12-20T12:32:11","slug":"lastenkuoro-avasi-joulukonsertin-ozzy-osbournen-kappaleella","status":"publish","type":"post","link":"https:\/\/www.europesays.com\/fi\/121465\/","title":{"rendered":"Lastenkuoro avasi joulukonsertin Ozzy Osbournen kappaleella"},"content":{"rendered":"<p>Norjalainen lastenkuoro on noussut sosiaalisessa mediassa laajaan huomioon esitt\u00e4m\u00e4ll\u00e4\u00e4n herk\u00e4ll\u00e4 tulkinnalla <a href=\"https:\/\/kaaoszine.fi\/aiheet\/ozzy-osbourne\/\" rel=\"nofollow noopener\" target=\"_blank\">Ozzy Osbournen<\/a> kappaleesta \u201dDreamer\u201d. Kappale on alun perin julkaistu Osbournen vuoden 2001 albumilla \u201dDown to Earth\u201d. <\/p>\n<p>Kuoronjohtaja Kristina jakoi videon Instagramissa 17. joulukuuta. Esitys n\u00e4htiin Oslossa sijaitsevan Nordpolen Skolen joulukonsertin avausnumerona, ja se on saanut huomiota my\u00f6s Osbournen perheelt\u00e4.<\/p>\n<p>Kristina avasi julkaisussaan valinnan taustaa:<\/p>\n<p>Artikkeli jatkuu mainoksen j\u00e4lkeen<a class=\"gofollow\" data-track=\"MjgyMSw0MCwxLDYw\" href=\"https:\/\/www.ankeafestival.com\/\" rel=\"nofollow noopener\" target=\"_blank\"><img decoding=\"async\" src=\"https:\/\/www.europesays.com\/fi\/wp-content\/uploads\/2025\/12\/ankea-festival-osa-2-980x400-1.jpg\"\/><\/a>Mainos p\u00e4\u00e4ttyy<\/p>\n<blockquote class=\"wp-block-quote is-layout-flow wp-block-quote-is-layout-flow\">\n<p>\u201dSin\u00e4 p\u00e4iv\u00e4n\u00e4, kun menetimme Ozzyn, p\u00e4\u00e4tin, ett\u00e4 lastenkuoroni aloittaisi t\u00e4m\u00e4n vuoden joulukonsertin kappaleella \u2019Dreamer\u2019. Ja t\u00e4ss\u00e4 se on. Nordpolen Skolen kuoro Norjasta jakaa kauniit sanasi, jotka merkitsev\u00e4t niin paljon, kunnioittaakseen sinua, Ozzy.\u201d\n<\/p>\n<\/blockquote>\n<p>Voit katsoa <a href=\"https:\/\/www.instagram.com\/reels\/DSYFSjbDPgS\/\" rel=\"nofollow noopener\" target=\"_blank\">videon<\/a> alhaalta.<\/p>\n<blockquote class=\"instagram-media\" data-instgrm-captioned=\"\" data-instgrm-permalink=\"https:\/\/www.instagram.com\/reel\/DSYFSjbDPgS\/?utm_source=ig_embed&amp;utm_campaign=loading\" data-instgrm-version=\"14\" style=\" background:#FFF; border:0; border-radius:3px; box-shadow:0 0 1px 0 rgba(0,0,0,0.5),0 1px 10px 0 rgba(0,0,0,0.15); margin: 1px; max-width:540px; min-width:326px; padding:0; width:99.375%; width:-webkit-calc(100% - 2px); width:calc(100% - 2px);\"\/>\n<p><a class=\"gofollow\" data-track=\"MjgxMSw0OCwxLDYw\" href=\"https:\/\/linktr.ee\/formypainband\" rel=\"nofollow noopener\" target=\"_blank\"><img decoding=\"async\" src=\"https:\/\/www.europesays.com\/fi\/wp-content\/uploads\/2025\/12\/for-my-pain-mainos-buried-blue-tour.jpg\"\/><\/a>        <script async src=\"\/\/www.instagram.com\/embed.js\"><\/script><\/p>\n","protected":false},"excerpt":{"rendered":"Norjalainen lastenkuoro on noussut sosiaalisessa mediassa laajaan huomioon esitt\u00e4m\u00e4ll\u00e4\u00e4n herk\u00e4ll\u00e4 tulkinnalla Ozzy Osbournen kappaleesta \u201dDreamer\u201d. Kappale on alun&hellip;\n","protected":false},"author":2,"featured_media":121466,"comment_status":"","ping_status":"","sticky":false,"template":"","format":"standard","meta":{"footnotes":""},"categories":[132],"tags":[137,33,31,30,195,47,13197,32,109],"class_list":{"0":"post-121465","1":"post","2":"type-post","3":"status-publish","4":"format-standard","5":"has-post-thumbnail","7":"category-musiikki","8":"tag-entertainment","9":"tag-fi","10":"tag-finland","11":"tag-finnish","12":"tag-music","13":"tag-musiikki","14":"tag-ozzy-osbourne","15":"tag-suomi","16":"tag-viihde"},"share_on_mastodon":{"url":"https:\/\/pubeurope.com\/@fi\/115751914537013341","error":""},"_links":{"self":[{"href":"https:\/\/www.europesays.com\/fi\/wp-json\/wp\/v2\/posts\/121465","targetHints":{"allow":["GET"]}}],"collection":[{"href":"https:\/\/www.europesays.com\/fi\/wp-json\/wp\/v2\/posts"}],"about":[{"href":"https:\/\/www.europesays.com\/fi\/wp-json\/wp\/v2\/types\/post"}],"author":[{"embeddable":true,"href":"https:\/\/www.europesays.com\/fi\/wp-json\/wp\/v2\/users\/2"}],"replies":[{"embeddable":true,"href":"https:\/\/www.europesays.com\/fi\/wp-json\/wp\/v2\/comments?post=121465"}],"version-history":[{"count":0,"href":"https:\/\/www.europesays.com\/fi\/wp-json\/wp\/v2\/posts\/121465\/revisions"}],"wp:featuredmedia":[{"embeddable":true,"href":"https:\/\/www.europesays.com\/fi\/wp-json\/wp\/v2\/media\/121466"}],"wp:attachment":[{"href":"https:\/\/www.europesays.com\/fi\/wp-json\/wp\/v2\/media?parent=121465"}],"wp:term":[{"taxonomy":"category","embeddable":true,"href":"https:\/\/www.europesays.com\/fi\/wp-json\/wp\/v2\/categories?post=121465"},{"taxonomy":"post_tag","embeddable":true,"href":"https:\/\/www.europesays.com\/fi\/wp-json\/wp\/v2\/tags?post=121465"}],"curies":[{"name":"wp","href":"https:\/\/api.w.org\/{rel}","templated":true}]}}