{"id":121467,"date":"2025-12-20T12:35:10","date_gmt":"2025-12-20T12:35:10","guid":{"rendered":"https:\/\/www.europesays.com\/fi\/121467\/"},"modified":"2025-12-20T12:35:10","modified_gmt":"2025-12-20T12:35:10","slug":"il-seuraa-suvi-minkkinen-hurjaan-takaa-ajoon-iltalehti","status":"publish","type":"post","link":"https:\/\/www.europesays.com\/fi\/121467\/","title":{"rendered":"IL seuraa: Suvi Minkkinen hurjaan takaa-ajoon &#8211; Iltalehti"},"content":{"rendered":"<ol>\n<li><a href=\"https:\/\/news.google.com\/rss\/articles\/CBMiggFBVV95cUxPNXlWXzRsQmtGQ2N4RU5PdV8ydENQU21CNnhSYUotOTE4Q3VuNXpYUzd5ZnhITkN5RVVBZ0R2VDN5RFIxNVZaMGNDNDBGRHlXZENLeG5KWUdnMldZemkzXzB0bGZUZDk4ZktCblk3VkpRUHNHdEE5RXk4ZnQybHpWaGtn?oc=5\" target=\"_blank\" rel=\"nofollow noopener\">IL seuraa: Suvi Minkkinen hurjaan takaa-ajoon<\/a>&nbsp;&nbsp;Iltalehti<\/li>\n<li><a href=\"https:\/\/news.google.com\/rss\/articles\/CBMiggFBVV95cUxQbUsxbjcxZVVFUmdQUmhzWVNoVFdUaTl2YVlIbm9vajdtaEQxWW05VWE5M3hHUVVCcG5hU01NNkFrbmpUaER1WTA4ZE5mZkZHbTVRT2lzOVpaazZJOXJDM29iLTdpVnZtMlRCa0s2bWJ2V2dNV1N2VVloN0kwU0NEclBn?oc=5\" target=\"_blank\" rel=\"nofollow noopener\">Tilip\u00e4iv\u00e4! Suvi Minkkiselle muhkea rahapotti<\/a>&nbsp;&nbsp;Iltalehti<\/li>\n<li><a href=\"https:\/\/news.google.com\/rss\/articles\/CBMiY0FVX3lxTE15R2tZZjBxVl9JcG5YS2FxMnZrUkFaM19hOUdFNTBVY0hqZ1IzRU5yVUV4RU9CYm9ya1RmMlBTZnhJOXpUM0RvdGRvNi1Xc1psd0ZCVEk3b0lrbUpwRXl0Vk52bw?oc=5\" target=\"_blank\" rel=\"nofollow noopener\">Mik\u00e4 trilleri! Suvi Minkkiselt\u00e4 hirmunousu palkintopallille<\/a>&nbsp;&nbsp;Ilta-Sanomat<\/li>\n<li><a href=\"https:\/\/news.google.com\/rss\/articles\/CBMiQkFVX3lxTE03UXlDQWpxZEs1UnVQWkRTNFZ5U2RxNzhOZ3ZpRDNHSkNYLXNNRWE3TlJjOUc1R3hVd3Vwa1ZYOURtUQ?oc=5\" target=\"_blank\" rel=\"nofollow noopener\">Suvi Minkkinen toinen Annecyn takaa-ajossa, Jeanmonnot voitti \u2013 Yle seuraa talviurheilup\u00e4iv\u00e4\u00e4<\/a>&nbsp;&nbsp;Yle<\/li>\n<li><a href=\"https:\/\/news.google.com\/rss\/articles\/CBMifEFVX3lxTE5sOEF3SzN0OGdTU25LYWRkOF9WLUJsZTVRdGdEZ3BiVTJCYXhKdVgtWFQ4b3NyTkxWbGxrRnZDaGVnZkkwZThhaWtxcFBEMTdPQkh2NEdWYjVTYnpRaVJHU1FYcjhtUnU3ODgyTnB4cFFHaHdudnhfbHB2SmY?oc=5\" target=\"_blank\" rel=\"nofollow noopener\">Suvi Minkkinen erinomaisista iskuasemista Annecyn takaa-ajoon<\/a>&nbsp;&nbsp;Etusuora.com<\/li>\n<\/ol>\n","protected":false},"excerpt":{"rendered":"IL seuraa: Suvi Minkkinen hurjaan takaa-ajoon&nbsp;&nbsp;Iltalehti Tilip\u00e4iv\u00e4! Suvi Minkkiselle muhkea rahapotti&nbsp;&nbsp;Iltalehti Mik\u00e4 trilleri! Suvi Minkkiselt\u00e4 hirmunousu palkintopallille&nbsp;&nbsp;Ilta-Sanomat Suvi&hellip;\n","protected":false},"author":2,"featured_media":121468,"comment_status":"","ping_status":"","sticky":false,"template":"","format":"standard","meta":{"footnotes":""},"categories":[158],"tags":[35,33,31,30,4132,41,3318,2668,159,32,1145,160],"class_list":{"0":"post-121467","1":"post","2":"type-post","3":"status-publish","4":"format-standard","5":"has-post-thumbnail","7":"category-urheilu","8":"tag-24h","9":"tag-fi","10":"tag-finland","11":"tag-finnish","12":"tag-iltapaivalehdet","13":"tag-liikunta-ja-urheilu","14":"tag-maastohiihto","15":"tag-pohjoismaiset-hiihtolajit","16":"tag-sports","17":"tag-suomi","18":"tag-talviurheilu","19":"tag-urheilu"},"share_on_mastodon":{"url":"https:\/\/pubeurope.com\/@fi\/115751926092117890","error":""},"_links":{"self":[{"href":"https:\/\/www.europesays.com\/fi\/wp-json\/wp\/v2\/posts\/121467","targetHints":{"allow":["GET"]}}],"collection":[{"href":"https:\/\/www.europesays.com\/fi\/wp-json\/wp\/v2\/posts"}],"about":[{"href":"https:\/\/www.europesays.com\/fi\/wp-json\/wp\/v2\/types\/post"}],"author":[{"embeddable":true,"href":"https:\/\/www.europesays.com\/fi\/wp-json\/wp\/v2\/users\/2"}],"replies":[{"embeddable":true,"href":"https:\/\/www.europesays.com\/fi\/wp-json\/wp\/v2\/comments?post=121467"}],"version-history":[{"count":0,"href":"https:\/\/www.europesays.com\/fi\/wp-json\/wp\/v2\/posts\/121467\/revisions"}],"wp:featuredmedia":[{"embeddable":true,"href":"https:\/\/www.europesays.com\/fi\/wp-json\/wp\/v2\/media\/121468"}],"wp:attachment":[{"href":"https:\/\/www.europesays.com\/fi\/wp-json\/wp\/v2\/media?parent=121467"}],"wp:term":[{"taxonomy":"category","embeddable":true,"href":"https:\/\/www.europesays.com\/fi\/wp-json\/wp\/v2\/categories?post=121467"},{"taxonomy":"post_tag","embeddable":true,"href":"https:\/\/www.europesays.com\/fi\/wp-json\/wp\/v2\/tags?post=121467"}],"curies":[{"name":"wp","href":"https:\/\/api.w.org\/{rel}","templated":true}]}}