{"id":121469,"date":"2025-12-20T12:36:10","date_gmt":"2025-12-20T12:36:10","guid":{"rendered":"https:\/\/www.europesays.com\/fi\/121469\/"},"modified":"2025-12-20T12:36:10","modified_gmt":"2025-12-20T12:36:10","slug":"konserttiarvio-jazzkitaran-mestari-teemu-viinikainen-vieraili-kotikonnuillaan-hankasalmella-keski-suomi","status":"publish","type":"post","link":"https:\/\/www.europesays.com\/fi\/121469\/","title":{"rendered":"Konserttiarvio | Jazzkitaran mestari Teemu Viinikainen vieraili kotikonnuillaan Hankasalmella | Keski-Suomi"},"content":{"rendered":"<p>Hankasalmella otettiin uusi jazzkonserttien sarja riemulla vastaan.<\/p>\n<p class=\"diks-storyline__lead-paragraph\">Jazz Jkl Collective &amp; Teemu Viinikainen<\/p>\n<p class=\"diks-storyline__lead-paragraph\">Hankasalmen jazzklubi<\/p>\n<p class=\"diks-storyline__lead-paragraph\">Hankasalmen koulukeskuksen Kohtaamo 19.12.2025<\/p>\n<p>\u201dL\u00e4hes perinne\u201d, totesi yhtyejohtaja <strong>Tuomas Paukku<\/strong> illan konsertista. Ja tosiaankin, t\u00e4m\u00e4h\u00e4n on jo nelj\u00e4s vuosi kun kitaristi <strong>Teemu Viinikainen<\/strong> on Jazz Jkl Collectiven joulukuisena klubivieraana.<\/p>\n","protected":false},"excerpt":{"rendered":"Hankasalmella otettiin uusi jazzkonserttien sarja riemulla vastaan. Jazz Jkl Collective &amp; Teemu Viinikainen Hankasalmen jazzklubi Hankasalmen koulukeskuksen Kohtaamo&hellip;\n","protected":false},"author":2,"featured_media":121470,"comment_status":"","ping_status":"","sticky":false,"template":"","format":"standard","meta":{"footnotes":""},"categories":[130],"tags":[137,33,31,30,4130,3829,14725,7082,47,32,2107,109],"class_list":{"0":"post-121469","1":"post","2":"type-post","3":"status-publish","4":"format-standard","5":"has-post-thumbnail","7":"category-viihde","8":"tag-entertainment","9":"tag-fi","10":"tag-finland","11":"tag-finnish","12":"tag-hankasalmi","13":"tag-konsertti","14":"tag-konserttiarvio","15":"tag-kulttuuriala","16":"tag-musiikki","17":"tag-suomi","18":"tag-vapaa-aika","19":"tag-viihde"},"share_on_mastodon":{"url":"https:\/\/pubeurope.com\/@fi\/115751930029998716","error":""},"_links":{"self":[{"href":"https:\/\/www.europesays.com\/fi\/wp-json\/wp\/v2\/posts\/121469","targetHints":{"allow":["GET"]}}],"collection":[{"href":"https:\/\/www.europesays.com\/fi\/wp-json\/wp\/v2\/posts"}],"about":[{"href":"https:\/\/www.europesays.com\/fi\/wp-json\/wp\/v2\/types\/post"}],"author":[{"embeddable":true,"href":"https:\/\/www.europesays.com\/fi\/wp-json\/wp\/v2\/users\/2"}],"replies":[{"embeddable":true,"href":"https:\/\/www.europesays.com\/fi\/wp-json\/wp\/v2\/comments?post=121469"}],"version-history":[{"count":0,"href":"https:\/\/www.europesays.com\/fi\/wp-json\/wp\/v2\/posts\/121469\/revisions"}],"wp:featuredmedia":[{"embeddable":true,"href":"https:\/\/www.europesays.com\/fi\/wp-json\/wp\/v2\/media\/121470"}],"wp:attachment":[{"href":"https:\/\/www.europesays.com\/fi\/wp-json\/wp\/v2\/media?parent=121469"}],"wp:term":[{"taxonomy":"category","embeddable":true,"href":"https:\/\/www.europesays.com\/fi\/wp-json\/wp\/v2\/categories?post=121469"},{"taxonomy":"post_tag","embeddable":true,"href":"https:\/\/www.europesays.com\/fi\/wp-json\/wp\/v2\/tags?post=121469"}],"curies":[{"name":"wp","href":"https:\/\/api.w.org\/{rel}","templated":true}]}}