{"id":121472,"date":"2025-12-20T12:39:12","date_gmt":"2025-12-20T12:39:12","guid":{"rendered":"https:\/\/www.europesays.com\/fi\/121472\/"},"modified":"2025-12-20T12:39:12","modified_gmt":"2025-12-20T12:39:12","slug":"kl-timot-romahtivat-kesalla","status":"publish","type":"post","link":"https:\/\/www.europesays.com\/fi\/121472\/","title":{"rendered":"KL: Timot romahtivat kes\u00e4ll\u00e4"},"content":{"rendered":"<p>Timojen alkuvuosi oli yht\u00e4 juhlaa, mutta lopulta he j\u00e4iv\u00e4t Heikkien ja Juhien taakse, kertoo Kauppalehti.<\/p>\n<p><img decoding=\"async\" class=\"image image-show image-preview\" src=\"https:\/\/www.europesays.com\/fi\/wp-content\/uploads\/2025\/12\/4fbc326be7eda4728cb9b888a1b2a3a681615f9416c09fa8c11eac3494c2b6d2.jpg\" alt=\"\"\/><img decoding=\"async\" class=\"image image-show\" src=\"https:\/\/www.europesays.com\/fi\/wp-content\/uploads\/2025\/12\/1766234352_180_4fbc326be7eda4728cb9b888a1b2a3a681615f9416c09fa8c11eac3494c2b6d2.jpg\" alt=\"\"\/><\/p>\n<p>Timo Vikstr\u00f6min johtama Kreate oli yksi p\u00f6rssin tuottoraketeista, mutta se ei riitt\u00e4nyt siivitt\u00e4m\u00e4\u00e4n Timo-kerhoa k\u00e4rkipaikoille. Joel Maisalmi<\/p>\n<p class=\"paragraph\">Timojen alkuvuosi oli kuin \u201dtonttuparaati\u201d, muotoillaan <a href=\"https:\/\/www.kauppalehti.fi\/uutiset\/a\/3f6f34f9-ddc4-4660-893a-bee78391be3c\" target=\"_blank\" rel=\"noopener nofollow\">Kauppalehden selvityksess\u00e4<\/a>.<\/p>\n<p class=\"paragraph\">Kes\u00e4ll\u00e4 kaikki meni, ja Timoille tapahtui jopa romahdukseksi kuvailtava k\u00e4\u00e4nne.<\/p>\n<p class=\"paragraph\">Loppuvuonna he saivatkin katsoa Heikkien ja Juhien per\u00e4valoja, Kauppalehti kertoo.<\/p>\n<p class=\"paragraph\">Timo, Heikki ja Juha ovat yleisimpi\u00e4 etunimi\u00e4 Helsingin p\u00f6rssiyhti\u00f6iden toimitusjohtajilla. Niin Timo, Heikki kuin Juhakin johtaa kuutta p\u00f6rssiyhti\u00f6t\u00e4, ja KL vertaili kunkin kuusikon menestyst\u00e4 p\u00f6rssiss\u00e4 vuoden 2025 aikana.<\/p>\n<p class=\"paragraph\">Timoja l\u00f6ytyy muun muassa F-securen, Kreaten sek\u00e4 Summa Defencen johdosta, Heikkej\u00e4 Nesteen, YIT:n sek\u00e4 Sitowisen johdosta ja Juhia Puuilon, HK Foodsin ja Qt Groupin johdosta.<\/p>\n<p class=\"paragraph\">Kauppalehden vertailussa k\u00e4rkeen nousivat Heikit, toiseksi Juhat ja kolmanneksi Timot, mutta kaikki j\u00e4iv\u00e4t kakkoseksi Helsingin p\u00f6rssin kokonaistuotolle. Timot olivat kes\u00e4\u00e4n asti ylivoimaisessa johdossa, mutta sitten heid\u00e4n kiitonsa lakkasi.<\/p>\n<p class=\"paragraph\">Perinteisesti Juha on ollut suomalaisen talousmaailman nimi. Esimerkiksi Naisasialiito Unionin mukaan vuonna 2015 p\u00f6rssiyritysten johdossa oli enemm\u00e4n Juha-nimisi\u00e4 miehi\u00e4 kuin naisia.<\/p>\n","protected":false},"excerpt":{"rendered":"Timojen alkuvuosi oli yht\u00e4 juhlaa, mutta lopulta he j\u00e4iv\u00e4t Heikkien ja Juhien taakse, kertoo Kauppalehti. Timo Vikstr\u00f6min johtama&hellip;\n","protected":false},"author":2,"featured_media":121473,"comment_status":"","ping_status":"","sticky":false,"template":"","format":"standard","meta":{"footnotes":""},"categories":[76],"tags":[35,79,77,33,31,30,2406,13134,6543,2408,2405,32,78],"class_list":{"0":"post-121472","1":"post","2":"type-post","3":"status-publish","4":"format-standard","5":"has-post-thumbnail","7":"category-talous","8":"tag-24h","9":"tag-business","10":"tag-economy","11":"tag-fi","12":"tag-finland","13":"tag-finnish","14":"tag-osakkeet-arvopaperit","15":"tag-rahoituksen-valitysta-palveleva-toiminta","16":"tag-rahoitusjarjestelmat","17":"tag-rahoitusmarkkinat","18":"tag-rahoitustuotteita","19":"tag-suomi","20":"tag-talous"},"share_on_mastodon":{"url":"https:\/\/pubeurope.com\/@fi\/115751942358348401","error":""},"_links":{"self":[{"href":"https:\/\/www.europesays.com\/fi\/wp-json\/wp\/v2\/posts\/121472","targetHints":{"allow":["GET"]}}],"collection":[{"href":"https:\/\/www.europesays.com\/fi\/wp-json\/wp\/v2\/posts"}],"about":[{"href":"https:\/\/www.europesays.com\/fi\/wp-json\/wp\/v2\/types\/post"}],"author":[{"embeddable":true,"href":"https:\/\/www.europesays.com\/fi\/wp-json\/wp\/v2\/users\/2"}],"replies":[{"embeddable":true,"href":"https:\/\/www.europesays.com\/fi\/wp-json\/wp\/v2\/comments?post=121472"}],"version-history":[{"count":0,"href":"https:\/\/www.europesays.com\/fi\/wp-json\/wp\/v2\/posts\/121472\/revisions"}],"wp:featuredmedia":[{"embeddable":true,"href":"https:\/\/www.europesays.com\/fi\/wp-json\/wp\/v2\/media\/121473"}],"wp:attachment":[{"href":"https:\/\/www.europesays.com\/fi\/wp-json\/wp\/v2\/media?parent=121472"}],"wp:term":[{"taxonomy":"category","embeddable":true,"href":"https:\/\/www.europesays.com\/fi\/wp-json\/wp\/v2\/categories?post=121472"},{"taxonomy":"post_tag","embeddable":true,"href":"https:\/\/www.europesays.com\/fi\/wp-json\/wp\/v2\/tags?post=121472"}],"curies":[{"name":"wp","href":"https:\/\/api.w.org\/{rel}","templated":true}]}}