{"id":121474,"date":"2025-12-20T12:40:13","date_gmt":"2025-12-20T12:40:13","guid":{"rendered":"https:\/\/www.europesays.com\/fi\/121474\/"},"modified":"2025-12-20T12:40:13","modified_gmt":"2025-12-20T12:40:13","slug":"kuivat-silmat-voivat-johtua-oljyrauhasten-tukkeutumisesta-ruudun-tuijottaminen-ja-silmameikki-voivat-aiheuttaa","status":"publish","type":"post","link":"https:\/\/www.europesays.com\/fi\/121474\/","title":{"rendered":"Kuivat silm\u00e4t voivat johtua \u00f6ljyrauhasten tukkeutumisesta \u2013 ruudun tuijottaminen ja silm\u00e4meikki voivat aiheuttaa"},"content":{"rendered":"<p>Kuiviin silmiin on syy, jonka mekanismia moni ei tunne. Tilaa aiheuttaa nyt esimerkiksi kaksi aivan tavallista asiaa.<\/p>\n<p>Lue tiivistelm\u00e4<\/p>\n<p class=\"article-body mb-nof-24 px-nof-16 sndp-summary-bullet-point-font\">Optometristi Aija Hirsim\u00e4ki kertoo, ett\u00e4 kuivasilm\u00e4isyys on maailmanlaajuisesti iso vaiva ja ett\u00e4 nuorten kuivasilm\u00e4isyys tuntuu lis\u00e4\u00e4ntyneen.<\/p>\n<p class=\"article-body mb-nof-24 px-nof-16 sndp-summary-bullet-point-font\">Syyn\u00e4 on esimerkiksi ruudun tuijottaminen, joka v\u00e4hent\u00e4\u00e4 r\u00e4pytyst\u00e4 ja tukkii silm\u00e4luomien \u00f6ljyrauhasia.<\/p>\n<p class=\"article-body mb-nof-24 px-nof-16 sndp-summary-bullet-point-font\">\u00d6ljyrauhasten toimintaa voi haitata my\u00f6s meikki ja vaillinainen meikinpuhdistus.<\/p>\n<p class=\"article-body mb-nof-24 px-nof-16 sndp-summary-bullet-point-font\">Pahimmillaan rauhasten pitk\u00e4aikainen tukkeutuminen voi saada yksitt\u00e4isi\u00e4 \u00f6ljyrauhasia jopa vet\u00e4ytym\u00e4\u00e4n ja surkastumaan, joskus lopullisestikin.<\/p>\n<p class=\"article-body mb-nof-24 px-nof-16\">\u2013\u2009Nyky\u00e4\u00e4n my\u00f6s nuoret k\u00e4rsiv\u00e4t kuivasilm\u00e4isyydest\u00e4, optometristi <a class=\"article-personlink\" href=\"https:\/\/www.is.fi\/haku\/?query=Aija%20Hirsim%C3%A4ki\" rel=\"nofollow noopener\" target=\"_blank\">Aija Hirsim\u00e4ki<\/a> sanoo.<\/p>\n<p class=\"article-body mb-nof-24 px-nof-16\">H\u00e4n on Instrumentariumin kuivasilm\u00e4asiantuntija, luennoitsija ja kouluttaja.<\/p>\n<p class=\"article-body mb-nof-24 px-nof-16\">\u2013\u2009Teimme viime kev\u00e4\u00e4n\u00e4 tuhannen ihmisen kyselyn kuivien silmien oireista. Suurimmat ik\u00e4luokat, jotka k\u00e4rsiv\u00e4t kuivista silmist\u00e4, olivat kyselymme perusteella 18\u201324-vuotiaat ja yli 70-vuotiaat.<\/p>\n<p class=\"article-body mb-nof-24 px-nof-16\">Hirsim\u00e4ki ty\u00f6skentelee ketjun kuivasilm\u00e4klinikalla, jonka asiakkaat ovat h\u00e4nen mukaansa kaiken ik\u00e4isi\u00e4 nuorista aikuisista vanhuksiin asti. Nuorten ongelmat tuntuvat h\u00e4nen mukaansa kasvaneen.<\/p>\n<p class=\"article-body mb-nof-24 px-nof-16\">Yksi erityisesti nuorilla aikuisilla kuivasilm\u00e4isyytt\u00e4 lis\u00e4\u00e4v\u00e4 tekij\u00e4 on Hirsim\u00e4en mukaan liian harvakseltaan tapahtuva r\u00e4pytys tai r\u00e4pytys niin, ettei luomi sulkeudu kunnolla, eli vajaa r\u00e4pytys.<\/p>\n<p class=\"article-body mb-nof-24 px-nof-16\">Kumpaakin aiheuttaa ruudun tuijottaminen.<\/p>\n<p class=\"article-body mb-nof-24 px-nof-16\">\u2013 Aina, kun katsomme l\u00e4helle \u2013 ja mit\u00e4 l\u00e4hemm\u00e4s katsomme \u2013 aivomme tulkitsevat, ett\u00e4 teemme jotain tarkkaa. Silloin aivot k\u00e4skev\u00e4t lakkaamaan r\u00e4pytt\u00e4m\u00e4st\u00e4.<\/p>\n<p class=\"article-body mb-nof-24 px-nof-16\">Miksi r\u00e4pytystiheyden laskeminen ja vajaaksi j\u00e4\u00e4v\u00e4t r\u00e4p\u00e4ytykset sitten ovat ongelma?<\/p>\n<p>Silm\u00e4luomien t\u00e4rke\u00e4t \u00f6ljyrauhaset<\/p>\n<p class=\"article-body mb-nof-24 px-nof-16\">Jokainen r\u00e4p\u00e4ytys levitt\u00e4\u00e4 silm\u00e4n pinnalle kyynelnestekalvon. Sen lis\u00e4ksi jokaisen r\u00e4p\u00e4ytyksen teht\u00e4v\u00e4 on pumpata esiin silm\u00e4lle ja kyynelnesteelle tarpeellista \u00f6ljy\u00e4.<\/p>\n<p class=\"article-body mb-nof-24 px-nof-16\">\u2013\u2009\u00d6ljy\u00e4 tuottavat Meibomin rauhaset. Yl\u00e4luomessa rauhasia on noin 30, alaluomessa noin 25, Hirsim\u00e4ki kertoo.<\/p>\n<p class=\"article-body mb-nof-24 px-nof-16\">Jokaisella rauhasella on oma ulostuloaukko \u201dkajalrajalla\u201d eli luomikaistaleella ripsien tyven ja silm\u00e4n v\u00e4liss\u00e4. Aukkoja ei juurikaan voi paljain silmin havaita. Aina, kun r\u00e4p\u00e4yt\u00e4mme, rei\u2019\u00e4st\u00e4 pit\u00e4isi pumppautua \u00f6ljy\u00e4 ulos.<\/p>\n<p class=\"article-body mb-nof-24 px-nof-16\">\u2013\u2009Kun emme r\u00e4pyttele riitt\u00e4v\u00e4sti, aukot voivat menn\u00e4 tukkoon, jolloin \u00f6ljy\u00e4 ei tule.<\/p>\n<blockquote class=\"p-[var(--citation-padding)] m-[var(--citation-margin)] border-y-[length:var(--citation-border-width)] border-y-[color:var(--citation-border-color)]\">\n<p>N\u00e4emme 18\u201320-vuotiaita, joilla on v\u00e4hemm\u00e4n rauhasia tallella kuin vanhemmilla ihmisill\u00e4.<\/p>\n<\/blockquote>\n<p>N\u00e4in silm\u00e4n kosteutus toimii<\/p>\n<p><img decoding=\"async\" src=\"https:\/\/www.europesays.com\/fi\/wp-content\/uploads\/2025\/12\/1766234413_787_468.jpg\" alt=\"\" class=\"_Img_1rerz_1\" style=\"aspect-ratio:1.7777777777777777\" loading=\"eager\"\/><\/p>\n<p class=\"article-body mb-nof-24 px-nof-16\">Kyynelneste pit\u00e4\u00e4 silm\u00e4n kosteana. Kyynelnesteess\u00e4 on kolme kerrosta:<\/p>\n<ol class=\"mb-nof-16 px-nof-16 article-ordered-list ordered-list\">\n<li class=\"ordered-list-item\">\n<p class=\"article-body\">L\u00e4himp\u00e4n\u00e4 silm\u00e4\u00e4 on musiinikerros, jonka teht\u00e4v\u00e4 on huolehtia kyyneleen levi\u00e4misest\u00e4 silm\u00e4ss\u00e4.<\/p>\n<\/li>\n<li class=\"ordered-list-item\">\n<p class=\"article-body\">Keskell\u00e4 on paksu vesikerros, jonka kyynelrauhaset tuottavat. Vesikerroksen teht\u00e4v\u00e4 on est\u00e4\u00e4 silm\u00e4\u00e4 tulehtumasta, tuoda ravintoaineita ja poistaa roskia.<\/p>\n<\/li>\n<li class=\"ordered-list-item\">\n<p class=\"article-body\">Uloimpana on \u00f6ljykerros, joka voitelee silm\u00e4n pintaa ja yl\u00e4- ja alaluomen sis\u00e4pintaa. \u00d6ljykerroksen teht\u00e4v\u00e4 on est\u00e4\u00e4 vesikerrosta haihtumasta.<\/p>\n<\/li>\n<\/ol>\n<p class=\"article-body mb-nof-24 px-nof-16\">Jotta kyynelneste levi\u00e4\u00e4 koko silm\u00e4n pintaan, yl\u00e4- ja alaluomen tulisi osua toisiinsa jokaisella r\u00e4p\u00e4ytyksell\u00e4. Vajaassa r\u00e4pyttelyss\u00e4 t\u00e4t\u00e4 ei tapahdu. Vajaalle r\u00e4pytykselle on monia erilaisia syit\u00e4, eik\u00e4 kaikkia niist\u00e4 tunneta.<\/p>\n<p class=\"article-body mb-nof-24 px-nof-16\">Kyynelnesteen tulisi pysy\u00e4 ehj\u00e4n\u00e4 silm\u00e4n pinnalla yli kymmenen sekuntia r\u00e4pytysten v\u00e4liss\u00e4. Jos \u00f6ljykerrosta ei ole riitt\u00e4v\u00e4sti tai \u00f6ljy on huonolaatuista, kyynel voi hajota liian nopeasti.<\/p>\n<p class=\"article-body mb-nof-24 px-nof-16\">Jos silm\u00e4 ei pysy tarpeeksi kosteana, sit\u00e4 voi alkaa kirvell\u00e4 ja poltella. Liiallisen kuivuuden jatkuessa pidemp\u00e4\u00e4n sarveiskalvon pinta voi alkaa vaurioitua.<\/p>\n<p class=\"article-body mb-nof-24 px-nof-16\">Pahimmillaan pitk\u00e4aikainen tukkeutuminen voi saada yksitt\u00e4isi\u00e4 rauhasia vet\u00e4ytym\u00e4\u00e4n ja surkastumaan, joskus lopullisestikin.<\/p>\n<p class=\"article-body mb-nof-24 px-nof-16\">\u2013\u2009En halua pelotella liikaa, mutta t\u00e4m\u00e4 on oikeasti iso haaste. Aikaisemmin ajattelimme, ett\u00e4 rauhasten surkastuminen on i\u00e4n mukanaan tuomaa, mutta nyt n\u00e4emme 18\u201320-vuotiaita, joilla on v\u00e4hemm\u00e4n rauhasia tallella kuin vanhemmilla ihmisill\u00e4.<\/p>\n<blockquote class=\"[font-style:var(--blockquote-font-style,italic)] m-[var(--blockquote-margin)] pl-[calc(var(--nof-core-dimension-200)+var(--blockquote-border-width))] relative before:absolute before:left-0 before:h-full before:w-[var(--blockquote-border-width)] before:border-l-[length:var(--blockquote-border-width)] before:border-l-[color:var(--blockquote-border-color)] before:-skew-y-[var(--blockquote-border-skew,0deg)]\">\n<p class=\"article-body mb-nof-8\"><a class=\"article-genericlink\" href=\"https:\/\/pmc.ncbi.nlm.nih.gov\/articles\/PMC4140788\/\" rel=\"nofollow noopener\" target=\"_blank\">Tutkimuksissa<\/a> on saatu selville, ett\u00e4 yli nelj\u00e4 tuntia p\u00e4iv\u00e4ss\u00e4 n\u00e4ytt\u00f6\u00e4 k\u00e4ytt\u00e4vill\u00e4 oli enemm\u00e4n Meibomin rauhasten tukoksia, huonompilaatuista \u00f6ljy\u00e4 ja enemm\u00e4n rauhasten surkastumista. Rauhasmuutokset korreloivat suoraan n\u00e4ytt\u00f6ajan pituuden kanssa. Osalla n\u00e4kyvi\u00e4 rauhasmuutoksia havaittiin jo 2\u20133 vuoden intensiivisen n\u00e4ytt\u00f6ty\u00f6n j\u00e4lkeen.<\/p>\n<\/blockquote>\n<p>Ammattilaisella on kajaalikielto<\/p>\n<p class=\"article-body mb-nof-24 px-nof-16\">Rauhasten aukot voivat tukkeutua niihin kovettuneesta \u00f6ljyst\u00e4 mutta my\u00f6s ulkopuolisesta aineksesta.<\/p>\n<p class=\"article-body mb-nof-24 px-nof-16\">Hirsim\u00e4ki kertoo esimerkiksi ilmassa p\u00f6lly\u00e4v\u00e4n luomiv\u00e4rin, puuterin ja hiuslakan voivan kerty\u00e4 luomikaistaleille yhdess\u00e4 muun lian ja kuolleen ihosolukon kanssa. Puhdistuksen j\u00e4\u00e4dess\u00e4 puolitiehen luomikaistaleen p\u00e4\u00e4lle voi ajan kanssa synty\u00e4 peitt\u00e4v\u00e4 kerros, biofilmi.<\/p>\n<p class=\"article-body mb-nof-24 px-nof-16\"><a class=\"article-genericlink\" href=\"https:\/\/www.mdpi.com\/2079-9284\/12\/4\/149\" rel=\"nofollow noopener\" target=\"_blank\">Tutkimusten<\/a> mukaan meikki voi my\u00f6s suoraan tukkia rauhasia. Hirsim\u00e4ki ei itse k\u00e4yt\u00e4 luomikaistaleelle silm\u00e4nrajauskyni\u00e4. Luomikaistaleilta meikki voi my\u00f6s p\u00e4\u00e4ty\u00e4 silmiin ja <a class=\"article-genericlink\" href=\"https:\/\/pmc.ncbi.nlm.nih.gov\/articles\/PMC9375468\/\" rel=\"nofollow noopener\" target=\"_blank\">heikent\u00e4\u00e4 kyynelnesteen laatua<\/a>.<\/p>\n<p class=\"article-body mb-nof-24 px-nof-16\">\u2013\u2009Kajaali on my\u00f6s tytt\u00e4relt\u00e4ni kielletty.<\/p>\n<p>Puhdistuksesta huolehtiminen auttaa<\/p>\n<p class=\"article-body mb-nof-24 px-nof-16\">Mik\u00e4li kosmetiikkaa k\u00e4ytt\u00e4\u00e4 kajalrajalla, ammattilainen huolehtisi sen perusteellisesta ja turvallisesta puhdistuksesta. Hirsim\u00e4ki suosittelee puhdistamaan silm\u00e4meikit ja ripsien tyven p\u00e4ivitt\u00e4in.<\/p>\n<p class=\"article-body mb-nof-24 px-nof-16\">\u2013\u2009Kukaan ei ole opettanut meille lapsena, v\u00e4h\u00e4n kuin hampaidenpesua, ett\u00e4 ripsien tyvi pit\u00e4isi puhdistaa ja samalla varmistaa, ettei luomikaistaleiden p\u00e4\u00e4lle kerry tavaraa.<\/p>\n<p class=\"article-body mb-nof-24 px-nof-16\">Jos ripsien tyvi\u00e4 ei puhdista, Hirsim\u00e4en mukaan silm\u00e4\u00e4n voi kulkeutua helpommin my\u00f6s ep\u00e4puhtauksia, jotka sotkevat kyynelnesteen laatua.<\/p>\n<blockquote class=\"p-[var(--citation-padding)] m-[var(--citation-margin)] border-y-[length:var(--citation-border-width)] border-y-[color:var(--citation-border-color)]\">\n<p>Kukaan ei ole opettanut, ett\u00e4 ripsien tyvi pit\u00e4isi puhdistaa.<\/p>\n<\/blockquote>\n<p class=\"article-body mb-nof-24 px-nof-16\">Hirsim\u00e4ki suosittelee kaksoispuhdistusta: Ensin tavallinen silm\u00e4meikin puhdistus. Sen j\u00e4lkeen ripsien tyven ja luomikaistaleen puhdistus juuri t\u00e4h\u00e4n tarkoitukseen valmistetuilla puhdistustuotteilla, joita on saatavilla apteekeista ja optikkoliikkeist\u00e4.<\/p>\n<p class=\"article-body mb-nof-24 px-nof-16\">Ripsien tyve\u00e4 ja luomikaistaleita voi Suomessa puhdistaa my\u00f6s l\u00e4mpim\u00e4ll\u00e4 puhtaalla vesijohtovedell\u00e4 ja esimerkiksi sideharsolla. Hirsim\u00e4ki itse ei suosi vanulappuja ja -puikkoja, joista voi irrota silmiin nukkaa.<\/p>\n<p class=\"article-body mb-nof-24 px-nof-16\">Perinteisi\u00e4 kasvojen- ja meikinpuhdistusaineita Hirsim\u00e4ki ei suosittele luomikaistaleille, sill\u00e4 niiden ainesosat voivat kuivattaa ja \u00e4rsytt\u00e4\u00e4 silmi\u00e4.<\/p>\n<blockquote class=\"[font-style:var(--blockquote-font-style,italic)] m-[var(--blockquote-margin)] pl-[calc(var(--nof-core-dimension-200)+var(--blockquote-border-width))] relative before:absolute before:left-0 before:h-full before:w-[var(--blockquote-border-width)] before:border-l-[length:var(--blockquote-border-width)] before:border-l-[color:var(--blockquote-border-color)] before:-skew-y-[var(--blockquote-border-skew,0deg)]\">\n<p class=\"article-body mb-nof-8\">Psst! Tukkeutuneita Meibomin rauhasia voidaan yritt\u00e4\u00e4 elvytt\u00e4\u00e4 kotihoidolla eli l\u00e4mp\u00f6haudehoidolla ja puhdistamalla luomikaistaleita. Rauhasia hoidetaan kuivasilm\u00e4klinikalla my\u00f6s IPL-valoimpulssihoidolla.<\/p>\n<\/blockquote>\n<p>Mist\u00e4 kaikesta kuivat silm\u00e4t voivat johtua?<\/p>\n<p class=\"article-body mb-nof-24 px-nof-16\">Kuivat silm\u00e4t johtuvat Aija Hirsim\u00e4en mukaan pohjimmiltaan usein siit\u00e4, ett\u00e4 Meibomin rauhaset eiv\u00e4t toimi kunnolla tai kyynelnestett\u00e4 ei ole riitt\u00e4v\u00e4sti.<\/p>\n<p class=\"article-body mb-nof-24 px-nof-16\">N\u00e4ihin voivat johtaa esimerkiksi:<\/p>\n<ul class=\"mb-nof-16 px-nof-16 article-unordered-list unordered-list\">\n<li class=\"unordered-list-item\">\n<p class=\"article-body\">monet yleissairaudet<\/p>\n<\/li>\n<li class=\"unordered-list-item\">\n<p class=\"article-body\">erilaiset l\u00e4\u00e4kitykset<\/p>\n<\/li>\n<li class=\"unordered-list-item\">\n<p class=\"article-body\">\u00e4lypuhelimen, tabletin ja tietokoneen n\u00e4yt\u00f6n tuijottaminen<\/p>\n<\/li>\n<li class=\"unordered-list-item\">\n<p class=\"article-body\">tuuli<\/p>\n<\/li>\n<li class=\"unordered-list-item\">\n<p class=\"article-body\">koneellinen ilmastointi<\/p>\n<\/li>\n<li class=\"unordered-list-item\">\n<p class=\"article-body\">kuiva sis\u00e4ilma<\/p>\n<\/li>\n<li class=\"unordered-list-item\">\n<p class=\"article-body\">silm\u00e4tippojen s\u00e4il\u00f6nt\u00e4aineet ja apuaineet<\/p>\n<\/li>\n<li class=\"unordered-list-item\">\n<p class=\"article-body\">silm\u00e4leikkaukset<\/p>\n<\/li>\n<li class=\"unordered-list-item\">\n<p class=\"article-body\">silm\u00e4npinnansairaudet<\/p>\n<\/li>\n<li class=\"unordered-list-item\">\n<p class=\"article-body\"><a class=\"article-genericlink\" href=\"https:\/\/www.is.fi\/artikkeli\/art-2000011670547.html\" rel=\"nofollow noopener\" target=\"_blank\">talipunkin liikakasvu<\/a><\/p>\n<\/li>\n<li class=\"unordered-list-item\">\n<p class=\"article-body\">piilolinssien k\u00e4ytt\u00f6<\/p>\n<\/li>\n<li class=\"unordered-list-item\">\n<p class=\"article-body\">ravintok\u00f6yh\u00e4 ruokavalio eli esimerkiksi hyvien rasvahappojen ja D-, B12- ja A-vitamiinin puutos<\/p>\n<\/li>\n<li class=\"unordered-list-item\">\n<p class=\"article-body\">v\u00e4h\u00e4inen vedenjuonti<\/p>\n<\/li>\n<li class=\"unordered-list-item\">\n<p class=\"article-body\">alhaiset rauta-arvot<\/p>\n<\/li>\n<li class=\"unordered-list-item\">\n<p class=\"article-body\">hormonaaliset muutokset<\/p>\n<\/li>\n<li class=\"unordered-list-item\">\n<p class=\"article-body\">kausi- ja el\u00e4inallergiat<\/p>\n<\/li>\n<li class=\"unordered-list-item\">\n<p class=\"article-body\">sis\u00e4ilmaongelmat<\/p>\n<\/li>\n<li class=\"unordered-list-item\">\n<p class=\"article-body\">p\u00f6ly<\/p>\n<\/li>\n<li class=\"unordered-list-item\">\n<p class=\"article-body\">tupakointi<\/p>\n<\/li>\n<li class=\"unordered-list-item\">\n<p class=\"article-body\">jotkin kemikaalit<\/p>\n<\/li>\n<li class=\"unordered-list-item\">\n<p class=\"article-body\">falskaava uniapnealaite<\/p>\n<\/li>\n<li class=\"unordered-list-item\">\n<p class=\"article-body\">IBD eli tulehduksellinen suolistosairaus<\/p>\n<\/li>\n<\/ul>\n<p class=\"article-body mb-nof-24 px-nof-16\">\u2013\u2009Lista kasvaa koko ajan. Kuivasilm\u00e4isyys alkaa olla maailmanlaajuisesti niin iso vaiva, ett\u00e4 sit\u00e4 ja sen yhteyksi\u00e4 esimerkiksi erilaisiin ihosairauksiin ja suolistoon tutkitaan paljon, Hirsim\u00e4ki sanoo.<\/p>\n<blockquote class=\"[font-style:var(--blockquote-font-style,italic)] m-[var(--blockquote-margin)] pl-[calc(var(--nof-core-dimension-200)+var(--blockquote-border-width))] relative before:absolute before:left-0 before:h-full before:w-[var(--blockquote-border-width)] before:border-l-[length:var(--blockquote-border-width)] before:border-l-[color:var(--blockquote-border-color)] before:-skew-y-[var(--blockquote-border-skew,0deg)]\">\n<p class=\"article-body mb-nof-8\">Vinkki! Ammattilainen suosittelee valitsemaan kosteuttaviksi silm\u00e4tipoiksi tipat, joissa ei ole k\u00e4ytetty s\u00e4il\u00f6nt\u00e4aineita. S\u00e4il\u00f6nt\u00e4aineet voivat kuivattaa silmi\u00e4 entisest\u00e4\u00e4n.<\/p>\n<\/blockquote>\n","protected":false},"excerpt":{"rendered":"Kuiviin silmiin on syy, jonka mekanismia moni ei tunne. Tilaa aiheuttaa nyt esimerkiksi kaksi aivan tavallista asiaa. Lue&hellip;\n","protected":false},"author":2,"featured_media":121475,"comment_status":"","ping_status":"","sticky":false,"template":"","format":"standard","meta":{"footnotes":""},"categories":[14],"tags":[22,23,26,27,33,31,30,17,34,24,25,28,29,15,18,21,32,19,20,56,16,59,60,61],"class_list":{"0":"post-121474","1":"post","2":"type-post","3":"status-publish","4":"format-standard","5":"has-post-thumbnail","7":"category-ulkomaat","8":"tag-breaking-news","9":"tag-breakingnews","10":"tag-featured-news","11":"tag-featurednews","12":"tag-fi","13":"tag-finland","14":"tag-finnish","15":"tag-headlines","16":"tag-ilta-sanomat","17":"tag-latest-news","18":"tag-latestnews","19":"tag-main-news","20":"tag-mainnews","21":"tag-news","22":"tag-otsikot","23":"tag-paauutiset","24":"tag-suomi","25":"tag-top-stories","26":"tag-topstories","27":"tag-ulkomaat","28":"tag-uutiset","29":"tag-world","30":"tag-world-news","31":"tag-worldnews"},"share_on_mastodon":{"url":"https:\/\/pubeurope.com\/@fi\/115751945907016602","error":""},"_links":{"self":[{"href":"https:\/\/www.europesays.com\/fi\/wp-json\/wp\/v2\/posts\/121474","targetHints":{"allow":["GET"]}}],"collection":[{"href":"https:\/\/www.europesays.com\/fi\/wp-json\/wp\/v2\/posts"}],"about":[{"href":"https:\/\/www.europesays.com\/fi\/wp-json\/wp\/v2\/types\/post"}],"author":[{"embeddable":true,"href":"https:\/\/www.europesays.com\/fi\/wp-json\/wp\/v2\/users\/2"}],"replies":[{"embeddable":true,"href":"https:\/\/www.europesays.com\/fi\/wp-json\/wp\/v2\/comments?post=121474"}],"version-history":[{"count":0,"href":"https:\/\/www.europesays.com\/fi\/wp-json\/wp\/v2\/posts\/121474\/revisions"}],"wp:featuredmedia":[{"embeddable":true,"href":"https:\/\/www.europesays.com\/fi\/wp-json\/wp\/v2\/media\/121475"}],"wp:attachment":[{"href":"https:\/\/www.europesays.com\/fi\/wp-json\/wp\/v2\/media?parent=121474"}],"wp:term":[{"taxonomy":"category","embeddable":true,"href":"https:\/\/www.europesays.com\/fi\/wp-json\/wp\/v2\/categories?post=121474"},{"taxonomy":"post_tag","embeddable":true,"href":"https:\/\/www.europesays.com\/fi\/wp-json\/wp\/v2\/tags?post=121474"}],"curies":[{"name":"wp","href":"https:\/\/api.w.org\/{rel}","templated":true}]}}