{"id":121476,"date":"2025-12-20T12:41:12","date_gmt":"2025-12-20T12:41:12","guid":{"rendered":"https:\/\/www.europesays.com\/fi\/121476\/"},"modified":"2025-12-20T12:41:12","modified_gmt":"2025-12-20T12:41:12","slug":"normalin-rymina-jatkuu","status":"publish","type":"post","link":"https:\/\/www.europesays.com\/fi\/121476\/","title":{"rendered":"Normalin rymin\u00e4 jatkuu"},"content":{"rendered":"<p>Tilinp\u00e4\u00e4t\u00f6s: \u201dMit\u00e4\u00e4n olennaisia riskej\u00e4 tai ep\u00e4varmuustekij\u00f6it\u00e4 ei ole tunnistettu\u201d.<\/p>\n<p><img decoding=\"async\" class=\"image image-show image-preview\" src=\"https:\/\/www.europesays.com\/fi\/wp-content\/uploads\/2025\/12\/4c1ef26399286812e77771ee065e68b316213124e5fb3f100724e8c75884a23f.jpg\" alt=\"\"\/><img decoding=\"async\" class=\"image image-show\" src=\"https:\/\/www.europesays.com\/fi\/wp-content\/uploads\/2025\/12\/1766234472_135_4c1ef26399286812e77771ee065e68b316213124e5fb3f100724e8c75884a23f.jpg\" alt=\"\"\/><\/p>\n<p>T\u00e4lt\u00e4 n\u00e4ytti Helsingin Kampissa olevan Normalin myym\u00e4l\u00e4n edustalla 12.12.2025. TIINA SOMERPURO<\/p>\n<p class=\"paragraph\">Tanskalaisen halpakaupan Normalin liikevaihto kasvoi hein\u00e4kuussa p\u00e4\u00e4ttyneell\u00e4 tilikaudella edellisen tilikauden 178,1 miljoonasta eurosta 203,2 miljoonaan euroon.<\/p>\n<p class=\"paragraph\">Kasvua kertyi 14 prosenttia, kun se edellisell\u00e4 tilikaudella oli 44 ja sit\u00e4 edellisell\u00e4 tilikaudella reilut 150 prosenttia.<\/p>\n<p class=\"paragraph\">Liikevoitto putosi 17,3 miljoonasta eurosta 15,5 miljoonaan euroon.<\/p>\n<p class=\"paragraph\">Liikevoittoprosentiksi tuli 7,7, kun se edellisell\u00e4 tilikaudella oli 9,8 prosenttia.<\/p>\n<p class=\"paragraph\">Ty\u00f6ntekij\u00e4m\u00e4\u00e4r\u00e4ksi yhti\u00f6 ilmoittaa 663 henke\u00e4, mik\u00e4 on hieman v\u00e4hemm\u00e4n kuin edellisell\u00e4 tilikaudella.<\/p>\n<p class=\"paragraph\">Tulevaisuutensa Normal n\u00e4kee valoisana.<\/p>\n<p class=\"paragraph\">\u2013 Johto odottaa liikevaihdon ja myym\u00e4l\u00f6iden m\u00e4\u00e4r\u00e4n kasvun jatkuvan ja tuloksen olevan positiivinen my\u00f6s tulevana vuonna. Mit\u00e4\u00e4n olennaisia riskej\u00e4 tai ep\u00e4varmuustekij\u00f6it\u00e4 ei ole tunnistettu, yhti\u00f6n tilinp\u00e4\u00e4t\u00f6ksess\u00e4 lausutaan.<\/p>\n<p>\u201dPoikkeusilmi\u00f6\u201d<\/p>\n<p class=\"paragraph\">Asiasta uutisoi ensimm\u00e4isen\u00e4 <a href=\"https:\/\/www.kauppalehti.fi\/uutiset\/a\/f340f7fe-5228-49b5-8e04-d6b92a7ca605\" rel=\"noopener nofollow\" target=\"_blank\">Kauppalehti<\/a>.<\/p>\n<p class=\"paragraph\">Kaupan analyytikko <strong>Arhi Kivilahti<\/strong> kuvaa Kauppalehdess\u00e4 viisi vuotta Suomessa toiminutta tanskalaista halpakauppaa poikkeusilmi\u00f6ksi, joka on kasvanut hurjaa tahtia ja pit\u00e4nyt samalla kiinni kovasta kannattavuudestaan.<\/p>\n<p class=\"paragraph\">\u2013 Pienest\u00e4 hidastumisesta huolimatta Normal on hieno menestystarina Suomessa, Kivilahti sanoo.<\/p>\n<p class=\"paragraph\">Puheet kovasta kannattavuudesta eiv\u00e4t ole tuulesta temmattuja. Esimerkiksi Tokmannin liikevoittoprosentti oli tammi\u2013syyskuussa 6,1 ja Keskon 5,2.<\/p>\n<p class=\"paragraph\">Normal avasi ensimm\u00e4isen myym\u00e4l\u00e4ns\u00e4 Tanskassa huhtikuussa 2013. T\u00e4ll\u00e4 hetkell\u00e4 sill\u00e4 on yli 950 myym\u00e4l\u00e4\u00e4 Tanskassa, Norjassa, Ruotsissa, Alankomaissa, Ranskassa, Portugalissa, Espanjassa, Italiassa ja Suomessa.<\/p>\n<p class=\"paragraph\">Suomessa Normalilla on 99 myym\u00e4l\u00e4\u00e4.<\/p>\n","protected":false},"excerpt":{"rendered":"Tilinp\u00e4\u00e4t\u00f6s: \u201dMit\u00e4\u00e4n olennaisia riskej\u00e4 tai ep\u00e4varmuustekij\u00f6it\u00e4 ei ole tunnistettu\u201d. T\u00e4lt\u00e4 n\u00e4ytti Helsingin Kampissa olevan Normalin myym\u00e4l\u00e4n edustalla 12.12.2025.&hellip;\n","protected":false},"author":2,"featured_media":121477,"comment_status":"","ping_status":"","sticky":false,"template":"","format":"standard","meta":{"footnotes":""},"categories":[12],"tags":[35,22,23,26,27,33,31,30,17,898,3187,24,25,28,29,2349,3003,15,18,21,32,19,20,1319,16],"class_list":{"0":"post-121476","1":"post","2":"type-post","3":"status-publish","4":"format-standard","5":"has-post-thumbnail","7":"category-suomi","8":"tag-24h","9":"tag-breaking-news","10":"tag-breakingnews","11":"tag-featured-news","12":"tag-featurednews","13":"tag-fi","14":"tag-finland","15":"tag-finnish","16":"tag-headlines","17":"tag-kulutustavarat","18":"tag-kulutustavarat-ja-palvelut-sektori","19":"tag-latest-news","20":"tag-latestnews","21":"tag-main-news","22":"tag-mainnews","23":"tag-myynti","24":"tag-myyntireskontra","25":"tag-news","26":"tag-otsikot","27":"tag-paauutiset","28":"tag-suomi","29":"tag-top-stories","30":"tag-topstories","31":"tag-tulostiedot","32":"tag-uutiset"},"share_on_mastodon":{"url":"https:\/\/pubeurope.com\/@fi\/115751949816632530","error":""},"_links":{"self":[{"href":"https:\/\/www.europesays.com\/fi\/wp-json\/wp\/v2\/posts\/121476","targetHints":{"allow":["GET"]}}],"collection":[{"href":"https:\/\/www.europesays.com\/fi\/wp-json\/wp\/v2\/posts"}],"about":[{"href":"https:\/\/www.europesays.com\/fi\/wp-json\/wp\/v2\/types\/post"}],"author":[{"embeddable":true,"href":"https:\/\/www.europesays.com\/fi\/wp-json\/wp\/v2\/users\/2"}],"replies":[{"embeddable":true,"href":"https:\/\/www.europesays.com\/fi\/wp-json\/wp\/v2\/comments?post=121476"}],"version-history":[{"count":0,"href":"https:\/\/www.europesays.com\/fi\/wp-json\/wp\/v2\/posts\/121476\/revisions"}],"wp:featuredmedia":[{"embeddable":true,"href":"https:\/\/www.europesays.com\/fi\/wp-json\/wp\/v2\/media\/121477"}],"wp:attachment":[{"href":"https:\/\/www.europesays.com\/fi\/wp-json\/wp\/v2\/media?parent=121476"}],"wp:term":[{"taxonomy":"category","embeddable":true,"href":"https:\/\/www.europesays.com\/fi\/wp-json\/wp\/v2\/categories?post=121476"},{"taxonomy":"post_tag","embeddable":true,"href":"https:\/\/www.europesays.com\/fi\/wp-json\/wp\/v2\/tags?post=121476"}],"curies":[{"name":"wp","href":"https:\/\/api.w.org\/{rel}","templated":true}]}}