{"id":121479,"date":"2025-12-20T12:54:07","date_gmt":"2025-12-20T12:54:07","guid":{"rendered":"https:\/\/www.europesays.com\/fi\/121479\/"},"modified":"2025-12-20T12:54:07","modified_gmt":"2025-12-20T12:54:07","slug":"sharon-ja-ozzy-osbournella-oli-sopimus-kuolemasta","status":"publish","type":"post","link":"https:\/\/www.europesays.com\/fi\/121479\/","title":{"rendered":"Sharon ja Ozzy Osbournella oli sopimus kuolemasta"},"content":{"rendered":"<p>Sharon Osbourne kertoo, ett\u00e4 lohduton n\u00e4ky sairaalassa sai h\u00e4net py\u00f6rt\u00e4m\u00e4\u00e4n p\u00e4\u00e4t\u00f6ksens\u00e4.<\/p>\n<p class=\"article-body mb-nof-24 px-nof-16\">Rokkilegenda <a class=\"article-personlink\" href=\"https:\/\/www.is.fi\/haku\/?query=Ozzy%20Osbournen\" rel=\"nofollow noopener\" target=\"_blank\">Ozzy Osbournen<\/a> leski <a class=\"article-personlink\" href=\"https:\/\/www.is.fi\/haku\/?query=Sharon%20Osbourne\" rel=\"nofollow noopener\" target=\"_blank\">Sharon Osbourne<\/a> kertoo, ett\u00e4 he olivat suunnitelleet kuolevansa yhdess\u00e4.<\/p>\n<p class=\"article-body mb-nof-24 px-nof-16\">People-lehden mukaan Sharon Osbourne kertoi jo vuosia ennen miehens\u00e4 kuolemaa, ett\u00e4 he aikovat tehd\u00e4 yhdess\u00e4 avustetun itsemurhan. Ozzy Osbourne kuoli hein\u00e4kuussa, mutta Sharon Osbourne aikoo viel\u00e4 el\u00e4\u00e4.<\/p>\n<p class=\"article-body mb-nof-24 px-nof-16\">H\u00e4n itse olisi valmis l\u00e4htem\u00e4\u00e4n, mutta h\u00e4n kertoo, ett\u00e4 jatkaa el\u00e4m\u00e4\u00e4ns\u00e4 lastensa <a class=\"article-personlink\" href=\"https:\/\/www.is.fi\/haku\/?query=Kelly%20Osbournen\" rel=\"nofollow noopener\" target=\"_blank\">Kelly Osbournen<\/a>, <a class=\"article-personlink\" href=\"https:\/\/www.is.fi\/haku\/?query=Jack%20Osbournen\" rel=\"nofollow noopener\" target=\"_blank\">Jack Osbournen<\/a> ja<a class=\"article-personlink\" href=\"https:\/\/www.is.fi\/haku\/?query=%20Aimee%20Osbournen\" rel=\"nofollow noopener\" target=\"_blank\"> Aimee Osbournen<\/a> vuoksi.<\/p>\n<p class=\"article-body mb-nof-24 px-nof-16\">\u2013 Olisin voinut vain l\u00e4hte\u00e4 Ozzyn kanssa. Todellakin, olen tehnyt kaiken, mit\u00e4 haluan el\u00e4m\u00e4ss\u00e4ni tehd\u00e4. Mutta lapseni ovat olleet minulle niin hyvi\u00e4, kaikki kolme heist\u00e4.<\/p>\n<p class=\"article-body mb-nof-24 px-nof-16\">Sharon Osbourne kertoo, ett\u00e4 kun h\u00e4n oli vuosia sitten ollut sairaalassa henkisen hyvinvoinnin romahtamisen vuoksi, h\u00e4n oli tavannut kaksi naista, joiden \u00e4idit olivat tehneet itsemurhan.<\/p>\n<p class=\"article-body mb-nof-24 px-nof-16\">\u2013 N\u00e4in, miss\u00e4 kunnossa n\u00e4m\u00e4 kaksi naista olivat ja mit\u00e4 vanhempien kohtalo oli heille tehnyt. Ajattelin, etten ikin\u00e4, ikin\u00e4 tekisi niin omille lapsilleni.<\/p>\n<p class=\"article-body mb-nof-24 px-nof-16\">Sharon Osbourne kertoi avustetusta itsemurhasopimuksesta ensi kertaa vuonna 2007.<\/p>\n<p class=\"article-body mb-nof-24 px-nof-16\">\u2013 Ozzy ja min\u00e4 olemme p\u00e4\u00e4tyneet kesken\u00e4mme samaan p\u00e4\u00e4t\u00f6kseen. Uskomme sataprosenttisesti eutanasiaan, joten olemme laatineet suunnitelman avustetusta itsemurhasta Sveitsiss\u00e4, jos saamme joskus sairauden, joka vaikuttaa aivoihin. Jos Ozzy tai min\u00e4 joskus sairastuisimme Alzheimerin tautiin, se siit\u00e4 \u2013 me l\u00e4hdemme, Sharon sanoi.<\/p>\n","protected":false},"excerpt":{"rendered":"Sharon Osbourne kertoo, ett\u00e4 lohduton n\u00e4ky sairaalassa sai h\u00e4net py\u00f6rt\u00e4m\u00e4\u00e4n p\u00e4\u00e4t\u00f6ksens\u00e4. Rokkilegenda Ozzy Osbournen leski Sharon Osbourne kertoo,&hellip;\n","protected":false},"author":2,"featured_media":121480,"comment_status":"","ping_status":"","sticky":false,"template":"","format":"standard","meta":{"footnotes":""},"categories":[136],"tags":[407,137,33,31,30,34,408,32,109],"class_list":{"0":"post-121479","1":"post","2":"type-post","3":"status-publish","4":"format-standard","5":"has-post-thumbnail","7":"category-julkkikset","8":"tag-celebrities","9":"tag-entertainment","10":"tag-fi","11":"tag-finland","12":"tag-finnish","13":"tag-ilta-sanomat","14":"tag-julkkikset","15":"tag-suomi","16":"tag-viihde"},"share_on_mastodon":{"url":"https:\/\/pubeurope.com\/@fi\/115752000751919243","error":""},"_links":{"self":[{"href":"https:\/\/www.europesays.com\/fi\/wp-json\/wp\/v2\/posts\/121479","targetHints":{"allow":["GET"]}}],"collection":[{"href":"https:\/\/www.europesays.com\/fi\/wp-json\/wp\/v2\/posts"}],"about":[{"href":"https:\/\/www.europesays.com\/fi\/wp-json\/wp\/v2\/types\/post"}],"author":[{"embeddable":true,"href":"https:\/\/www.europesays.com\/fi\/wp-json\/wp\/v2\/users\/2"}],"replies":[{"embeddable":true,"href":"https:\/\/www.europesays.com\/fi\/wp-json\/wp\/v2\/comments?post=121479"}],"version-history":[{"count":0,"href":"https:\/\/www.europesays.com\/fi\/wp-json\/wp\/v2\/posts\/121479\/revisions"}],"wp:featuredmedia":[{"embeddable":true,"href":"https:\/\/www.europesays.com\/fi\/wp-json\/wp\/v2\/media\/121480"}],"wp:attachment":[{"href":"https:\/\/www.europesays.com\/fi\/wp-json\/wp\/v2\/media?parent=121479"}],"wp:term":[{"taxonomy":"category","embeddable":true,"href":"https:\/\/www.europesays.com\/fi\/wp-json\/wp\/v2\/categories?post=121479"},{"taxonomy":"post_tag","embeddable":true,"href":"https:\/\/www.europesays.com\/fi\/wp-json\/wp\/v2\/tags?post=121479"}],"curies":[{"name":"wp","href":"https:\/\/api.w.org\/{rel}","templated":true}]}}