{"id":121481,"date":"2025-12-20T12:58:08","date_gmt":"2025-12-20T12:58:08","guid":{"rendered":"https:\/\/www.europesays.com\/fi\/121481\/"},"modified":"2025-12-20T12:58:08","modified_gmt":"2025-12-20T12:58:08","slug":"uutta-musiikkia-sweatmasterilta-saattaa-kuulostaa-nimen-perusteella-poliittiselta-kannanotolta-mutta","status":"publish","type":"post","link":"https:\/\/www.europesays.com\/fi\/121481\/","title":{"rendered":"Uutta musiikkia Sweatmasterilta &#8211; &#8221;Saattaa kuulostaa nimen perusteella poliittiselta kannanotolta, mutta&#8230;&#8221;"},"content":{"rendered":"<p>Turun garagerock-ylpeys Sweatmaster katkaisee pitk\u00e4n hiljaiselonsa alkuvuodesta julkaisemalla uuden More!-pitk\u00e4soiton. Nyt levylt\u00e4 on julkaistu viimeisen\u00e4 singlemaistiaisena kappale Police Bastard.<\/p>\n<p>\u201dBiisi saattaa kuulostaa nimen perusteella poliittiselta kannanotolta, mutta se on muistokappale hiirelle, joka minun piti pyydyst\u00e4\u00e4\u201d, kertoo laulaja-basisti Sasu Mykk\u00e4nen.<\/p>\n<p>\u201dKappale on jo osoittautunut mahtavaksi lis\u00e4ksi keikkasettiin ja voisikin sanoa, ett\u00e4 yleis\u00f6lt\u00e4 saadun palautteen ansiosta siit\u00e4 tuli levymme kolmas singlelohkaisu. Annetaan kansalle, mit\u00e4 se haluaa!\u201d<\/p>\n<p>Orkesterin viides albumi More! ilmestyy 30. tammikuuta Svart Recordsin kautta.<\/p>\n<p><img loading=\"lazy\" decoding=\"async\" alt=\"YouTube video\" width=\"480\" height=\"360\" data-pin-nopin=\"true\" nopin=\"nopin\" class=\"perfmatters-lazy\" src=\"https:\/\/www.europesays.com\/fi\/wp-content\/uploads\/2025\/12\/1766235488_57_hqdefault.jpg\"\/><\/p>\n<p>Lue my\u00f6s: <a href=\"https:\/\/www.soundi.fi\/uutiset\/sweatmaster-julkaisee-ensimmaisen-uuden-albumin-15-vuoteen-ensimmainen-single-kuultavana\/\" title=\"Sweatmaster julkaisee ensimm\u00e4isen uuden albumin 15 vuoteen \u2013 ensimm\u00e4inen single kuultavana\" class=\"underline-custom !font-montserrat !font-bold !underline-offset-4 !decoration-4 !decoration-tilt-light\" rel=\"nofollow noopener\" target=\"_blank\">Sweatmaster julkaisee ensimm\u00e4isen uuden albumin 15 vuoteen \u2013 ensimm\u00e4inen single kuultavana<\/a><\/p>\n<p>Lue my\u00f6s: <a href=\"https:\/\/www.soundi.fi\/uutiskirje\/\" title=\"Tilaa Soundin uutiskirje\" class=\"underline-custom !font-montserrat !font-bold !underline-offset-4 !decoration-4 !decoration-red-600 !text-md\" rel=\"nofollow noopener\" target=\"_blank\">Tilaa Soundin uutiskirje ja tied\u00e4t mist\u00e4 kahvitauolla puhutaan! Nappaa ajankohtaiset musiikin uutiset ja puheenaiheet suoraan s\u00e4hk\u00f6postiin t\u00e4st\u00e4.<\/a><\/p>\n","protected":false},"excerpt":{"rendered":"Turun garagerock-ylpeys Sweatmaster katkaisee pitk\u00e4n hiljaiselonsa alkuvuodesta julkaisemalla uuden More!-pitk\u00e4soiton. Nyt levylt\u00e4 on julkaistu viimeisen\u00e4 singlemaistiaisena kappale Police&hellip;\n","protected":false},"author":2,"featured_media":121482,"comment_status":"","ping_status":"","sticky":false,"template":"","format":"standard","meta":{"footnotes":""},"categories":[132],"tags":[137,33,31,30,195,47,32,109],"class_list":{"0":"post-121481","1":"post","2":"type-post","3":"status-publish","4":"format-standard","5":"has-post-thumbnail","7":"category-musiikki","8":"tag-entertainment","9":"tag-fi","10":"tag-finland","11":"tag-finnish","12":"tag-music","13":"tag-musiikki","14":"tag-suomi","15":"tag-viihde"},"share_on_mastodon":{"url":"https:\/\/pubeurope.com\/@fi\/115752016765133825","error":""},"_links":{"self":[{"href":"https:\/\/www.europesays.com\/fi\/wp-json\/wp\/v2\/posts\/121481","targetHints":{"allow":["GET"]}}],"collection":[{"href":"https:\/\/www.europesays.com\/fi\/wp-json\/wp\/v2\/posts"}],"about":[{"href":"https:\/\/www.europesays.com\/fi\/wp-json\/wp\/v2\/types\/post"}],"author":[{"embeddable":true,"href":"https:\/\/www.europesays.com\/fi\/wp-json\/wp\/v2\/users\/2"}],"replies":[{"embeddable":true,"href":"https:\/\/www.europesays.com\/fi\/wp-json\/wp\/v2\/comments?post=121481"}],"version-history":[{"count":0,"href":"https:\/\/www.europesays.com\/fi\/wp-json\/wp\/v2\/posts\/121481\/revisions"}],"wp:featuredmedia":[{"embeddable":true,"href":"https:\/\/www.europesays.com\/fi\/wp-json\/wp\/v2\/media\/121482"}],"wp:attachment":[{"href":"https:\/\/www.europesays.com\/fi\/wp-json\/wp\/v2\/media?parent=121481"}],"wp:term":[{"taxonomy":"category","embeddable":true,"href":"https:\/\/www.europesays.com\/fi\/wp-json\/wp\/v2\/categories?post=121481"},{"taxonomy":"post_tag","embeddable":true,"href":"https:\/\/www.europesays.com\/fi\/wp-json\/wp\/v2\/tags?post=121481"}],"curies":[{"name":"wp","href":"https:\/\/api.w.org\/{rel}","templated":true}]}}