{"id":121483,"date":"2025-12-20T13:01:16","date_gmt":"2025-12-20T13:01:16","guid":{"rendered":"https:\/\/www.europesays.com\/fi\/121483\/"},"modified":"2025-12-20T13:01:16","modified_gmt":"2025-12-20T13:01:16","slug":"venajan-haaveet-tyrmattiin","status":"publish","type":"post","link":"https:\/\/www.europesays.com\/fi\/121483\/","title":{"rendered":"Ven\u00e4j\u00e4n haaveet tyrm\u00e4ttiin"},"content":{"rendered":"<p>Ven\u00e4l\u00e4isill\u00e4 kelkkailijoilla ei ole asiaa Latviaan.<\/p>\n<p><img decoding=\"async\" class=\"image image-show image-preview\" src=\"https:\/\/www.europesays.com\/fi\/wp-content\/uploads\/2025\/12\/fc7a79f1fe9fe26ffb617bb160cfa62bf62c2658679b121be5bed511aba90bd1.jpg\" alt=\"\"\/><img decoding=\"async\" class=\"image image-show\" src=\"https:\/\/www.europesays.com\/fi\/wp-content\/uploads\/2025\/12\/1766235675_753_fc7a79f1fe9fe26ffb617bb160cfa62bf62c2658679b121be5bed511aba90bd1.jpg\" alt=\"\"\/><\/p>\n<p>Alena Frolova on yksi yhdeks\u00e4st\u00e4 ven\u00e4l\u00e4iskelkkailijasta, joka sai neutraalin urheilijan statuksen, mutta h\u00e4n ei silti p\u00e4\u00e4se kisaamaan Latviassa. AOP<\/p>\n<p class=\"paragraph\">Yhdeks\u00e4lle ven\u00e4l\u00e4iselle kelkkailijalle my\u00f6nnettiin neutraalin urheilijan status, mutta he eiv\u00e4t silti p\u00e4\u00e4se kisaamaan Latviassa j\u00e4rjestett\u00e4v\u00e4\u00e4n maailmancupin osakilpailuun.<\/p>\n<p class=\"paragraph\">\u2013 Emme pysty osallistumaan Siguldassa j\u00e4rjestett\u00e4v\u00e4\u00e4n maailmancupiin, koska Latvian lain mukaan ven\u00e4l\u00e4isill\u00e4 passeilla varustetut urheilijat eiv\u00e4t saa kilpailla siell\u00e4, Ven\u00e4j\u00e4n kelkkailuliiton puheenjohtaja <strong>Anatoli Pegov<\/strong> kertoi uutistoimisto Tassille.<\/p>\n<p class=\"paragraph\">Ven\u00e4l\u00e4iset kelkkailijat haluaisivat osallistua maailmancupin osakilpailuihin, jotta he voisivat antaa n\u00e4ytt\u00f6j\u00e4 olympialaisia varten.<\/p>\n<p class=\"paragraph\">\u2013 T\u00e4rkein prioriteettimme on palata kansainv\u00e4liselle areenalle ja n\u00e4ytt\u00e4\u00e4 siell\u00e4 parhaat tuloksemme. En halua menn\u00e4 asioiden edelle, mutta uskokaa minua \u2013 n\u00e4ette meid\u00e4t j\u00e4lleen olympialaisissa, Pegov lupasi.<\/p>\n<p class=\"paragraph\">Kelkkailijan on osallistuttava kahdeksaan kilpailuun kolmella eri radalla ja p\u00e4\u00e4st\u00e4v\u00e4 v\u00e4hint\u00e4\u00e4n 30 parhaan joukkoon viidess\u00e4 kisassa, jotta h\u00e4n voisi p\u00e4\u00e4st\u00e4 olympialaisiin.<\/p>\n<p class=\"paragraph\">Pegov uskoo vakaasti, ett\u00e4 ven\u00e4l\u00e4iset kelkkailijat n\u00e4hd\u00e4\u00e4n kansainv\u00e4lisill\u00e4 areenoilla tammikuussa Kiinassa j\u00e4rjestett\u00e4v\u00e4ss\u00e4 kisassa.<\/p>\n<p class=\"paragraph\">L\u00e4hde: <a href=\"https:\/\/www.sport-express.ru\/bobsleigh\/reviews\/rossiyane-ne-vystupyat-na-etape-kubka-mira-po-bobsleyu-i-skeletonu-v-latvii-podrobnosti-2383329\/\" target=\"_blank\" rel=\"noopener nofollow\">Sport-Express<\/a><\/p>\n<p><a href=\"https:\/\/www.iltalehti.fi\/telkku\/?utm_source=iltalehti.fi&amp;utm_medium=almainternal&amp;utm_campaign=urheilu_artikkelibanneri&amp;utm_content=banner_612_a\" rel=\"nofollow noopener\" target=\"_blank\"><img decoding=\"async\" src=\"https:\/\/www.europesays.com\/fi\/wp-content\/uploads\/2025\/08\/7ef604e47d46ca174b7df4149bd3557dbde56a86d520f8e1b2125548b0a2e03a.png\" alt=\"TV-ohjelmat t\u00e4n\u00e4\u00e4n, TV-opas\"\/><\/a><\/p>\n","protected":false},"excerpt":{"rendered":"Ven\u00e4l\u00e4isill\u00e4 kelkkailijoilla ei ole asiaa Latviaan. Alena Frolova on yksi yhdeks\u00e4st\u00e4 ven\u00e4l\u00e4iskelkkailijasta, joka sai neutraalin urheilijan statuksen, mutta&hellip;\n","protected":false},"author":2,"featured_media":121484,"comment_status":"","ping_status":"","sticky":false,"template":"","format":"standard","meta":{"footnotes":""},"categories":[158],"tags":[35,33,31,30,121,41,2883,159,32,1145,160,161],"class_list":{"0":"post-121483","1":"post","2":"type-post","3":"status-publish","4":"format-standard","5":"has-post-thumbnail","7":"category-urheilu","8":"tag-24h","9":"tag-fi","10":"tag-finland","11":"tag-finnish","12":"tag-liikenne-ja-kuljetus","13":"tag-liikunta-ja-urheilu","14":"tag-maailmancupit-ja-maailmanmestaruuskilpailut","15":"tag-sports","16":"tag-suomi","17":"tag-talviurheilu","18":"tag-urheilu","19":"tag-urheilutapahtumat"},"share_on_mastodon":{"url":"https:\/\/pubeurope.com\/@fi\/115752028530830409","error":""},"_links":{"self":[{"href":"https:\/\/www.europesays.com\/fi\/wp-json\/wp\/v2\/posts\/121483","targetHints":{"allow":["GET"]}}],"collection":[{"href":"https:\/\/www.europesays.com\/fi\/wp-json\/wp\/v2\/posts"}],"about":[{"href":"https:\/\/www.europesays.com\/fi\/wp-json\/wp\/v2\/types\/post"}],"author":[{"embeddable":true,"href":"https:\/\/www.europesays.com\/fi\/wp-json\/wp\/v2\/users\/2"}],"replies":[{"embeddable":true,"href":"https:\/\/www.europesays.com\/fi\/wp-json\/wp\/v2\/comments?post=121483"}],"version-history":[{"count":0,"href":"https:\/\/www.europesays.com\/fi\/wp-json\/wp\/v2\/posts\/121483\/revisions"}],"wp:featuredmedia":[{"embeddable":true,"href":"https:\/\/www.europesays.com\/fi\/wp-json\/wp\/v2\/media\/121484"}],"wp:attachment":[{"href":"https:\/\/www.europesays.com\/fi\/wp-json\/wp\/v2\/media?parent=121483"}],"wp:term":[{"taxonomy":"category","embeddable":true,"href":"https:\/\/www.europesays.com\/fi\/wp-json\/wp\/v2\/categories?post=121483"},{"taxonomy":"post_tag","embeddable":true,"href":"https:\/\/www.europesays.com\/fi\/wp-json\/wp\/v2\/tags?post=121483"}],"curies":[{"name":"wp","href":"https:\/\/api.w.org\/{rel}","templated":true}]}}