{"id":121487,"date":"2025-12-20T13:05:10","date_gmt":"2025-12-20T13:05:10","guid":{"rendered":"https:\/\/www.europesays.com\/fi\/121487\/"},"modified":"2025-12-20T13:05:10","modified_gmt":"2025-12-20T13:05:10","slug":"artisti-ares-haluaa-avointa-keskustelua-asiasta-joka-on-nuorille-miehille-yha-tabu","status":"publish","type":"post","link":"https:\/\/www.europesays.com\/fi\/121487\/","title":{"rendered":"Artisti Ares haluaa avointa keskustelua asiasta, joka on nuorille miehille yh\u00e4 tabu"},"content":{"rendered":"<p><strong class=\"typography-bold\">Ares sai eniten ehdokkuuksia Emma-gaalassa ja on ehdolla kuudessa kategoriassa.<\/strong><\/p>\n<p>Artisti <a class=\"cursor-pointer underline\" data-testid=\"internal-link\" role=\"link\" data-sentry-element=\"Link\" data-sentry-component=\"InternalLink\" data-sentry-source-file=\"InternalLink.tsx\" href=\"https:\/\/www.mtvuutiset.fi\/aihe\/ares\/9272112\" rel=\"nofollow noopener\" target=\"_blank\"><strong class=\"typography-bold\">Ares<\/strong><\/a>, oikealta nimelt\u00e4\u00e4n <strong class=\"typography-bold\">Aris Staboulis<\/strong>, on kokenut yhden el\u00e4m\u00e4ns\u00e4 vuosista. Aiemmin t\u00e4n\u00e4 vuonna h\u00e4n julkaisi Apathia-albuminsa, joka on ollut yksi vuoden menestyneimmist\u00e4.\u00a0<\/p>\n<p>Emma-gaalan pressitilaisuudessa Ares kuvaili MTV Uutisille kuluvan vuoden aikana tapahtuneen menestyksen vaatineen paljon t\u00f6it\u00e4, itsekuria sek\u00e4 kunnianhimoa.\u00a0<\/p>\n<p>Vuoden pys\u00e4ytt\u00e4vin hetki Arekselle oli, kun albumi julkaistiin.\u00a0<\/p>\n<p>\u2013 En muista, kuinka monta biisi\u00e4 oli top 10:ss\u00e4, mutta ainakin kuusi. Muistan, ett\u00e4 oltiin keikka-autossa ja p\u00e4ivitin Spotifyn, ja siin\u00e4 n\u00e4kyi ykk\u00f6nen, kakkonen ja kolmonen. Siin\u00e4 v\u00e4h\u00e4n tirautettiin muutama kyynel ja mietittiin, ett\u00e4 mit\u00e4s ihmett\u00e4 t\u00e4\u00e4ll\u00e4 oikein tapahtuu.\u00a0<\/p>\n<p>Menestys on tuonut mukanaan monenlaisia asioita, ja Ares on saanut tehd\u00e4 t\u00f6it\u00e4 pit\u00e4\u00e4kseen itsens\u00e4 kasassa.\u00a0<\/p>\n<p>\u2013 K\u00e4yn terapiassa. Olin juuri itsekseen viikon Sveitsiss\u00e4 lomalla, olin ensimm\u00e4ist\u00e4 kertaa yksin lomalla. Tekem\u00e4ll\u00e4 asioita, jotka vaikuttavat henkiseen hyvinvointiin, panostamalla siihen.\u00a0<\/p>\n<p>\u2013 Se on ehk\u00e4 mit\u00e4 koitan my\u00f6s paljon sanoa muille nuorille, etenkin nuorille miehille. Minusta tuntuu, ett\u00e4 se on keskuudessamme usein tabu, esimerkiksi terapiassa k\u00e4yminen. Sanon, ett\u00e4 se on ihan hyv\u00e4 juttu, jos tapahtuu paljon.\u00a0<\/p>\n<p><img alt=\"1.05830927\" data-testid=\"crops-image\" class=\"h-full w-full object-cover transition duration-700 ease-in-out hover:scale-[1.05]\" fetchpriority=\"low\" loading=\"lazy\" width=\"1024\" height=\"576\" decoding=\"async\" style=\"color:transparent;background-size:cover;background-position:50% 50%;background-repeat:no-repeat;background-image:url(&quot;data:image\/svg+xml;base64,Cjxzdmcgd2lkdGg9IjEwMjQiIGhlaWdodD0iNTc2IiB2ZXJzaW9uPSIxLjEiIHhtbG5zPSJodHRwOi8vd3d3LnczLm9yZy8yMDAwL3N2ZyIgeG1sbnM6eGxpbms9Imh0dHA6Ly93d3cudzMub3JnLzE5OTkveGxpbmsiPgogIDxkZWZzPgogICAgPGxpbmVhckdyYWRpZW50IGlkPSJnIj4KICAgICAgPHN0b3Agc3RvcC1jb2xvcj0iIzBCMTgyMyIgb2Zmc2V0PSIyMCUiIC8+CiAgICAgIDxzdG9wIHN0b3AtY29sb3I9IiMxQTI3MzIiIG9mZnNldD0iNTAlIiAvPgogICAgICA8c3RvcCBzdG9wLWNvbG9yPSIjMEIxODIzIiBvZmZzZXQ9IjcwJSIgLz4KICAgIDwvbGluZWFyR3JhZGllbnQ+CiAgPC9kZWZzPgogIDxyZWN0IHdpZHRoPSIxMDI0IiBoZWlnaHQ9IjU3NiIgZmlsbD0iIzBCMTgyMyIgLz4KICA8cmVjdCBpZD0iciIgd2lkdGg9IjEwMjQiIGhlaWdodD0iNTc2IiBmaWxsPSJ1cmwoI2cpIiAvPgogIDxhbmltYXRlIHhsaW5rOmhyZWY9IiNyIiBhdHRyaWJ1dGVOYW1lPSJ4IiBmcm9tPSItMTAyNCIgdG89IjEwMjQiIGR1cj0iMXMiIHJlcGVhdENvdW50PSJpbmRlZmluaXRlIiAgLz4KPC9zdmc+&quot;)\" src=\"https:\/\/www.europesays.com\/fi\/wp-content\/uploads\/2025\/12\/1766235910_675_image\"\/><\/p>\n<p>Lue my\u00f6s: <a class=\"cursor-pointer underline\" data-testid=\"internal-link\" role=\"link\" data-sentry-element=\"Link\" data-sentry-component=\"InternalLink\" data-sentry-source-file=\"InternalLink.tsx\" href=\"https:\/\/www.mtvuutiset.fi\/artikkeli\/vuooden-2025-emma-ehdokkaat-julki-ares-rohmusi-ehdokkuuksia\/9268314\" rel=\"nofollow noopener\" target=\"_blank\">Vuoden 2025 Emma-ehdokkaat julki \u2013 Ares rohmusi ehdokkuuksia<\/a><\/p>\n<p>Ares saa kuulijoiltaan todella paljon suoria viestej\u00e4. Monet viesteist\u00e4 ovat olleet painaviakin.\u00a0<\/p>\n<p>Viesteihin vastaamista Ares miettii tarkoin.\u00a0<\/p>\n<p>\u2013 Kun selaan niit\u00e4, ja jos tulee joku sellainen todella t\u00e4rke\u00e4 viesti eteen, niin kyll\u00e4 vastaan ihan senkin takia, ett\u00e4 jos olisin itse t\u00e4m\u00e4n tyypin ik\u00e4inen ja idolini vastaisi viestiini, se olisi tosi iso juttu. Mutta en kuitenkaan koko ajan vastaa kaikille, pit\u00e4\u00e4 my\u00f6s pit\u00e4\u00e4 sellainen tietty ammattitaito siin\u00e4 l\u00e4sn\u00e4, ei voi ihan alkaa terapeutiksi kuitenkaan. Mutta voi laittaa, ett\u00e4 tsemppi\u00e4, ja kiitos paljon.\u00a0<\/p>\n<p>Vuoden aikana Ares kertoo oppineensa sen, ett\u00e4 loppuunpalaminen ja ty\u00f6uupumus ovat hyvin todellisia asioita.\u00a0<\/p>\n<p>\u2013 Min\u00e4kin olen vet\u00e4nyt 123 keikkaa t\u00e4n\u00e4 vuonna. Kyll\u00e4 sen huomaa, kun on viisi p\u00e4iv\u00e4\u00e4 viikossa tuolla rundilla, niin kyll\u00e4 siin\u00e4 alkaa v\u00e4h\u00e4n polla menem\u00e4\u00e4n jumiin.<\/p>\n<p>\u2013 Olen miettinyt aiemmin niin, ett\u00e4 kun olen artisti, olen niin etuoikeutettu muutenkin, kun minulla on mahdollisuus tehd\u00e4 musiikkia, tehd\u00e4 sill\u00e4 rahaa ja el\u00e4tt\u00e4\u00e4 itseni. Niin ei saisi tai ei tulisi koettua uupumusta siit\u00e4, vaan pit\u00e4isi olla tosi kiitollinen ja iloinen koko ajan kaikesta. Tuntuu, ett\u00e4 olen sellaisia omia rajoja oppinut, sanomaan ei.<\/p>\n<p>Ares on Emma-gaalassa ehdolla kuudessa kategoriassa: vuoden artisti, vuoden tulokas, vuoden albumi, vuoden biisi, vuoden rap sek\u00e4 vuoden artisti\/yhtye, joka valitaan yleis\u00f6\u00e4\u00e4nestyksell\u00e4.\u00a0<\/p>\n","protected":false},"excerpt":{"rendered":"Ares sai eniten ehdokkuuksia Emma-gaalassa ja on ehdolla kuudessa kategoriassa. Artisti Ares, oikealta nimelt\u00e4\u00e4n Aris Staboulis, on kokenut&hellip;\n","protected":false},"author":2,"featured_media":121488,"comment_status":"","ping_status":"","sticky":false,"template":"","format":"standard","meta":{"footnotes":""},"categories":[76],"tags":[79,77,33,31,30,32,78],"class_list":{"0":"post-121487","1":"post","2":"type-post","3":"status-publish","4":"format-standard","5":"has-post-thumbnail","7":"category-talous","8":"tag-business","9":"tag-economy","10":"tag-fi","11":"tag-finland","12":"tag-finnish","13":"tag-suomi","14":"tag-talous"},"share_on_mastodon":{"url":"https:\/\/pubeurope.com\/@fi\/115752044240626075","error":""},"_links":{"self":[{"href":"https:\/\/www.europesays.com\/fi\/wp-json\/wp\/v2\/posts\/121487","targetHints":{"allow":["GET"]}}],"collection":[{"href":"https:\/\/www.europesays.com\/fi\/wp-json\/wp\/v2\/posts"}],"about":[{"href":"https:\/\/www.europesays.com\/fi\/wp-json\/wp\/v2\/types\/post"}],"author":[{"embeddable":true,"href":"https:\/\/www.europesays.com\/fi\/wp-json\/wp\/v2\/users\/2"}],"replies":[{"embeddable":true,"href":"https:\/\/www.europesays.com\/fi\/wp-json\/wp\/v2\/comments?post=121487"}],"version-history":[{"count":0,"href":"https:\/\/www.europesays.com\/fi\/wp-json\/wp\/v2\/posts\/121487\/revisions"}],"wp:featuredmedia":[{"embeddable":true,"href":"https:\/\/www.europesays.com\/fi\/wp-json\/wp\/v2\/media\/121488"}],"wp:attachment":[{"href":"https:\/\/www.europesays.com\/fi\/wp-json\/wp\/v2\/media?parent=121487"}],"wp:term":[{"taxonomy":"category","embeddable":true,"href":"https:\/\/www.europesays.com\/fi\/wp-json\/wp\/v2\/categories?post=121487"},{"taxonomy":"post_tag","embeddable":true,"href":"https:\/\/www.europesays.com\/fi\/wp-json\/wp\/v2\/tags?post=121487"}],"curies":[{"name":"wp","href":"https:\/\/api.w.org\/{rel}","templated":true}]}}