{"id":121489,"date":"2025-12-20T13:06:10","date_gmt":"2025-12-20T13:06:10","guid":{"rendered":"https:\/\/www.europesays.com\/fi\/121489\/"},"modified":"2025-12-20T13:06:10","modified_gmt":"2025-12-20T13:06:10","slug":"uutistoimisto-iran-teloitti-miehen-jota-syytettiin-israelille-vakoilusta-uutisia-lyhyesti","status":"publish","type":"post","link":"https:\/\/www.europesays.com\/fi\/121489\/","title":{"rendered":"Uutistoimisto: Iran teloitti miehen, jota syytettiin Israelille vakoilusta | Uutisia lyhyesti"},"content":{"rendered":"<p class=\"aw-1gybjub aw-1p7kakr kEtdKx cEmitX yle__article__paragraph\">Iranissa on lauantaina teloitettu mies, jonka kerrotaan olleen tuomittu vakoilusta Israelille sek\u00e4 omanneen yhteyksi\u00e4 Iranin oppositioryhmiin.<\/p>\n<p class=\"aw-1gybjub aw-1p7kakr kEtdKx cEmitX yle__article__paragraph\">Asiasta kertoo Iranin oikeuslaitoksen Mizan-uutistoimisto.<\/p>\n<p class=\"aw-1gybjub aw-1p7kakr kEtdKx cEmitX yle__article__paragraph\">My\u00f6s Oslossa toimiva Iran Human Rights -j\u00e4rjest\u00f6 kertoo asiasta viestipalvelu X:ss\u00e4. J\u00e4rjest\u00f6n mukaan teloitettu mies oli 27-vuotias arkkitehtiopiskelija <strong class=\"aw-ak79eh KyCXm yle__article__strong\">Aghil Keshavarz<\/strong>, joka tuomittiin kuolemaan Israelille vakoiluun liittyvist\u00e4 syytteist\u00e4 \u201dkidutuksen perusteella saatujen tunnustusten\u201d pohjalta.<\/p>\n<p class=\"aw-1gybjub aw-1p7kakr kEtdKx cEmitX yle__article__paragraph\">Israelille vakoilusta tuomittujen iranilaisten teloitukset ovat lis\u00e4\u00e4ntyneet merkitt\u00e4v\u00e4sti t\u00e4n\u00e4 vuonna. Useita kuolemantuomioita on pantu t\u00e4yt\u00e4nt\u00f6\u00f6n viime kuukausina sen j\u00e4lkeen kun Iranin ja Israelin v\u00e4linen konflikti k\u00e4rjistyi sodaksi kes\u00e4kuussa.<\/p>\n<p class=\"aw-1gybjub aw-1p7kakr kEtdKx cEmitX yle__article__paragraph\">L\u00e4hde: Reuters<\/p>\n","protected":false},"excerpt":{"rendered":"Iranissa on lauantaina teloitettu mies, jonka kerrotaan olleen tuomittu vakoilusta Israelille sek\u00e4 omanneen yhteyksi\u00e4 Iranin oppositioryhmiin. Asiasta kertoo&hellip;\n","protected":false},"author":2,"featured_media":74,"comment_status":"","ping_status":"","sticky":false,"template":"","format":"standard","meta":{"footnotes":""},"categories":[14],"tags":[4372,22,23,26,27,33,31,30,17,3363,3648,993,4258,683,5022,992,24,25,28,29,15,18,21,1726,32,21847,19,20,56,16,6104,59,60,61],"class_list":{"0":"post-121489","1":"post","2":"type-post","3":"status-publish","4":"format-standard","5":"has-post-thumbnail","7":"category-ulkomaat","8":"tag-aasia","9":"tag-breaking-news","10":"tag-breakingnews","11":"tag-featured-news","12":"tag-featurednews","13":"tag-fi","14":"tag-finland","15":"tag-finnish","16":"tag-headlines","17":"tag-ihmisoikeudet","18":"tag-iran","19":"tag-israel","20":"tag-konfliktit","21":"tag-kuolema","22":"tag-kuolemanrangaistus","23":"tag-lahi-ita","24":"tag-latest-news","25":"tag-latestnews","26":"tag-main-news","27":"tag-mainnews","28":"tag-news","29":"tag-otsikot","30":"tag-paauutiset","31":"tag-rangaistukset","32":"tag-suomi","33":"tag-teloitus","34":"tag-top-stories","35":"tag-topstories","36":"tag-ulkomaat","37":"tag-uutiset","38":"tag-vakoilu","39":"tag-world","40":"tag-world-news","41":"tag-worldnews"},"share_on_mastodon":{"url":"https:\/\/pubeurope.com\/@fi\/115752048039643933","error":""},"_links":{"self":[{"href":"https:\/\/www.europesays.com\/fi\/wp-json\/wp\/v2\/posts\/121489","targetHints":{"allow":["GET"]}}],"collection":[{"href":"https:\/\/www.europesays.com\/fi\/wp-json\/wp\/v2\/posts"}],"about":[{"href":"https:\/\/www.europesays.com\/fi\/wp-json\/wp\/v2\/types\/post"}],"author":[{"embeddable":true,"href":"https:\/\/www.europesays.com\/fi\/wp-json\/wp\/v2\/users\/2"}],"replies":[{"embeddable":true,"href":"https:\/\/www.europesays.com\/fi\/wp-json\/wp\/v2\/comments?post=121489"}],"version-history":[{"count":0,"href":"https:\/\/www.europesays.com\/fi\/wp-json\/wp\/v2\/posts\/121489\/revisions"}],"wp:featuredmedia":[{"embeddable":true,"href":"https:\/\/www.europesays.com\/fi\/wp-json\/wp\/v2\/media\/74"}],"wp:attachment":[{"href":"https:\/\/www.europesays.com\/fi\/wp-json\/wp\/v2\/media?parent=121489"}],"wp:term":[{"taxonomy":"category","embeddable":true,"href":"https:\/\/www.europesays.com\/fi\/wp-json\/wp\/v2\/categories?post=121489"},{"taxonomy":"post_tag","embeddable":true,"href":"https:\/\/www.europesays.com\/fi\/wp-json\/wp\/v2\/tags?post=121489"}],"curies":[{"name":"wp","href":"https:\/\/api.w.org\/{rel}","templated":true}]}}