{"id":121490,"date":"2025-12-20T13:07:08","date_gmt":"2025-12-20T13:07:08","guid":{"rendered":"https:\/\/www.europesays.com\/fi\/121490\/"},"modified":"2025-12-20T13:07:08","modified_gmt":"2025-12-20T13:07:08","slug":"omakotitalon-autotalli-sortui-rajahdyksessa-lapinlahdella-aanekas-pamaus-kuului-kauas-ja-vavisutti-ikkunoita-uutisia-lyhyesti","status":"publish","type":"post","link":"https:\/\/www.europesays.com\/fi\/121490\/","title":{"rendered":"Omakotitalon autotalli sortui r\u00e4j\u00e4hdyksess\u00e4 Lapinlahdella \u2013 \u00e4\u00e4nek\u00e4s pamaus kuului kauas ja vavisutti ikkunoita | Uutisia lyhyesti"},"content":{"rendered":"<p class=\"aw-1gybjub aw-5vja16 kEtdKx kmuxyA yle__article__paragraph\">Vaaraa sivullisille ei pelastuslaitoksen mukaan ole.<\/p>\n<p>Tapahtumapaikalla on useita pelastuslaitoksen ja poliisin yksik\u00f6it\u00e4.<\/p>\n<p>13:59\u2022P\u00e4ivitetty 14:52<\/p>\n<p class=\"aw-1gybjub aw-1p7kakr kEtdKx cEmitX yle__article__paragraph\">Pohjois-Savon Lapinlahdella tapahtui r\u00e4j\u00e4hdys omakotitaloalueella lauantaina iltap\u00e4iv\u00e4ll\u00e4.<\/p>\n<p class=\"aw-1gybjub aw-1p7kakr kEtdKx cEmitX yle__article__paragraph\">R\u00e4j\u00e4hdys sattui Ahventiell\u00e4, omakotitalon autotallissa. Autotalli romahti r\u00e4j\u00e4hdyksen seurauksena.<\/p>\n<p><img decoding=\"async\" alt=\"Kartta, johon merkitty Lapinlahti ja Ahvenkuja.\" src=\"https:\/\/www.europesays.com\/fi\/wp-content\/uploads\/2025\/12\/39-15730126946915d3f736.jpeg\" loading=\"lazy\" class=\"aw-1l9m598 hKVVvP\"\/><\/p>\n<p>Avaa kuvien katselu<\/p>\n<p>R\u00e4j\u00e4hdyspaikka sijaitsee Lapinlahdella Ahvenkujalla. Kuva: Laura Merikalla \/ Yle, Mapcreator, OpenStreetMap<\/p>\n<p class=\"aw-1gybjub aw-1p7kakr kEtdKx cEmitX yle__article__paragraph\">Tapauksesta ei aiheutunut henkil\u00f6vahinkoja. Vaaraa sivullisille ei t\u00e4ll\u00e4 hetkell\u00e4 ole.<\/p>\n<p class=\"aw-1gybjub aw-1p7kakr kEtdKx cEmitX yle__article__paragraph\">Paikan p\u00e4\u00e4ll\u00e4 olevan Ylen toimittajan mukaan paikalliset kertovat r\u00e4j\u00e4hdyksen kuuluneen useiden satojen metrien p\u00e4\u00e4h\u00e4n, sis\u00e4tiloihin saakka. Kov\u00e4\u00e4ninen r\u00e4j\u00e4hdys helisytti rakennusten ikkunoita, mutta ei aiheuttanut n\u00e4kyv\u00e4\u00e4 savua.<\/p>\n<p class=\"aw-1gybjub aw-1p7kakr kEtdKx cEmitX yle__article__paragraph\">Pohjois-Savon pelastuslaitos sai h\u00e4lytyksen r\u00e4j\u00e4hdyspaikalle Ahventielle noin puoli kahdelta. Paikalle saapui yksik\u00f6it\u00e4 Iisalmesta, Kuopiosta, Lapinlahdelta ja Varpaisj\u00e4rvelt\u00e4.<\/p>\n<p class=\"aw-1gybjub aw-1p7kakr kEtdKx cEmitX yle__article__paragraph\">Viranomaiset ovat lenn\u00e4tt\u00e4neet alueella droonia osana r\u00e4j\u00e4hdyksen tutkintaa.<\/p>\n<p class=\"aw-1gybjub aw-1p7kakr kEtdKx cEmitX yle__article__paragraph\">Uutinen p\u00e4ivittyy.<\/p>\n","protected":false},"excerpt":{"rendered":"Vaaraa sivullisille ei pelastuslaitoksen mukaan ole. Tapahtumapaikalla on useita pelastuslaitoksen ja poliisin yksik\u00f6it\u00e4. 13:59\u2022P\u00e4ivitetty 14:52 Pohjois-Savon Lapinlahdella tapahtui&hellip;\n","protected":false},"author":2,"featured_media":121491,"comment_status":"","ping_status":"","sticky":false,"template":"","format":"standard","meta":{"footnotes":""},"categories":[12],"tags":[22,23,26,27,33,31,30,17,71,24,25,28,29,15,837,18,21,1136,32,19,20,16],"class_list":{"0":"post-121490","1":"post","2":"type-post","3":"status-publish","4":"format-standard","5":"has-post-thumbnail","7":"category-suomi","8":"tag-breaking-news","9":"tag-breakingnews","10":"tag-featured-news","11":"tag-featurednews","12":"tag-fi","13":"tag-finland","14":"tag-finnish","15":"tag-headlines","16":"tag-kotimaa","17":"tag-latest-news","18":"tag-latestnews","19":"tag-main-news","20":"tag-mainnews","21":"tag-news","22":"tag-onnettomuudet","23":"tag-otsikot","24":"tag-paauutiset","25":"tag-pohjois-savo","26":"tag-suomi","27":"tag-top-stories","28":"tag-topstories","29":"tag-uutiset"},"share_on_mastodon":{"url":"https:\/\/pubeurope.com\/@fi\/115752052302279961","error":""},"_links":{"self":[{"href":"https:\/\/www.europesays.com\/fi\/wp-json\/wp\/v2\/posts\/121490","targetHints":{"allow":["GET"]}}],"collection":[{"href":"https:\/\/www.europesays.com\/fi\/wp-json\/wp\/v2\/posts"}],"about":[{"href":"https:\/\/www.europesays.com\/fi\/wp-json\/wp\/v2\/types\/post"}],"author":[{"embeddable":true,"href":"https:\/\/www.europesays.com\/fi\/wp-json\/wp\/v2\/users\/2"}],"replies":[{"embeddable":true,"href":"https:\/\/www.europesays.com\/fi\/wp-json\/wp\/v2\/comments?post=121490"}],"version-history":[{"count":0,"href":"https:\/\/www.europesays.com\/fi\/wp-json\/wp\/v2\/posts\/121490\/revisions"}],"wp:featuredmedia":[{"embeddable":true,"href":"https:\/\/www.europesays.com\/fi\/wp-json\/wp\/v2\/media\/121491"}],"wp:attachment":[{"href":"https:\/\/www.europesays.com\/fi\/wp-json\/wp\/v2\/media?parent=121490"}],"wp:term":[{"taxonomy":"category","embeddable":true,"href":"https:\/\/www.europesays.com\/fi\/wp-json\/wp\/v2\/categories?post=121490"},{"taxonomy":"post_tag","embeddable":true,"href":"https:\/\/www.europesays.com\/fi\/wp-json\/wp\/v2\/tags?post=121490"}],"curies":[{"name":"wp","href":"https:\/\/api.w.org\/{rel}","templated":true}]}}