{"id":121498,"date":"2025-12-20T13:27:08","date_gmt":"2025-12-20T13:27:08","guid":{"rendered":"https:\/\/www.europesays.com\/fi\/121498\/"},"modified":"2025-12-20T13:27:08","modified_gmt":"2025-12-20T13:27:08","slug":"joulukalenteri-20-24-edelleen-absurdi-akkipysahdys-urheilun-supervuodesta-tuli-vaaralla-tapaa-unohtumaton","status":"publish","type":"post","link":"https:\/\/www.europesays.com\/fi\/121498\/","title":{"rendered":"Joulukalenteri 20\/24: Edelleen absurdi \u00e4kkipys\u00e4hdys \u2013 urheilun supervuodesta tuli v\u00e4\u00e4r\u00e4ll\u00e4 tapaa unohtumaton"},"content":{"rendered":"<p>Vuodesta 2020 piti tulla salolaisen urheilun supervuosi.<\/p>\n<p>Vilpas oli toipunut p\u00e4\u00e4valmentaja <b>Joonas Iisalon<\/b> l\u00e4hd\u00f6st\u00e4 ja <b>Teemu Rannikon<\/b> musertavasta loukkaantumisesta. Joukkue pelasi <b>Ville Tuomisen<\/b> ja yll\u00e4tyshankinta <b>Jeremiah Woodin<\/b> johdolla edelleen monen mielest\u00e4 seurahistorian parasta korista.<\/p>\n<p>11. maaliskuuta Vilpas otti jo kymmenennen per\u00e4kk\u00e4isen voittonsa, kun KTP kaatui 97\u201376. Vilpas oli Korisliigan sarjak\u00e4rki ja kuumin joukkue ennen muutaman viikon p\u00e4\u00e4st\u00e4 alkavia pudotuspelej\u00e4.<\/p>\n<p>LP Viestin kausi oli ollut vaikeampi, mutta joukkue l\u00e4hti silti hyvist\u00e4 asemista puoliv\u00e4lieriin LP-Vampulaa vastaan.<\/p>\n<p>Kes\u00e4kuussa edess\u00e4 olisi kuntaliitoksen j\u00e4lkeisen Salon suurin urheilutapahtuma Power Cup. Maailman suurimpaan juniorilentopalloturnaukseen odotettiin l\u00e4hes tuhatta joukkuetta ja yli 8 000 pelaajaa. Talkoolaisia tarvittaisiin satoja ja ruokalaksi muutettavassa j\u00e4\u00e4hallissa pit\u00e4isi tarjota 65 000 ruoka-annosta!<\/p>\n<p>Lis\u00e4ksi kalenterissa oli tutusti kymmeni\u00e4 pienempi\u00e4 vuosittaisia tapahtumia, monille vuoden kohokohtia.<\/p>\n<p>Eik\u00e4 supervuosi ollut vaan lokaali vaan globaali: kalenterissa kun oli jalkapallon miesten EM-kisat, johon Huuhkajat oli ensimm\u00e4ist\u00e4 kertaa selvinnyt sek\u00e4 kes\u00e4olympialaiset Tokiossa.<\/p>\n<p>Mutta sitten tapahtui jotain, jonka kaikki muistavat kirkkaasti, mutta jota kukaan ei koskaan uskonut tapahtuvaksi.<\/p>\n<p>Koronavirusepidemia laajeni hurjalla vauhdilla maailmanlaajuiseksi pandemiaksi. Viel\u00e4 28. helmikuuta uutisoitiin, ett\u00e4 USA:ssa on todettu ensimm\u00e4inen koronakuolema ja Tallinnan laivaterminaalissa mitattiin matkustajilta kuume.<\/p>\n<p>12 p\u00e4iv\u00e4\u00e4 my\u00f6hemmin kaikki muuttui kerrasta. Hallitus perui kaikki yli 500 hengen yleis\u00f6tilaisuudet, l\u00e4hikontakteja pyrittiin v\u00e4ltt\u00e4m\u00e4\u00e4n ja yht\u00e4kki\u00e4 et\u00e4ty\u00f6t muuttuivat suositelluksi. Samana p\u00e4iv\u00e4n\u00e4 Salossa oli todettu ensimm\u00e4inen koronatartunta.<\/p>\n<p>Vilpas seurasi hallituksen tiedotustilaisuutta Salohallin pukukopissa.<\/p>\n<p>\u2013\u2009Se oli ep\u00e4uskoinen tilanne. Jokainen ymm\u00e4rsi, ettei Korisliiga tule jatkumaan, uransa parasta kautta pelannut Vilppaan <b>Henri Kantonen<\/b> muisteli muutamaa viikkoa my\u00f6hemmin.<\/p>\n<p>Samaan aikaan LP Viesti odotteli tovin l\u00e4ht\u00f6k\u00e4sky\u00e4 Salohallin parkkipaikalla. Joukkueen piti matkustaa Huittisiin ensimm\u00e4iseen pudotuspeliotteluun. Odottelun j\u00e4lkeen bussi starttasi, mutta matka katkesi jo Halikossa, kun Lentopalloliiton kilpailujohtaja <b>Jari Lankinen<\/b> soitti ja kertoi kauden keskeytyksest\u00e4.<\/p>\n<p>Alkoi peruutusten ja siirtojen vy\u00f6ry. Suomi ja koko maailma pys\u00e4htyiv\u00e4t suuren ep\u00e4tietoisuuden ja sit\u00e4 kautta my\u00f6s suuren pelon vallitessa. 28. maaliskuuta Uusimaa suljettiin vajaaksi kolmeksi viikoksi, mik\u00e4 teki tilanteesta entist\u00e4 absurdimman.<\/p>\n<p><a href=\"https:\/\/www.europesays.com\/fi\/wp-content\/uploads\/2025\/12\/11620151.jpg\"><img fetchpriority=\"high\" decoding=\"async\" class=\"size-full wp-image-1015244\" src=\"https:\/\/www.europesays.com\/fi\/wp-content\/uploads\/2025\/12\/11620151.jpg\" alt=\"\" width=\"714\" height=\"1000\"  \/><\/a>Salon Seudun Ampujien Helmi Pietinalho osallistui maaliskuussa 2020 virtuaalikisaan kotonaan. Kuva: SSS-arkisto<\/p>\n<p>Korona l\u00f6i seurat, urheilijat ja koko urheilun polvilleen. Megalajit pystyiv\u00e4t jatkamaan kausiaan pienen tauon j\u00e4lkeen, mutta v\u00e4h\u00e4nkin pienemm\u00e4t lajit olivat pulassa. Mik\u00e4 pahinta: jo ennen koronaa liian v\u00e4h\u00e4n liikkuvista lapsista tuli t\u00e4ysin liikkumattomia.<\/p>\n<p>Vilpas joutui lomauttamaan henkil\u00f6st\u00f6\u00e4\u00e4n, LP Viesti suunnitteli jopa pankkilainan ottamista, jotta seuran tulevaisuus ei vaaraantuisi.<\/p>\n<p>Power Cupia siirrettiin ensin loppukes\u00e4\u00e4n ja sitten ensi vuoteen. EM-kisoja ei pelattu, eik\u00e4 olympiatulta tuotu Tokioon.<\/p>\n<p>Syntyi er\u00e4\u00e4nlainen rinnakkaistodellisuus, jossa jumpattiin Zoomissa, korvattiin oikeat finaalit virtuaalisia konsolifinaaleilla ja ylip\u00e4\u00e4t\u00e4\u00e4n yritettiin t\u00e4ytt\u00e4\u00e4 tyhj\u00e4ksi j\u00e4\u00e4nytt\u00e4 kalenteria ja kassaa mit\u00e4 omituisimmilla tempauksilla.<\/p>\n<p>Tartuntalukuja ja rokotekattavuuksia luettiin kuin raamattua, pieniinkin tartuntapiikkeihin reagoitiin dramaattisesti. Maailmanlopun maalaajien telat olivat koko ajan kosteana.<\/p>\n<p><a href=\"https:\/\/www.europesays.com\/fi\/wp-content\/uploads\/2025\/12\/11620154.jpg\"><img loading=\"lazy\" decoding=\"async\" class=\"size-full wp-image-1015245\" src=\"https:\/\/www.europesays.com\/fi\/wp-content\/uploads\/2025\/12\/11620154.jpg\" alt=\"\" width=\"1000\" height=\"446\"  \/><\/a>Salohalli tyhjeni muiden hallien tavoin 12. maaliskuuta 2020. Kuva: SSS-arkisto\/Marko Mattila<\/p>\n<p>Viisi vuotta my\u00f6hemmin vuosi 2020 tuntuu edelleen absurdilta. Maailmanloppua ei tullut, urheilukin jatkui l\u00e4hes kaksi vuotta jatkuneiden rajoitusten j\u00e4lkeen kuin mit\u00e4\u00e4n ei olisi koskaan tapahtunutkaan.<\/p>\n<p>Vilppaan raiteiltaan suistunut mestaruusjuna p\u00e4\u00e4si vauhtiin, kev\u00e4\u00e4ll\u00e4 2021 seura juhli Suomen mestaruutta. My\u00f6s LP Viesti juhli mestarina, tosin kumpikin tyhjien katsomoiden edess\u00e4. Power Cup j\u00e4rjestettiin kolmen siirron j\u00e4lkeen elokuussa pienemp\u00e4n\u00e4 versiona, mutta ilman ainuttakaan tartuntaa.<\/p>\n<p>Olympiatulikin saatiin Tokioon asti ja Huuhkajat p\u00e4\u00e4si vihdoin EM-nurmelle, tosin kannattajien reissu Pietariin oli yksi uuden tartuntary\u00f6pyn l\u00e4hteist\u00e4.<\/p>\n<p>Luonnollisten turvav\u00e4lien lajit kuten tennis ja golf hy\u00f6tyiv\u00e4t koronasta valtavasti, pienempien turvav\u00e4lien lajit kuten salibandy k\u00e4rsiv\u00e4t eniten. Yksik\u00e4\u00e4n laji ei kuitenkaan en\u00e4\u00e4 kehtaa syytt\u00e4\u00e4 ongelmistaan koronaa.<\/p>\n<p>Maailmanlopun maalaajien tela kuitenkin kostui taas kev\u00e4\u00e4ll\u00e4 2022 \u2013 t\u00e4ll\u00e4 kertaa huomattavasti perinteisemm\u00e4st\u00e4 syyst\u00e4.<\/p>\n<p>Salon parhaat urheilijat 2020<\/p>\n<p>1) Wilma Murto, yleisurheilu, Salon Vilpas<br \/>2) Mikko Koivisto, koripallo, Salon Vilpas<br \/>3) Anna Czakan, lentopallo, LP Viesti<br \/>4) Mikko Sir\u00e9n, suunnistus, Angelniemen Ankkuri<br \/>5) Aatu Kivim\u00e4ki, koripallo, Salon Vilpas<br \/>6) Nea Haatainen, lentopallo, LP Viesti<br \/>7) Sara-Elise Ruokonen, yleisurheilu, Kuusjoen Humu<br \/>8) Mikke Louhela, jalkapallo, Salon Palloilijat<br \/>9) Ella M\u00e4ki-Tanila, golf, Salo Golf<br \/>10) Suvi-Maaria Heinonen, voimanosto, Salon Voimailijat<\/p>\n<p>Joulukalenterissa k\u00e4yd\u00e4\u00e4n joka p\u00e4iv\u00e4 l\u00e4pi yksi 2000-luvun urheiluvuosi salolaisesta n\u00e4k\u00f6kulmasta.<\/p>\n","protected":false},"excerpt":{"rendered":"Vuodesta 2020 piti tulla salolaisen urheilun supervuosi. Vilpas oli toipunut p\u00e4\u00e4valmentaja Joonas Iisalon l\u00e4hd\u00f6st\u00e4 ja Teemu Rannikon musertavasta&hellip;\n","protected":false},"author":2,"featured_media":121499,"comment_status":"","ping_status":"","sticky":false,"template":"","format":"standard","meta":{"footnotes":""},"categories":[158],"tags":[33,31,30,14945,17739,21848,159,32,160,14820],"class_list":{"0":"post-121498","1":"post","2":"type-post","3":"status-publish","4":"format-standard","5":"has-post-thumbnail","7":"category-urheilu","8":"tag-fi","9":"tag-finland","10":"tag-finnish","11":"tag-joulukalenteri","12":"tag-korona","13":"tag-lp-viesti","14":"tag-sports","15":"tag-suomi","16":"tag-urheilu","17":"tag-vilpas"},"share_on_mastodon":{"url":"https:\/\/pubeurope.com\/@fi\/115752130695283250","error":""},"_links":{"self":[{"href":"https:\/\/www.europesays.com\/fi\/wp-json\/wp\/v2\/posts\/121498","targetHints":{"allow":["GET"]}}],"collection":[{"href":"https:\/\/www.europesays.com\/fi\/wp-json\/wp\/v2\/posts"}],"about":[{"href":"https:\/\/www.europesays.com\/fi\/wp-json\/wp\/v2\/types\/post"}],"author":[{"embeddable":true,"href":"https:\/\/www.europesays.com\/fi\/wp-json\/wp\/v2\/users\/2"}],"replies":[{"embeddable":true,"href":"https:\/\/www.europesays.com\/fi\/wp-json\/wp\/v2\/comments?post=121498"}],"version-history":[{"count":0,"href":"https:\/\/www.europesays.com\/fi\/wp-json\/wp\/v2\/posts\/121498\/revisions"}],"wp:featuredmedia":[{"embeddable":true,"href":"https:\/\/www.europesays.com\/fi\/wp-json\/wp\/v2\/media\/121499"}],"wp:attachment":[{"href":"https:\/\/www.europesays.com\/fi\/wp-json\/wp\/v2\/media?parent=121498"}],"wp:term":[{"taxonomy":"category","embeddable":true,"href":"https:\/\/www.europesays.com\/fi\/wp-json\/wp\/v2\/categories?post=121498"},{"taxonomy":"post_tag","embeddable":true,"href":"https:\/\/www.europesays.com\/fi\/wp-json\/wp\/v2\/tags?post=121498"}],"curies":[{"name":"wp","href":"https:\/\/api.w.org\/{rel}","templated":true}]}}