{"id":121507,"date":"2025-12-20T13:34:08","date_gmt":"2025-12-20T13:34:08","guid":{"rendered":"https:\/\/www.europesays.com\/fi\/121507\/"},"modified":"2025-12-20T13:34:08","modified_gmt":"2025-12-20T13:34:08","slug":"yhdysvaltalaiset-poliitikot-raivoissaan-kun-suurta-osaa-epstein-tiedoista-ei-julkaistu-yle","status":"publish","type":"post","link":"https:\/\/www.europesays.com\/fi\/121507\/","title":{"rendered":"Yhdysvaltalaiset poliitikot raivoissaan, kun suurta osaa Epstein-tiedoista ei julkaistu &#8211; Yle"},"content":{"rendered":"<ol>\n<li><a href=\"https:\/\/news.google.com\/rss\/articles\/CBMiQkFVX3lxTE1MTnhMRWQ0dHRMeTFDMmV5S1Q2aGJ3UmRtSjRUaUlfeXdNX1FLVV85a2dkeVNIZUFjdEhhZnFCTkxlZw?oc=5\" target=\"_blank\" rel=\"nofollow noopener\">Yhdysvaltalaiset poliitikot raivoissaan, kun suurta osaa Epstein-tiedoista ei julkaistu<\/a>&nbsp;&nbsp;Yle<\/li>\n<li><a href=\"https:\/\/news.google.com\/rss\/articles\/CBMiXEFVX3lxTFBJcHEwTU5OZFdxOHduMjdpcWJSY2xCX1N3VThibDQ4alB6ZHFnUXhrM2QxWkU2NUxxbXRfR2R6ZWs3OHE2Y2YxN3pCbDRLVWlrb3VmaGhRdEdhblYx?oc=5\" target=\"_blank\" rel=\"nofollow noopener\">Epstein-asiakirjojen pahis vaihtelee julkaisijan mukaan \u2013 t\u00e4st\u00e4 vyyhdiss\u00e4 on kyse<\/a>&nbsp;&nbsp;HS.fi<\/li>\n<li><a href=\"https:\/\/news.google.com\/rss\/articles\/CBMiXkFVX3lxTE00NlZ3dWQ5X1VlXzVZMWxqeUFwSERRU1k5bWRFTjNTSHQ5STJieHV0bUF1VFRkZFhaZE5XTXgxWVJVc01MOGIySG1MOFZ1bWJzTEFMTVQ4YkF6TWplV2c?oc=5\" target=\"_blank\" rel=\"nofollow noopener\">Bill Clintonin tiedottajalta kova syyt\u00f6s Trumpin hallinnolle<\/a>&nbsp;&nbsp;Ilta-Sanomat<\/li>\n<li><a href=\"https:\/\/news.google.com\/rss\/articles\/CBMifEFVX3lxTE5EVzR3LVAwQ3hHSVYyTjlmUHgxUXNNRWp0dHBMX2l0WDgzbTJ4c1EtVUhiN1Zlb0N2aS1TUkswQkwzekRYZldJVm90OTV5Rl85N0VFdkxMMjNJNVJJZ0F1Z01KQ0NJc2tad0FuYUdOM2JoQ0NEWW5JcWk5LWk?oc=5\" target=\"_blank\" rel=\"nofollow noopener\">Epstein-asiakirjoissa useita tunnettuja henkil\u00f6it\u00e4 \u2013 Katso uudet kuvat<\/a>&nbsp;&nbsp;Iltalehti<\/li>\n<li><a href=\"https:\/\/news.google.com\/rss\/articles\/CBMiVkFVX3lxTE5pbjg4NkhjZTNqcE0xS2VsZ3JHaDJJNVFQalBmOUVFSXRISGJKaWtpYkdOZTcxX1ZYSGpXRGcyd2xrZ2lpeG1TWkR6eXpkNUpTUnhubmpR?oc=5\" target=\"_blank\" rel=\"nofollow noopener\">Y\u00f6n uutiskooste | USA:n oikeusministeri\u00f6 julkaisi osan Epstein-materiaalista, Ven\u00e4j\u00e4n ja USA:n edustajat neuvottelevat Ukrainasta<\/a>&nbsp;&nbsp;Etel\u00e4-Suomen Sanomat<\/li>\n<\/ol>\n","protected":false},"excerpt":{"rendered":"Yhdysvaltalaiset poliitikot raivoissaan, kun suurta osaa Epstein-tiedoista ei julkaistu&nbsp;&nbsp;Yle Epstein-asiakirjojen pahis vaihtelee julkaisijan mukaan \u2013 t\u00e4st\u00e4 vyyhdiss\u00e4 on&hellip;\n","protected":false},"author":2,"featured_media":121508,"comment_status":"","ping_status":"","sticky":false,"template":"","format":"standard","meta":{"footnotes":""},"categories":[5],"tags":[11180,22,23,26,27,33,31,30,17,24,25,28,29,15,1915,2750,18,21,32,19,20,56,16,619,17176,751],"class_list":{"0":"post-121507","1":"post","2":"type-post","3":"status-publish","4":"format-standard","5":"has-post-thumbnail","7":"category-otsikot","8":"tag-asiakirjat","9":"tag-breaking-news","10":"tag-breakingnews","11":"tag-featured-news","12":"tag-featurednews","13":"tag-fi","14":"tag-finland","15":"tag-finnish","16":"tag-headlines","17":"tag-latest-news","18":"tag-latestnews","19":"tag-main-news","20":"tag-mainnews","21":"tag-news","22":"tag-oikeus","23":"tag-oikeusministerio","24":"tag-otsikot","25":"tag-paauutiset","26":"tag-suomi","27":"tag-top-stories","28":"tag-topstories","29":"tag-ulkomaat","30":"tag-uutiset","31":"tag-yhdysvallat","32":"tag-yhdysvaltain-demokraattinen-puolue","33":"tag-yhdysvaltalaiset-poliitikot"},"share_on_mastodon":{"url":"https:\/\/pubeurope.com\/@fi\/115752158021100725","error":""},"_links":{"self":[{"href":"https:\/\/www.europesays.com\/fi\/wp-json\/wp\/v2\/posts\/121507","targetHints":{"allow":["GET"]}}],"collection":[{"href":"https:\/\/www.europesays.com\/fi\/wp-json\/wp\/v2\/posts"}],"about":[{"href":"https:\/\/www.europesays.com\/fi\/wp-json\/wp\/v2\/types\/post"}],"author":[{"embeddable":true,"href":"https:\/\/www.europesays.com\/fi\/wp-json\/wp\/v2\/users\/2"}],"replies":[{"embeddable":true,"href":"https:\/\/www.europesays.com\/fi\/wp-json\/wp\/v2\/comments?post=121507"}],"version-history":[{"count":0,"href":"https:\/\/www.europesays.com\/fi\/wp-json\/wp\/v2\/posts\/121507\/revisions"}],"wp:featuredmedia":[{"embeddable":true,"href":"https:\/\/www.europesays.com\/fi\/wp-json\/wp\/v2\/media\/121508"}],"wp:attachment":[{"href":"https:\/\/www.europesays.com\/fi\/wp-json\/wp\/v2\/media?parent=121507"}],"wp:term":[{"taxonomy":"category","embeddable":true,"href":"https:\/\/www.europesays.com\/fi\/wp-json\/wp\/v2\/categories?post=121507"},{"taxonomy":"post_tag","embeddable":true,"href":"https:\/\/www.europesays.com\/fi\/wp-json\/wp\/v2\/tags?post=121507"}],"curies":[{"name":"wp","href":"https:\/\/api.w.org\/{rel}","templated":true}]}}