{"id":121517,"date":"2025-12-20T13:58:09","date_gmt":"2025-12-20T13:58:09","guid":{"rendered":"https:\/\/www.europesays.com\/fi\/121517\/"},"modified":"2025-12-20T13:58:09","modified_gmt":"2025-12-20T13:58:09","slug":"ukrainan-tiedustelujohtaja-varoittaa-venajan-suunnittelevan-baltian-miehitysta-jo-vuonna-2027-uutissuomalainen","status":"publish","type":"post","link":"https:\/\/www.europesays.com\/fi\/121517\/","title":{"rendered":"Ukrainan tiedustelujohtaja varoittaa Ven\u00e4j\u00e4n suunnittelevan Baltian miehityst\u00e4 jo vuonna 2027 | Uutissuomalainen"},"content":{"rendered":"<p>Ukrainan sotilastiedustelun johtaja <strong>Kyrylo Budanov<\/strong> varoittaa Ven\u00e4j\u00e4n suunnittelevan sotaa Euroopan kanssa jo l\u00e4hivuosina, <a href=\"https:\/\/www.pravda.com.ua\/news\/2025\/12\/20\/8012745\/\" rel=\"nofollow noopener\" target=\"_blank\">Ukrainska Pravda -lehti<\/a> kertoo.<\/p>\n<p>Ukrainalaisen <a href=\"https:\/\/lb.ua\/news\/2025\/12\/19\/712725_kirilo_budanov_mi_sami.html\" rel=\"nofollow noopener\" target=\"_blank\">Livyi bereh -lehden<\/a> perjantaina j\u00e4rjest\u00e4m\u00e4ss\u00e4 keskustelutilaisuudessa puhunut Budanov totesi Ven\u00e4j\u00e4n haluavan miehitt\u00e4\u00e4 Baltian maat jo vuoden 2027 aikana.<\/p>\n<p>My\u00f6s Yhdysvaltain sotilastiedustelu arvioi uutistoimisto <a href=\"https:\/\/www.reuters.com\/world\/europe\/us-intelligence-indicates-putins-war-aims-ukraine-are-unchanged-2025-12-19\/\" rel=\"nofollow noopener\" target=\"_blank\">Reutersin<\/a> mukaan, ett\u00e4 Ven\u00e4j\u00e4n presidentti <strong>Vladimir Putin<\/strong> haluaa miehitt\u00e4\u00e4 koko Ukrainan ja Baltian maihin kuuluvat Viron, Latvian ja Liettuan.<\/p>\n<p>\u2013 P\u00e4\u00e4suunnitelman mukaan Ven\u00e4j\u00e4n federaation piti olla valmis aloittamaan operaatiot vuonna 2030. Nyt suunnitelmia on mukautettu ja tarkistettu siten, ett\u00e4 m\u00e4\u00e4r\u00e4ajat on lyhennetty vuoteen 2027, Budanov sanoi.<\/p>\n<p>\u2013 Jotta imperiumi \u2013 ja he n\u00e4kev\u00e4t itsens\u00e4 imperiumina \u2013\u2009voi kehitty\u00e4, on sen aina liikuttava johonkin vaikutusvaltansa ja alueidensa laajentamiseksi. T\u00e4m\u00e4 on vastaus moniin kysymyksiin, Budanov lis\u00e4si.<\/p>\n<p>Tiedustelujohtajan mukaan Ven\u00e4j\u00e4 joutuisi kohtaamaan Yhdysvallat, mik\u00e4li se yritt\u00e4isi laajentua pohjoisessa J\u00e4\u00e4merelle tai id\u00e4ss\u00e4 Tyynellemerelle. Etel\u00e4\u00e4n laajentuessaan Ven\u00e4j\u00e4 kohtaisi vuorostaan Kiinan.<\/p>\n<p>\u2013 J\u00e4ljelle j\u00e4\u00e4 vain l\u00e4nsi, joka heid\u00e4n ymm\u00e4rryksens\u00e4 mukaan on &#8221;ahmatti&#8221;, &#8221;sairas&#8221;, &#8221;heikko&#8221; ja kykenem\u00e4t\u00f6n p\u00e4\u00e4t\u00f6ksiin, Budanov totesi.<\/p>\n<p>Ukrainan tiedossa olevien suunnitelmien mukaan Ven\u00e4j\u00e4 harkitsee my\u00f6s operaatioissaan sotilaallisia iskuja Puolaan, mutta ei suunnittele Puolan miehitt\u00e4mist\u00e4.<\/p>\n","protected":false},"excerpt":{"rendered":"Ukrainan sotilastiedustelun johtaja Kyrylo Budanov varoittaa Ven\u00e4j\u00e4n suunnittelevan sotaa Euroopan kanssa jo l\u00e4hivuosina, Ukrainska Pravda -lehti kertoo. Ukrainalaisen&hellip;\n","protected":false},"author":2,"featured_media":121518,"comment_status":"","ping_status":"","sticky":false,"template":"","format":"standard","meta":{"footnotes":""},"categories":[14],"tags":[22,23,2267,26,27,33,31,30,17,24,25,28,29,15,18,21,637,144,32,19,20,21377,56,16,1262,4029,2257,59,60,61],"class_list":{"0":"post-121517","1":"post","2":"type-post","3":"status-publish","4":"format-standard","5":"has-post-thumbnail","7":"category-ulkomaat","8":"tag-breaking-news","9":"tag-breakingnews","10":"tag-eurooppa","11":"tag-featured-news","12":"tag-featurednews","13":"tag-fi","14":"tag-finland","15":"tag-finnish","16":"tag-headlines","17":"tag-latest-news","18":"tag-latestnews","19":"tag-main-news","20":"tag-mainnews","21":"tag-news","22":"tag-otsikot","23":"tag-paauutiset","24":"tag-politiikka","25":"tag-presidentti","26":"tag-suomi","27":"tag-top-stories","28":"tag-topstories","29":"tag-ukrainan-kriisi","30":"tag-ulkomaat","31":"tag-uutiset","32":"tag-venajan-politiikka","33":"tag-viro","34":"tag-vladimir-putin","35":"tag-world","36":"tag-world-news","37":"tag-worldnews"},"share_on_mastodon":{"url":"https:\/\/pubeurope.com\/@fi\/115752252772571835","error":""},"_links":{"self":[{"href":"https:\/\/www.europesays.com\/fi\/wp-json\/wp\/v2\/posts\/121517","targetHints":{"allow":["GET"]}}],"collection":[{"href":"https:\/\/www.europesays.com\/fi\/wp-json\/wp\/v2\/posts"}],"about":[{"href":"https:\/\/www.europesays.com\/fi\/wp-json\/wp\/v2\/types\/post"}],"author":[{"embeddable":true,"href":"https:\/\/www.europesays.com\/fi\/wp-json\/wp\/v2\/users\/2"}],"replies":[{"embeddable":true,"href":"https:\/\/www.europesays.com\/fi\/wp-json\/wp\/v2\/comments?post=121517"}],"version-history":[{"count":0,"href":"https:\/\/www.europesays.com\/fi\/wp-json\/wp\/v2\/posts\/121517\/revisions"}],"wp:featuredmedia":[{"embeddable":true,"href":"https:\/\/www.europesays.com\/fi\/wp-json\/wp\/v2\/media\/121518"}],"wp:attachment":[{"href":"https:\/\/www.europesays.com\/fi\/wp-json\/wp\/v2\/media?parent=121517"}],"wp:term":[{"taxonomy":"category","embeddable":true,"href":"https:\/\/www.europesays.com\/fi\/wp-json\/wp\/v2\/categories?post=121517"},{"taxonomy":"post_tag","embeddable":true,"href":"https:\/\/www.europesays.com\/fi\/wp-json\/wp\/v2\/tags?post=121517"}],"curies":[{"name":"wp","href":"https:\/\/api.w.org\/{rel}","templated":true}]}}