{"id":121525,"date":"2025-12-20T14:17:18","date_gmt":"2025-12-20T14:17:18","guid":{"rendered":"https:\/\/www.europesays.com\/fi\/121525\/"},"modified":"2025-12-20T14:17:18","modified_gmt":"2025-12-20T14:17:18","slug":"the-kardashians-kourtney-kardashian-ei-ole-kayttanyt-neljaan-vuoteen-botoxia","status":"publish","type":"post","link":"https:\/\/www.europesays.com\/fi\/121525\/","title":{"rendered":"The Kardashians: Kourtney Kardashian ei ole k\u00e4ytt\u00e4nyt nelj\u00e4\u00e4n vuoteen botoxia"},"content":{"rendered":"<p>Kourtney Kardashian haluaa pit\u00e4\u00e4 henkisest\u00e4 tasapainostaan huolta.<\/p>\n<p class=\"article-body mb-nof-24 px-nof-16\">Televisiosta tutun Kardashianin sisarusparven vanhin <a class=\"article-personlink\" href=\"https:\/\/www.is.fi\/haku\/?query=Kourtney%20Kardashian\" rel=\"nofollow noopener\" target=\"_blank\">Kourtney Kardashian<\/a>, 46, kertoo The Kardashians -sarjassa, ettei h\u00e4n ole k\u00e4ytt\u00e4nyt botoxia nelj\u00e4\u00e4n vuoteen.<\/p>\n<p class=\"article-body mb-nof-24 px-nof-16\"><a class=\"article-genericlink\" href=\"https:\/\/www.thecut.com\/\" rel=\"nofollow noopener\" target=\"_blank\">The Cut<\/a> -julkaisu kertoo sarjan jaksosta, jossa Kourtney Kardashian sanoo, ett\u00e4 h\u00e4n ei ota botoxia, koska haluaa pit\u00e4\u00e4 \u201dkolmannen silm\u00e4ns\u00e4 auki\u201d.<\/p>\n<p class=\"article-body mb-nof-24 px-nof-16\">Kourtney Kardashianin perustamalla Poosh-sivustolla kolmannen silm\u00e4n kerrotaan viittavan kohtaan kulmakarvojen v\u00e4liss\u00e4. Se liittyy \u201dhenkiseen tasapainoon, yleiseen tasapainoon ja hetken hyv\u00e4ksymiseen\u201d. Kolmas silm\u00e4 eli otsachakra on termi, jota k\u00e4ytet\u00e4\u00e4n joogassa ja it\u00e4maisissa perinteiss\u00e4.<\/p>\n<p class=\"article-body mb-nof-24 px-nof-16\">Kourtney Kardashianin mukaan botoxista luopuminen on parantanut h\u00e4nen \u201dintuitiotaan\u201d. H\u00e4nen mukaansa botox sumentaisi h\u00e4nen henkist\u00e4 tietoisuuttaan.<\/p>\n<p class=\"article-body mb-nof-24 px-nof-16\">\u2013\u2009En en\u00e4\u00e4 koskaan k\u00e4yt\u00e4 sit\u00e4, h\u00e4n ilmoittaa ohjelmassa.<\/p>\n<p class=\"article-body mb-nof-24 px-nof-16\">Kourtney Kardashianin sisko <a class=\"article-personlink\" href=\"https:\/\/www.is.fi\/haku\/?query=Kim%20Kardashian\" rel=\"nofollow noopener\" target=\"_blank\">Kim Kardashian<\/a>, 45, puolestaan toteaa sarjassa ottaneensa botoxia pari p\u00e4iv\u00e4\u00e4 aiemmin.<\/p>\n<p class=\"article-body mb-nof-24 px-nof-16\"><a class=\"article-genericlink\" href=\"https:\/\/www.duodecimlehti.fi\/duo11780\" rel=\"nofollow noopener\" target=\"_blank\">Duodecimin<\/a> mukaan botulinumtoksiini eli botuliini on tehokkain tunnettu luonnollinen myrkky. Sit\u00e4 eritt\u00e4\u00e4 maaper\u00e4ss\u00e4 ja vesist\u00f6iss\u00e4 esiintyv\u00e4 Clostridium botulinum -bakteeri. Botox on botuliinin kauppanimi. Sill\u00e4 voidaan lamata kasvojen lihaksia, mik\u00e4 silottaa juonteita tai esimerkiksi kohottaa kulmakarvoja ja nostaa raskaita luomia.<\/p>\n<p class=\"article-body mb-nof-24 px-nof-16\">Kourtney Kardashian on jakanut somessa omia terveysvinkkej\u00e4\u00e4n. Yksi erikoisimmista hetkist\u00e4 koettiin huhtikuussa 2024.<\/p>\n<p class=\"article-body mb-nof-24 px-nof-16\"><a class=\"article-genericlink\" href=\"https:\/\/people.com\/kourtney-kardashian-reveals-she-drinks-her-own-breast-milk-8630268\" rel=\"nofollow noopener\" target=\"_blank\">People-lehti<\/a> kertoi tuolloin, ett\u00e4 Kourtney Kardashian julkaisi aiemmin samassa kuussa Instagram-tarinoissaan kuvan, jossa h\u00e4n paljasti erikoisen kikkansa flunssaa vastaan.<\/p>\n<p class=\"article-body mb-nof-24 px-nof-16\">\u2013 Join juuri lasin rintamaitoa, koska tunnen oloni kipe\u00e4ksi. Hyv\u00e4\u00e4 y\u00f6t\u00e4, Kardashian kirjoitti niist\u00e4v\u00e4n emojin kera.<\/p>\n<p class=\"article-body mb-nof-24 px-nof-16\">H\u00e4n ei selitt\u00e4nyt asiaa sen enemp\u00e4\u00e4.<\/p>\n<p><img decoding=\"async\" src=\"https:\/\/www.europesays.com\/fi\/wp-content\/uploads\/2025\/12\/1766240238_285_468.jpg\" alt=\"Kourtney Kardashian vuoden 2019 kuvassa.\" class=\"_Img_1rerz_1\" style=\"aspect-ratio:0.590625\" loading=\"eager\"\/><\/p>\n<p class=\"article-picture-caption\">Kourtney Kardashian vuoden 2019 kuvassa. Kuva:\u00a0Shannon Stapleton \/ Reuters<\/p>\n<p class=\"article-body mb-nof-24 px-nof-16\">Kourtney Kardashianilla on nelj\u00e4 lasta, joista nuorin, <a class=\"article-personlink\" href=\"https:\/\/www.is.fi\/haku\/?query=Rocky%20Thirteen\" rel=\"nofollow noopener\" target=\"_blank\">Rocky Thirteen<\/a>, syntyi vuonna 2023. Kuopuksen is\u00e4 on Kardashianin aviomies<a class=\"article-personlink\" href=\"https:\/\/www.is.fi\/haku\/?query=%20Travis%20Barker\" rel=\"nofollow noopener\" target=\"_blank\"> Travis Barker<\/a>. Pienokaisen lis\u00e4ksi Kardashianilla on kolme lasta ex-puolisonsa <a class=\"article-personlink\" href=\"https:\/\/www.is.fi\/haku\/?query=Scott%20Disickin\" rel=\"nofollow noopener\" target=\"_blank\">Scott Disickin <\/a>kanssa. Barkerilla on kaksi lasta ex-vaimonsa <a class=\"article-personlink\" href=\"https:\/\/www.is.fi\/haku\/?query=Shanna%20Moaklerin\" rel=\"nofollow noopener\" target=\"_blank\">Shanna Moaklerin<\/a> kanssa.<\/p>\n<p class=\"article-body nof-ui-body-medium mb-nof-24 px-nof-16\">The Kardashians Disneyplus<\/p>\n","protected":false},"excerpt":{"rendered":"Kourtney Kardashian haluaa pit\u00e4\u00e4 henkisest\u00e4 tasapainostaan huolta. Televisiosta tutun Kardashianin sisarusparven vanhin Kourtney Kardashian, 46, kertoo The Kardashians&hellip;\n","protected":false},"author":2,"featured_media":121526,"comment_status":"","ping_status":"","sticky":false,"template":"","format":"standard","meta":{"footnotes":""},"categories":[133],"tags":[137,33,31,30,34,32,206,156,109],"class_list":{"0":"post-121525","1":"post","2":"type-post","3":"status-publish","4":"format-standard","5":"has-post-thumbnail","7":"category-televisiot","8":"tag-entertainment","9":"tag-fi","10":"tag-finland","11":"tag-finnish","12":"tag-ilta-sanomat","13":"tag-suomi","14":"tag-televisiot","15":"tag-tv","16":"tag-viihde"},"share_on_mastodon":{"url":"https:\/\/pubeurope.com\/@fi\/115752327479723048","error":""},"_links":{"self":[{"href":"https:\/\/www.europesays.com\/fi\/wp-json\/wp\/v2\/posts\/121525","targetHints":{"allow":["GET"]}}],"collection":[{"href":"https:\/\/www.europesays.com\/fi\/wp-json\/wp\/v2\/posts"}],"about":[{"href":"https:\/\/www.europesays.com\/fi\/wp-json\/wp\/v2\/types\/post"}],"author":[{"embeddable":true,"href":"https:\/\/www.europesays.com\/fi\/wp-json\/wp\/v2\/users\/2"}],"replies":[{"embeddable":true,"href":"https:\/\/www.europesays.com\/fi\/wp-json\/wp\/v2\/comments?post=121525"}],"version-history":[{"count":0,"href":"https:\/\/www.europesays.com\/fi\/wp-json\/wp\/v2\/posts\/121525\/revisions"}],"wp:featuredmedia":[{"embeddable":true,"href":"https:\/\/www.europesays.com\/fi\/wp-json\/wp\/v2\/media\/121526"}],"wp:attachment":[{"href":"https:\/\/www.europesays.com\/fi\/wp-json\/wp\/v2\/media?parent=121525"}],"wp:term":[{"taxonomy":"category","embeddable":true,"href":"https:\/\/www.europesays.com\/fi\/wp-json\/wp\/v2\/categories?post=121525"},{"taxonomy":"post_tag","embeddable":true,"href":"https:\/\/www.europesays.com\/fi\/wp-json\/wp\/v2\/tags?post=121525"}],"curies":[{"name":"wp","href":"https:\/\/api.w.org\/{rel}","templated":true}]}}