{"id":121527,"date":"2025-12-20T14:19:11","date_gmt":"2025-12-20T14:19:11","guid":{"rendered":"https:\/\/www.europesays.com\/fi\/121527\/"},"modified":"2025-12-20T14:19:11","modified_gmt":"2025-12-20T14:19:11","slug":"viitataanko-uudessa-avatar-elokuvassa-terminatorin-skynettiin-ohjaaja-selitti-miten-homma-menee","status":"publish","type":"post","link":"https:\/\/www.europesays.com\/fi\/121527\/","title":{"rendered":"Viitataanko uudessa Avatar-elokuvassa Terminatorin Skynettiin? \u2013 Ohjaaja selitti miten homma menee"},"content":{"rendered":"<p>Ohjaaja <strong>James Cameron <\/strong>on viime viikkoina aktivoitunut kommentoimaan yht\u00e4 jos toistakin Avatar: Fire and Ash -elokuvaan liityv\u00e4\u00e4.<\/p>\n<p>Eik\u00e4 ihme, sill\u00e4 elokuva sai ensi-iltansa pari p\u00e4iv\u00e4\u00e4 sitten. Hypen luonti ei ole pahitteeksi.<\/p>\n<p>Lue my\u00f6s: <a href=\"https:\/\/www.episodi.fi\/uutiset\/avatar-ohjaaja-james-cameron-arahti-reddit-viestiketjussa-vaitetaan-ohjaajan-haaskanneen-elamansa\/\" title=\"Avatar-ohjaaja James Cameron \u00e4r\u00e4hti \u2013 Reddit-viestiketjussa v\u00e4itet\u00e4\u00e4n ohjaajan haaskanneen el\u00e4m\u00e4ns\u00e4\" class=\"underline-custom !font-montserrat !font-bold !underline-offset-4 !decoration-4 !decoration-episodi-blue !text-md\" rel=\"nofollow noopener\" target=\"_blank\">Avatar-ohjaaja James Cameron \u00e4r\u00e4hti \u2013 Reddit-viestiketjussa v\u00e4itet\u00e4\u00e4n ohjaajan haaskanneen el\u00e4m\u00e4ns\u00e4<\/a><\/p>\n<p>Lue my\u00f6s: <a href=\"https:\/\/www.episodi.fi\/uutiset\/avatar-fire-and-ashin-lippukassaennuste-on-taalla-pudotusta-on-ilmeisesti-luvassa\/\" title=\"Avatar: Fire and Ashin lippukassaennuste on t\u00e4\u00e4ll\u00e4 \u2013 pudotusta on ilmeisesti luvassa\" class=\"underline-custom !font-montserrat !font-bold !underline-offset-4 !decoration-4 !decoration-episodi-blue !text-md\" rel=\"nofollow noopener\" target=\"_blank\">Avatar: Fire and Ashin lippukassaennuste on t\u00e4\u00e4ll\u00e4 \u2013 pudotusta on ilmeisesti luvassa<\/a><\/p>\n<p>Lue my\u00f6s: <a href=\"https:\/\/www.episodi.fi\/uutiset\/avatar-fire-and-ash-on-kyykkaamassa-yhdysvalloissa-muu-maailma-rientaa-kuitenkin-hatiin\/\" title=\"Avatar: Fire and Ash on kyykk\u00e4\u00e4m\u00e4ss\u00e4 Yhdysvalloissa \u2013 muu maailma rient\u00e4\u00e4 kuitenkin h\u00e4tiin\" class=\"underline-custom !font-montserrat !font-bold !underline-offset-4 !decoration-4 !decoration-episodi-blue !text-md\" rel=\"nofollow noopener\" target=\"_blank\">Avatar: Fire and Ash on kyykk\u00e4\u00e4m\u00e4ss\u00e4 Yhdysvalloissa \u2013 muu maailma rient\u00e4\u00e4 kuitenkin h\u00e4tiin<\/a><\/p>\n<p>Er\u00e4s fani kysyi, onko Avatar-universumin Eywa jonkinlainen \u201dhyv\u00e4ntahtoinen\u201d vastine Terminator-elokuvien pahalle teko\u00e4lylle Skynetille?<\/p>\n<p>\u201cMielest\u00e4ni Skynet-vertaus on osittain totta. Vaikkakin Skynet luotiin ihmisten toimesta sotia varten ja Eywa kehittyi luonnollisesti\u201d.<\/p>\n<p>\u201dEywa on pohjimmiltaan verkko mets\u00e4n sienirihmastossa. Jokainen puu on k\u00e4yt\u00e4nn\u00f6ss\u00e4 neuroni. Toiset hoitavat sis\u00e4\u00e4meno- ja toiset ulostuloteht\u00e4vi\u00e4 (\u201dinput\/output\u201d)\u201d.<\/p>\n<p>\u201dJotkut ovat pelkk\u00e4\u00e4 varastointia, jotkut taas prosessointia. Sienirihmasto on er\u00e4\u00e4nlainen verkko. Itse kutsun sit\u00e4 nimell\u00e4 \u2019Eywa-net\u2019. Se on globaali supertietokone. Ei teko\u00e4ly, mutta toiminnoiltaan monella tapaa tietokoneverkkoa vastaava\u201d, Cameron selosti.<\/p>\n<p>Avatar: Fire and Ash saapui teattereihin 17.12.2025.<\/p>\n<p>L\u00e4hde: <a href=\"https:\/\/www.slashfilm.com\/2055053\/james-cameron-theory-avatar-eywa-benevolent-skynet\/\" rel=\"nofollow noopener\" target=\"_blank\">Slashfilm<\/a><\/p>\n<p>Lue my\u00f6s: <a href=\"https:\/\/www.episodi.fi\/uutiskirje\/?uutiskirjemainos=tekstilinkkimainos\" title=\"Tilaa Episodin uutiskirje ja voit voittaa leffalippuja! Nappaa tv-vinkit suoraan s\u00e4hk\u00f6postiin t\u00e4st\u00e4.\" class=\"underline-custom !font-montserrat !font-bold !underline-offset-4 !decoration-4 !decoration-episodi-blue !text-md\" rel=\"nofollow noopener\" target=\"_blank\">Tilaa Episodin uutiskirje ja voit voittaa leffalippuja! Nappaa katseluvinkit suoraan s\u00e4hk\u00f6postiin t\u00e4st\u00e4.<\/a><\/p>\n<p>\t\t\t<a href=\"https:\/\/www.facebook.com\/sharer\/sharer.php?u=https:\/\/www.episodi.fi\/uutiset\/viitataanko-uudessa-avatar-elokuvassa-terminatorin-skynettiin-ohjaaja-selitti-miten-homma-menee\/\" target=\"_blank\" class=\"block px-4 py-2 text-sm text-gray-800 border-b hover:bg-gray-200\" rel=\"nofollow noopener\"><\/p>\n<p>\t\t\t\tFacebook<br \/>\n\t\t\t<\/a><br \/>\n\t\t\t<a href=\"https:\/\/twitter.com\/intent\/tweet?text=https:\/\/www.episodi.fi\/uutiset\/viitataanko-uudessa-avatar-elokuvassa-terminatorin-skynettiin-ohjaaja-selitti-miten-homma-menee\/\" target=\"_blank\" class=\"block px-4 py-2 text-sm text-gray-800 border-b hover:bg-gray-200\" rel=\"nofollow noopener\"><\/p>\n<p>\t\t\t\tTwitter<br \/>\n\t\t\t<\/a><br \/>\n\t\t\t<a href=\"mailto:?subject=Viitataanko uudessa Avatar-elokuvassa Terminatorin Skynettiin? \u2013 Ohjaaja selitti miten homma menee&amp;body=https:\/\/www.episodi.fi\/uutiset\/viitataanko-uudessa-avatar-elokuvassa-terminatorin-skynettiin-ohjaaja-selitti-miten-homma-menee\/\" target=\"_blank\" class=\"block px-4 py-2 text-sm text-gray-800 border-b hover:bg-gray-200\"><\/p>\n<p>\t\t\t\tS\u00e4hk\u00f6posti<\/a><\/p>\n<p>\t\t\t\t<script async src=\"https:\/\/platform.twitter.com\/widgets.js\" charset=\"utf-8\"><\/script><\/p>\n","protected":false},"excerpt":{"rendered":"Ohjaaja James Cameron on viime viikkoina aktivoitunut kommentoimaan yht\u00e4 jos toistakin Avatar: Fire and Ash -elokuvaan liityv\u00e4\u00e4. Eik\u00e4&hellip;\n","protected":false},"author":2,"featured_media":121528,"comment_status":"","ping_status":"","sticky":false,"template":"","format":"standard","meta":{"footnotes":""},"categories":[131],"tags":[1093,155,137,33,173,31,30,172,32,109],"class_list":{"0":"post-121527","1":"post","2":"type-post","3":"status-publish","4":"format-standard","5":"has-post-thumbnail","7":"category-elokuvat","8":"tag-avatar-fire-and-ash","9":"tag-elokuvat","10":"tag-entertainment","11":"tag-fi","12":"tag-film","13":"tag-finland","14":"tag-finnish","15":"tag-movies","16":"tag-suomi","17":"tag-viihde"},"share_on_mastodon":{"url":"https:\/\/pubeurope.com\/@fi\/115752334915278189","error":""},"_links":{"self":[{"href":"https:\/\/www.europesays.com\/fi\/wp-json\/wp\/v2\/posts\/121527","targetHints":{"allow":["GET"]}}],"collection":[{"href":"https:\/\/www.europesays.com\/fi\/wp-json\/wp\/v2\/posts"}],"about":[{"href":"https:\/\/www.europesays.com\/fi\/wp-json\/wp\/v2\/types\/post"}],"author":[{"embeddable":true,"href":"https:\/\/www.europesays.com\/fi\/wp-json\/wp\/v2\/users\/2"}],"replies":[{"embeddable":true,"href":"https:\/\/www.europesays.com\/fi\/wp-json\/wp\/v2\/comments?post=121527"}],"version-history":[{"count":0,"href":"https:\/\/www.europesays.com\/fi\/wp-json\/wp\/v2\/posts\/121527\/revisions"}],"wp:featuredmedia":[{"embeddable":true,"href":"https:\/\/www.europesays.com\/fi\/wp-json\/wp\/v2\/media\/121528"}],"wp:attachment":[{"href":"https:\/\/www.europesays.com\/fi\/wp-json\/wp\/v2\/media?parent=121527"}],"wp:term":[{"taxonomy":"category","embeddable":true,"href":"https:\/\/www.europesays.com\/fi\/wp-json\/wp\/v2\/categories?post=121527"},{"taxonomy":"post_tag","embeddable":true,"href":"https:\/\/www.europesays.com\/fi\/wp-json\/wp\/v2\/tags?post=121527"}],"curies":[{"name":"wp","href":"https:\/\/api.w.org\/{rel}","templated":true}]}}