{"id":121531,"date":"2025-12-20T14:22:22","date_gmt":"2025-12-20T14:22:22","guid":{"rendered":"https:\/\/www.europesays.com\/fi\/121531\/"},"modified":"2025-12-20T14:22:22","modified_gmt":"2025-12-20T14:22:22","slug":"leffatahti-tyrone-power-koki-isansa-kohtalon-ja-kuoli-kesken-kuvausten","status":"publish","type":"post","link":"https:\/\/www.europesays.com\/fi\/121531\/","title":{"rendered":"Leffat\u00e4hti Tyrone Power koki is\u00e4ns\u00e4 kohtalon ja kuoli kesken kuvausten"},"content":{"rendered":"<p>\n            Jesse James, suuri seikkailija, 1939, Tyrone Power, Nancy Kelly.<br \/>\n            20th Century Fox\/YLE\n        <\/p>\n<p class=\"subtitle \">Jesse James -n\u00e4yttelij\u00e4 tunnettiin Hollywoodin naistenmiehen\u00e4.<\/p>\n<p class=\"article-content article-content-width !bg-background\">Yle Teemalla Kino Klassikon lauantain 20. joulukuuta elokuva on romantisoitu l\u00e4nnenelokuva Jesse James, suuri seikkailija (1939).<\/p>\n<p class=\"font-weight-bold m-font-weight-bold article-content article-content-width !bg-background\">Videolla Seela Sella ja Sanna-Kaisa Palo kertovat ajatuksiaan ohjaaja Pamela Tolasta.\u00a0<\/p>\n<p class=\"article-content article-content-width !bg-background\">Se kertoo kuuluisista veljeksist\u00e4  ja , jotka ryhtyv\u00e4t lainsuojattomiksi kostaakseen rautatieyhti\u00f6lle maatilansa menetyksen.<\/p>\n<p class=\"article-content article-content-width !bg-background\">Tosiel\u00e4m\u00e4n veljekset Jesse ja Frank eliv\u00e4t 1800-luvun Yhdysvalloissa ja muodostivat rikollisjengin, joka ry\u00f6sti pankkeja, junia ja postivaunuja.<\/p>\n<p>                <img decoding=\"async\" src=\"https:\/\/www.europesays.com\/fi\/wp-content\/uploads\/2025\/12\/2027016.webp\" width=\"576\" height=\"380\" alt=\"Jesse James, suuri seikkailija -elokuvan t\u00e4htikaksikko Henry Fonda ja Tyrone Power.\" loading=\"lazy\" \/>            <\/p>\n<p>\n            Jesse James, suuri seikkailija -elokuvan t\u00e4htikaksikko Henry Fonda ja Tyrone Power.<br \/>\n            20th Century Fox\/YLE\n        <\/p>\n<p class=\"article-content article-content-width !bg-background\"> ohjaaman elokuvan t\u00e4hti\u00e4 ovat n\u00e4yttelij\u00e4t  , ,  ja .<\/p>\n<p>Is\u00e4 kuoli poikansa syliin<\/p>\n<p class=\"article-content article-content-width !bg-background\">Tyrone Powerin is\u00e4 oli teatteri- ja elokuvan\u00e4yttelij\u00e4 , joka oli muuttanut Isosta-Britanniasta Yhdysvaltoihin teini-i\u00e4ss\u00e4.<\/p>\n<p>        <a itemprop=\"url\" href=\"https:\/\/www.seiska.fi\/katso\/leffalegenda-barbara-stanwyck-karsi-rakkaudessa-katkaisi-valit-poikaansa\/1865201\" rel=\"nofollow noopener\" target=\"_blank\"><\/p>\n<p>\nLeffalegenda\n<\/p>\n<p class=\"section-date\">\n        <strong class=\"article-section\" data-section=\"katso\"><br \/>\n            katso<br \/>\n        <\/strong><br \/>\n        13.7. 14:15\n    <\/p>\n<p>Leffalegenda Barbara Stanwyck k\u00e4rsi rakkaudessa \u2013 katkaisi v\u00e4lit poikaansa\n    <\/p>\n<p itemprop=\"description\" class=\"subtitle \">\n    Traagisen lapsuuden el\u00e4neen n\u00e4yttelij\u00e4n viimeisest\u00e4 roolista Colbyt-sarjassa tulee kuluneeksi 40 vuotta.\n<\/p>\n<p>        <\/a><\/p>\n<p class=\"article-content article-content-width !bg-background\">Is\u00e4\u00e4 ja poikaa ei yhdist\u00e4nyt ainoastaan ammatti vaan my\u00f6s surullinen kohtalo: he molemmat kokivat \u00e4killisen kuoleman kesken ty\u00f6p\u00e4iv\u00e4ns\u00e4.<\/p>\n<p class=\"article-content article-content-width !bg-background\">Tyrone oli 17-vuotias, kun h\u00e4nen is\u00e4ns\u00e4 menehtyi teinipojan k\u00e4sivarsille The Miracle Man -elokuvan kuvauksissa vuonna 1931. Kuolinsyy oli syd\u00e4nkohtaus.<\/p>\n<p class=\"article-content article-content-width !bg-background\">Tyrone Power Seniorin purkitetut kohtaukset p\u00e4\u00e4tyiv\u00e4t roskikseen, ja n\u00e4yttelij\u00e4  \u00a0h\u00e4lytettiin paikalle n\u00e4yttelem\u00e4\u00e4n rooli.\u00a0<\/p>\n<p>Syd\u00e4n petti<\/p>\n<p class=\"article-content article-content-width !bg-background\">Syksyll\u00e4 1958 Tyrone matkusti raskaana olevan -vaimonsa kanssa Espanjaan kuvaamaan romanttista elokuvaa Salomo ja Saban kuningatar (1959), jossa kuningatarta n\u00e4ytteli italialaist\u00e4hti  .<\/p>\n<p>                <img decoding=\"async\" src=\"https:\/\/www.europesays.com\/fi\/wp-content\/uploads\/2025\/12\/2026944.webp\" width=\"576\" height=\"720\" alt=\"Tyrone Salomo ja Saban kuningatar -elokuvan kuvaustauolla vaimonsa kanssa.\" loading=\"lazy\" \/>            <\/p>\n<p>\n            Tyrone Salomo ja Saban kuningatar -elokuvan kuvaustauolla vaimonsa kanssa.<br \/>\n            All Over Press\n        <\/p>\n<p class=\"article-content article-content-width !bg-background\">15. marraskuuta Tyronen oli tarkoitus kuvata kaksintaistelukohtaus  kanssa Madridissa. Kuvaukset olivat tuolloin jo loppusuoralla, sill\u00e4 jo kaksi kolmasosaa elokuvasta oli ehditty purkittaa.<\/p>\n<p class=\"article-content article-content-width !bg-background\">Miekkailukohtaus jouduttiin uusimaan moneen kertaan, sill\u00e4 Tyrone ei ollut parhaimmillaan. H\u00e4n valitti kipua vasemmassa k\u00e4sivarressaan.<\/p>\n<p>                <img decoding=\"async\" src=\"https:\/\/www.europesays.com\/fi\/wp-content\/uploads\/2025\/12\/2026946.webp\" width=\"576\" height=\"716\" alt=\"Kaksintaistelukohtausta ei saatu valmiiksi, koska Tyrone (kuvassa vasemmalla) jouduttiin kuljettamaan sairaalaan. H\u00e4n oli kuollessaan 44-vuotias.\" loading=\"lazy\" \/>            <\/p>\n<p>\n            Kaksintaistelukohtausta ei saatu valmiiksi, koska Tyrone (kuvassa vasemmalla) jouduttiin kuljettamaan sairaalaan. H\u00e4n oli kuollessaan 44-vuotias.<br \/>\n            All Over Press\n        <\/p>\n<p class=\"article-content article-content-width !bg-background\">Lopulta Tyrone talutettiin pukuhuoneeseensa konjakille ja lep\u00e4\u00e4m\u00e4\u00e4n.<\/p>\n<p class=\"article-content article-content-width !bg-background\">\u2013\tVaikka h\u00e4n k\u00e4ytti meikki\u00e4, h\u00e4nen kasvonsa olivat sinert\u00e4v\u00e4t, mutta h\u00e4n tervehti minua hymyillen, vastan\u00e4yttelij\u00e4 George on muistellut yst\u00e4v\u00e4ns\u00e4 viimeisi\u00e4 hetki\u00e4.<\/p>\n<p>        <a itemprop=\"url\" href=\"https:\/\/www.seiska.fi\/katso\/angie-dickinsonin-suuri-suru-puoliso-sulki-lapsen-sairaalaan\/1943244\" rel=\"nofollow noopener\" target=\"_blank\"><\/p>\n<p>\nAngie Dickinson\n<\/p>\n<p class=\"section-date\">\n        <strong class=\"article-section\" data-section=\"katso\"><br \/>\n            katso<br \/>\n        <\/strong><br \/>\n        27.9. 14:15\n    <\/p>\n<p>Angie Dickinsonin suuri suru &#8211; puoliso sulki lapsen sairaalaan\n    <\/p>\n<p itemprop=\"description\" class=\"subtitle \">\n    Rio Bravo -n\u00e4yttelij\u00e4n rakastajia ovat olleet niin presidentti kuin leffat\u00e4hdet.\n<\/p>\n<p>        <\/a><\/p>\n<p class=\"article-content article-content-width !bg-background\">Tyrone kuoli pian matkalla kuvauspaikalta sairaalaan.<\/p>\n<p class=\"article-content article-content-width !bg-background\">L\u00e4\u00e4k\u00e4ri totesi kuolinsyyksi syd\u00e4ninfarktin. Tyronella oli tiett\u00e4v\u00e4sti perinn\u00f6llinen syd\u00e4nsairaus. Lis\u00e4ksi h\u00e4n oli ketjupolttaja, jolta kului kolmesta nelj\u00e4\u00e4n askia savukkeita p\u00e4iv\u00e4ss\u00e4.<\/p>\n<p>Haaveena poikalapsi<\/p>\n<p class=\"article-content article-content-width !bg-background\">Tyronen \u00e4killisen menehtymisen teki entist\u00e4 traagisemmaksi h\u00e4nen vaimonsa raskaus.<\/p>\n<p class=\"article-content article-content-width !bg-background\">N\u00e4yttelij\u00e4 oli vuosia haaveillut poikalapsesta, jonka h\u00e4n toivoi seuraavan isois\u00e4ns\u00e4 ja is\u00e4ns\u00e4 jalanj\u00e4ljiss\u00e4 n\u00e4yttelij\u00e4n\u00e4.<\/p>\n<p class=\"article-content article-content-width !bg-background\">Vilkkaasta rakkausel\u00e4m\u00e4st\u00e4\u00e4n tunnetun Tyronen ensimm\u00e4inen avioliitto ranskalaisn\u00e4yttelij\u00e4  kanssa p\u00e4\u00e4ttyi lapsettomana eroon.<\/p>\n<p>                <img decoding=\"async\" src=\"https:\/\/www.europesays.com\/fi\/wp-content\/uploads\/2025\/12\/2026999.webp\" width=\"576\" height=\"586\" alt=\"Tyrone ja toinen vaimonsa Linda Christian vuonna 1956.\" loading=\"lazy\" \/>            <\/p>\n<p>\n            Tyrone ja toinen vaimonsa Linda Christian vuonna 1956.<br \/>\n            Evening News\/All Over Press\n        <\/p>\n<p class=\"article-content article-content-width !bg-background\">H\u00e4nen toinen vaimonsa oli meksikolainen n\u00e4yttelij\u00e4 . Kolmen keskenmenon j\u00e4lkeen pariskunta sai -tytt\u00e4ren. Parin seuraava lapsikin oli tytt\u00f6 ja sai nimekseen .<\/p>\n<p class=\"article-content article-content-width !bg-background\">Toisen lapsen syntym\u00e4n j\u00e4lkeen avioliitto ajautui ongelmiin. Tyrone aloitti suhteen Bond-tytt\u00f6  kanssa, eik\u00e4 Lindakaan omistautunut ainoastaan omalle miehelleen.<\/p>\n<p class=\"article-content article-content-width !bg-background\">Avioeron j\u00e4lkeen Tyrone eli pitk\u00e4\u00e4n susiparina ruotsalaisen n\u00e4yttelij\u00e4-ohjaaja  kanssa, mutta ei halunnut naimisiin, koska oli joutunut maksamaan itsens\u00e4 kipe\u00e4ksi kahdesta aiemmasta erostaan.<\/p>\n<p>                <img decoding=\"async\" src=\"https:\/\/www.europesays.com\/fi\/wp-content\/uploads\/2025\/12\/2027006.webp\" width=\"576\" height=\"274\" alt=\"Tyrone Powerin poika Tyrone Power Junior syntyi is\u00e4ns\u00e4 kuoleman j\u00e4lkeen. H\u00e4net on n\u00e4hty muun muassa elokuvassa Cocoon: Nuoruudenl\u00e4hde sek\u00e4 tv-sarjoissa Kauniit ja rohkeat sek\u00e4 Terveydeksi.\" loading=\"lazy\" \/>            <\/p>\n<p>\n            Tyrone Powerin poika Tyrone Power Junior syntyi is\u00e4ns\u00e4 kuoleman j\u00e4lkeen. H\u00e4net on n\u00e4hty muun muassa elokuvassa Cocoon: Nuoruudenl\u00e4hde sek\u00e4 tv-sarjoissa Kauniit ja rohkeat sek\u00e4 Terveydeksi.<br \/>\n            All Over Press\n        <\/p>\n<p class=\"article-content article-content-width !bg-background\">Main ohessa h\u00e4n tapaili useita naisia, kuten Vogue-lehden toimittajaa ja brittin\u00e4yttelij\u00e4 , kunnes Tyronen el\u00e4m\u00e4\u00e4n astui h\u00e4nen kolmas vaimonsa Deborah.<\/p>\n<p class=\"article-content article-content-width !bg-background\">Pari kuukautta Tyronen kuoleman j\u00e4lkeen tammikuussa 1959 Deborah synnytti miehens\u00e4 kauan kaipaaman poikalapsen.   tuli n\u00e4yttelij\u00e4, kuten is\u00e4ns\u00e4 oli toivonut.<\/p>\n<p class=\"italic m-italic article-content article-content-width !bg-background\">Jesse James, suuri seikkailija n\u00e4hd\u00e4\u00e4n lauantaina 20. joulukuuta klo 21.00 Yle Teemalla.\u00a0\u00a0<\/p>\n<p>        <a itemprop=\"url\" href=\"https:\/\/www.seiska.fi\/katso\/clint-eastwoodin-rakastettu-koki-surullisen-kohtalon-loytyi-henkihieverissa\/1893900\" rel=\"nofollow noopener\" target=\"_blank\"><\/p>\n<p>\nL\u00e4nnenleffan t\u00e4hti\n<\/p>\n<p class=\"section-date\">\n        <strong class=\"article-section\" data-section=\"katso\"><br \/>\n            katso<br \/>\n        <\/strong><br \/>\n        9.8. 13:15\n    <\/p>\n<p>Clint Eastwoodin rakastettu koki surullisen kohtalon &#8211; l\u00f6ytyi henkihieveriss\u00e4\n    <\/p>\n<p itemprop=\"description\" class=\"subtitle \">\n    Hirtt\u00e4k\u00e4\u00e4 heid\u00e4t! -elokuvan t\u00e4hti oli Hollywoodin &#8221;kovan onnen tytt\u00f6&#8221;.\n<\/p>\n<p>        <\/a><\/p>\n","protected":false},"excerpt":{"rendered":"Jesse James, suuri seikkailija, 1939, Tyrone Power, Nancy Kelly. 20th Century Fox\/YLE Jesse James -n\u00e4yttelij\u00e4 tunnettiin Hollywoodin naistenmiehen\u00e4.&hellip;\n","protected":false},"author":2,"featured_media":121532,"comment_status":"","ping_status":"","sticky":false,"template":"","format":"standard","meta":{"footnotes":""},"categories":[130],"tags":[21874,21873,2759,1075,21872,623,137,33,31,30,21855,21870,21869,21868,21860,21859,21857,683,4866,21856,21875,21871,1342,21861,2443,2079,21862,32,21858,169,21863,21864,8989,21865,21866,21867,8850,109],"class_list":{"0":"post-121531","1":"post","2":"type-post","3":"status-publish","4":"format-standard","5":"has-post-thumbnail","7":"category-viihde","8":"tag-anita-ekberg","9":"tag-annabella","10":"tag-avioero","11":"tag-avioliitto","12":"tag-deborah-power","13":"tag-elokuva","14":"tag-entertainment","15":"tag-fi","16":"tag-finland","17":"tag-finnish","18":"tag-frank-james","19":"tag-george-sanders","20":"tag-gina-lollobrigida","21":"tag-henry-fonda","22":"tag-henry-king","23":"tag-hobart-bosworth","24":"tag-jesse-james","25":"tag-kuolema","26":"tag-kuvaukset","27":"tag-linda-christian","28":"tag-mai-zetterling","29":"tag-nancy-kelly","30":"tag-nayttelija","31":"tag-randolph-scott","32":"tag-raskaus","33":"tag-romanssi","34":"tag-romina-power","35":"tag-suomi","36":"tag-suuri-seikkailija","37":"tag-sydankohtaus","38":"tag-taryn-power","39":"tag-thelma-ruby","40":"tag-tragedia","41":"tag-tyrone-power","42":"tag-tyrone-power-jr","43":"tag-tyrone-power-sr","44":"tag-uskottomuus","45":"tag-viihde"},"share_on_mastodon":{"url":"","error":"Validation failed: Text character limit of 500 exceeded"},"_links":{"self":[{"href":"https:\/\/www.europesays.com\/fi\/wp-json\/wp\/v2\/posts\/121531","targetHints":{"allow":["GET"]}}],"collection":[{"href":"https:\/\/www.europesays.com\/fi\/wp-json\/wp\/v2\/posts"}],"about":[{"href":"https:\/\/www.europesays.com\/fi\/wp-json\/wp\/v2\/types\/post"}],"author":[{"embeddable":true,"href":"https:\/\/www.europesays.com\/fi\/wp-json\/wp\/v2\/users\/2"}],"replies":[{"embeddable":true,"href":"https:\/\/www.europesays.com\/fi\/wp-json\/wp\/v2\/comments?post=121531"}],"version-history":[{"count":0,"href":"https:\/\/www.europesays.com\/fi\/wp-json\/wp\/v2\/posts\/121531\/revisions"}],"wp:featuredmedia":[{"embeddable":true,"href":"https:\/\/www.europesays.com\/fi\/wp-json\/wp\/v2\/media\/121532"}],"wp:attachment":[{"href":"https:\/\/www.europesays.com\/fi\/wp-json\/wp\/v2\/media?parent=121531"}],"wp:term":[{"taxonomy":"category","embeddable":true,"href":"https:\/\/www.europesays.com\/fi\/wp-json\/wp\/v2\/categories?post=121531"},{"taxonomy":"post_tag","embeddable":true,"href":"https:\/\/www.europesays.com\/fi\/wp-json\/wp\/v2\/tags?post=121531"}],"curies":[{"name":"wp","href":"https:\/\/api.w.org\/{rel}","templated":true}]}}